{"id":111591,"date":"2022-10-01T11:33:31","date_gmt":"2022-10-01T16:33:31","guid":{"rendered":"https:\/\/www.medellin.gov.co\/es\/?p=111591"},"modified":"2022-10-01T11:33:31","modified_gmt":"2022-10-01T16:33:31","slug":"150-adolescentes-de-la-pola-y-la-acogida-se-beneficiaron-con-actividades-artisticas-y-deportivas","status":"publish","type":"post","link":"https:\/\/www.medellin.gov.co\/es\/sala-de-prensa\/noticias\/150-adolescentes-de-la-pola-y-la-acogida-se-beneficiaron-con-actividades-artisticas-y-deportivas\/","title":{"rendered":"150 adolescentes de La Pola y La Acogida se beneficiaron con actividades art\u00edsticas y deportivas"},"content":{"rendered":"<ul>\n<li>Las estrategias M\u00fasica y F\u00fatbol por la Vida, lideradas por el despacho de la Gestora Social y la Secretar\u00eda de No-Violencia, desarrollan habilidades para la vida y la educaci\u00f3n.<\/li>\n<li>Es el primer Torneo de F\u00fatbol por la Vida y por la Paz que se realiza en los centros de internamiento para adolescentes.<\/li>\n<\/ul>\n<!--[if lt IE 9]><script>document.createElement('audio');<\/script><![endif]-->\n\t<div class=\"wp-playlist wp-audio-playlist wp-playlist-light\">\n\t\t\t<div class=\"wp-playlist-current-item\"><\/div>\n\t\t<audio controls=\"controls\" preload=\"none\" width=\"640\"\n\t\t\t><\/audio>\n\t<div class=\"wp-playlist-next\"><\/div>\n\t<div class=\"wp-playlist-prev\"><\/div>\n\t<noscript>\n\t<ol>\n\t\t<li><a href='https:\/\/www.medellin.gov.co\/es\/wp-content\/uploads\/2022\/10\/actividades-artisticas.mp3'>Palabras de Luis Eduardo Giraldo, secretario de la No-Violencia.<\/a><\/li>\t<\/ol>\n\t<\/noscript>\n\t<script type=\"application\/json\" class=\"wp-playlist-script\">{\"type\":\"audio\",\"tracklist\":true,\"tracknumbers\":true,\"images\":true,\"artists\":true,\"tracks\":[{\"src\":\"https:\\\/\\\/www.medellin.gov.co\\\/es\\\/wp-content\\\/uploads\\\/2022\\\/10\\\/actividades-artisticas.mp3\",\"type\":\"audio\\\/mpeg\",\"title\":\"Palabras de Luis Eduardo Giraldo, secretario de la No-Violencia.\",\"caption\":\"\",\"description\":\"Palabras de Luis Eduardo Giraldo, secretario de la No-Violencia.\",\"meta\":{\"year\":\"2022\",\"length_formatted\":\"0:29\"},\"image\":{\"src\":\"https:\\\/\\\/www.medellin.gov.co\\\/es\\\/wp-includes\\\/images\\\/media\\\/audio.png\",\"width\":48,\"height\":64},\"thumb\":{\"src\":\"https:\\\/\\\/www.medellin.gov.co\\\/es\\\/wp-includes\\\/images\\\/media\\\/audio.png\",\"width\":48,\"height\":64}}]}<\/script>\n<\/div>\n\t\n<p>150 j\u00f3venes de los centros de internamiento preventivo Carlos Lleras Restrepo y La Acogida recibieron una programaci\u00f3n art\u00edstica, cultural y deportiva con las estrategias <em>M\u00fasica y F\u00fatbol por la Vida<\/em>, que ofrecen herramientas a los adolescentes del Sistema de Responsabilidad Penal para transformar sus conductas de riesgo y estimular habilidades para la sana convivencia y para reconocer el da\u00f1o causado.<\/p>\n<p><em>\u201cLa intenci\u00f3n de incluir los enfoques de No-Violencia y justicia restaurativa implica la creaci\u00f3n de nuevas estrategias para atender y trabajar con nuestros grupos poblacionales. Hemos querido incluir el arte, la cultura y el deporte como estrategias fundamentales para las segundas oportunidades y para la transformaci\u00f3n de la vida de los adolescentes que hacen parte del sistema\u201d<\/em>, dijo el secretario de la No-Violencia, Luis Eduardo Giraldo.<\/p>\n<p>La iniciativa, liderada por el Despacho de la Gestora Social y la Secretar\u00eda de la No-Violencia, comprendi\u00f3 dos d\u00edas de arte y deporte, que incluyeron un torneo de f\u00fatbol entre adolescentes del sistema penal, funcionarios de la Secretar\u00eda y educadores de La Acogida para fortalecer la sana convivencia y el juego limpio.<\/p>\n<p>El torneo fue disputado en ocho partidos de eliminaci\u00f3n directa con participaci\u00f3n de 57 jugadores, divididos en ocho grupos, que se nombraron como: Respeto, Solidaridad, Unidad y Confianza, entre otros valores identificados por los participantes como habilidades que deben reforzar para cambiar sus vidas. Al final de la jornada, el equipo victorioso fue Respeto, con dos goles a favor.<\/p>\n<div id=\"attachment_111600\" style=\"width: 1210px\" class=\"wp-caption alignnone\"><a href=\"https:\/\/www.medellin.gov.co\/es\/wp-content\/uploads\/2022\/10\/actividades-artisticas-2.jpg\" target=\"_blank\" rel=\"noopener\"><img aria-describedby=\"caption-attachment-111600\" loading=\"lazy\" class=\"wp-image-111600 size-full\" title=\"Actividades art\u00edsticas y deportivas\" src=\"https:\/\/www.medellin.gov.co\/es\/wp-content\/uploads\/2022\/10\/actividades-artisticas-2.jpg\" alt=\"Actividades art\u00edsticas y deportivas\" width=\"1200\" height=\"773\" srcset=\"https:\/\/www.medellin.gov.co\/es\/wp-content\/uploads\/2022\/10\/actividades-artisticas-2.jpg 1200w, https:\/\/www.medellin.gov.co\/es\/wp-content\/uploads\/2022\/10\/actividades-artisticas-2-300x193.jpg 300w, https:\/\/www.medellin.gov.co\/es\/wp-content\/uploads\/2022\/10\/actividades-artisticas-2-1024x660.jpg 1024w, https:\/\/www.medellin.gov.co\/es\/wp-content\/uploads\/2022\/10\/actividades-artisticas-2-150x97.jpg 150w, https:\/\/www.medellin.gov.co\/es\/wp-content\/uploads\/2022\/10\/actividades-artisticas-2-768x495.jpg 768w\" sizes=\"(max-width: 1200px) 100vw, 1200px\" \/><\/a><p id=\"caption-attachment-111600\" class=\"wp-caption-text\">Actividades art\u00edsticas y deportivas &#8211; Foto: Alcald\u00eda de Medell\u00edn<\/p><\/div>\n<p>Adicionalmente, se realizaron presentaciones de m\u00fasica urbana, a cargo de los artistas Rubinsky Rbk y Chris Mu\u00f1oz, quienes promovieron la reflexi\u00f3n alrededor de la fe y las segundas oportunidades.<\/p>\n<p>Desde hace dos a\u00f1os, la Administraci\u00f3n Distrital desarrolla planes orientados al deporte con reincorporados, v\u00edctimas y reintegrados. Este es el primer torneo de <em>F\u00fatbol por la Vida y por la Paz<\/em> con los j\u00f3venes del Sistema Penal Adolescente. Adem\u00e1s, <em>M\u00fasica por la Vida<\/em> se ha posicionado en los centros de internamiento preventivo, desde el Despacho de la Gestora Social, y ha permitido proyecciones de pel\u00edculas, documentales y formaci\u00f3n alrededor del cine y el teatro.<\/p>\n<p><em>\u201cPienso que el arte tiene esa herramienta para transformar y convidar, generar esos procesos de paz, de resocializaci\u00f3n, de resignificaci\u00f3n y de resiliencia desde la palabra. Y en este momento, desde el f\u00fatbol como el deporte que nos invita a encontrarnos desde la paz\u201d<\/em>, consider\u00f3 \u201cEl Parcero del Popular # 8\u201d, R\u00f3binson Posada.<\/p>\n<p>Adem\u00e1s de estos encuentros, desde el Distrito se adelantan acciones que son motor de cambio y de resiliencia en los j\u00f3venes de estos centros con brigadas de salud, planificaci\u00f3n familiar, jornadas de salud menstrual, yogat\u00f3n, Escuelas de la No-Violencia, programa \u00abParceros\u00bb, artes marciales, capacitaci\u00f3n en cuarta revoluci\u00f3n y talleres de artes y oficios.<\/p>\n","protected":false},"excerpt":{"rendered":"<p>Las estrategias M\u00fasica y F\u00fatbol por la Vida, lideradas por el despacho de la Gestora Social y la Secretar\u00eda de No-Violencia, desarrollan habilidades para la vida y la educaci\u00f3n. Es el primer Torneo de F\u00fatbol &#8230;<\/p>\n","protected":false},"author":4,"featured_media":111597,"comment_status":"open","ping_status":"open","sticky":false,"template":"","format":"standard","meta":[],"categories":[20],"tags":[444,428],"formato_nota":[],"programas_tax":[],"acf":[],"_links":{"self":[{"href":"https:\/\/www.medellin.gov.co\/es\/wp-json\/wp\/v2\/posts\/111591"}],"collection":[{"href":"https:\/\/www.medellin.gov.co\/es\/wp-json\/wp\/v2\/posts"}],"about":[{"href":"https:\/\/www.medellin.gov.co\/es\/wp-json\/wp\/v2\/types\/post"}],"author":[{"embeddable":true,"href":"https:\/\/www.medellin.gov.co\/es\/wp-json\/wp\/v2\/users\/4"}],"replies":[{"embeddable":true,"href":"https:\/\/www.medellin.gov.co\/es\/wp-json\/wp\/v2\/comments?post=111591"}],"version-history":[{"count":1,"href":"https:\/\/www.medellin.gov.co\/es\/wp-json\/wp\/v2\/posts\/111591\/revisions"}],"predecessor-version":[{"id":111601,"href":"https:\/\/www.medellin.gov.co\/es\/wp-json\/wp\/v2\/posts\/111591\/revisions\/111601"}],"wp:featuredmedia":[{"embeddable":true,"href":"https:\/\/www.medellin.gov.co\/es\/wp-json\/wp\/v2\/media\/111597"}],"wp:attachment":[{"href":"https:\/\/www.medellin.gov.co\/es\/wp-json\/wp\/v2\/media?parent=111591"}],"wp:term":[{"taxonomy":"category","embeddable":true,"href":"https:\/\/www.medellin.gov.co\/es\/wp-json\/wp\/v2\/categories?post=111591"},{"taxonomy":"post_tag","embeddable":true,"href":"https:\/\/www.medellin.gov.co\/es\/wp-json\/wp\/v2\/tags?post=111591"},{"taxonomy":"formato_nota","embeddable":true,"href":"https:\/\/www.medellin.gov.co\/es\/wp-json\/wp\/v2\/formato_nota?post=111591"},{"taxonomy":"programas_tax","embeddable":true,"href":"https:\/\/www.medellin.gov.co\/es\/wp-json\/wp\/v2\/programas_tax?post=111591"}],"curies":[{"name":"wp","href":"https:\/\/api.w.org\/{rel}","templated":true}]}}