{"id":116486,"date":"2022-10-09T20:11:06","date_gmt":"2022-10-10T01:11:06","guid":{"rendered":"https:\/\/www.medellin.gov.co\/es\/?p=116486"},"modified":"2022-10-11T13:50:59","modified_gmt":"2022-10-11T18:50:59","slug":"138-personas-con-discapacidad-se-beneficiaran-con-formacion-a-docentes-de-la-red-de-escuelas-de-musica-de-medellin","status":"publish","type":"post","link":"https:\/\/www.medellin.gov.co\/es\/sala-de-prensa\/noticias\/138-personas-con-discapacidad-se-beneficiaran-con-formacion-a-docentes-de-la-red-de-escuelas-de-musica-de-medellin\/","title":{"rendered":"138 personas con discapacidad se beneficiar\u00e1n con formaci\u00f3n a docentes de la Red de Escuelas de M\u00fasica de Medell\u00edn"},"content":{"rendered":"<ul>\n<li>Se capacitar\u00e1n ocho docentes de la estrategia de Neurodiversidad, que se enfoca en los neurodesarrollos de los seres humanos.<\/li>\n<li>Con talleres dictados por profesionales en el tema de discapacidad, se capacitar\u00e1 sobre transformaci\u00f3n de imaginarios e inclusi\u00f3n.<\/li>\n<li>Los docentes tambi\u00e9n recibir\u00e1n curso b\u00e1sico de Lengua de Se\u00f1as Colombiana.<\/li>\n<\/ul>\n<!--[if lt IE 9]><script>document.createElement('audio');<\/script><![endif]-->\n\t<div class=\"wp-playlist wp-audio-playlist wp-playlist-light\">\n\t\t\t<div class=\"wp-playlist-current-item\"><\/div>\n\t\t<audio controls=\"controls\" preload=\"none\" width=\"640\"\n\t\t\t><\/audio>\n\t<div class=\"wp-playlist-next\"><\/div>\n\t<div class=\"wp-playlist-prev\"><\/div>\n\t<noscript>\n\t<ol>\n\t\t<li><a href='https:\/\/www.medellin.gov.co\/es\/wp-content\/uploads\/2022\/10\/capacitacion-discapacidad.mp3'>Palabras de Santiago Preciado, secretario de Inclusi\u00f3n Social, Familia y Derechos Humanos.<\/a><\/li>\t<\/ol>\n\t<\/noscript>\n\t<script type=\"application\/json\" class=\"wp-playlist-script\">{\"type\":\"audio\",\"tracklist\":true,\"tracknumbers\":true,\"images\":true,\"artists\":true,\"tracks\":[{\"src\":\"https:\\\/\\\/www.medellin.gov.co\\\/es\\\/wp-content\\\/uploads\\\/2022\\\/10\\\/capacitacion-discapacidad.mp3\",\"type\":\"audio\\\/mpeg\",\"title\":\"Palabras de Santiago Preciado, secretario de Inclusi\\u00f3n Social, Familia y Derechos Humanos.\",\"caption\":\"\",\"description\":\"Palabras de Santiago Preciado, secretario de Inclusi\\u00f3n Social, Familia y Derechos Humanos. \",\"meta\":{\"year\":\"2022\",\"length_formatted\":\"0:41\"},\"image\":{\"src\":\"https:\\\/\\\/www.medellin.gov.co\\\/es\\\/wp-includes\\\/images\\\/media\\\/audio.png\",\"width\":48,\"height\":64},\"thumb\":{\"src\":\"https:\\\/\\\/www.medellin.gov.co\\\/es\\\/wp-includes\\\/images\\\/media\\\/audio.png\",\"width\":48,\"height\":64}}]}<\/script>\n<\/div>\n\t\n<p>Mediante encuentros pedag\u00f3gicos presenciales, que se realizar\u00e1n en octubre, el equipo de Discapacidad de la Alcald\u00eda de Medell\u00edn capacita a ocho docentes de la Red de Escuelas de M\u00fasica de Medell\u00edn, pertenecientes a la estrategia de Neurodiversidad, la cual trabaja con los diferentes neurodesarrollos del ser humano y enriquece el desarrollo art\u00edstico y expresivo de 138 participantes con discapacidad.<\/p>\n<p>Los laboratorios de pedagog\u00edas inclusivas para la Neurodiversidad de la red son espacios de formaci\u00f3n y creaci\u00f3n, que tienen por objetivo enriquecer el desarrollo de ni\u00f1os, ni\u00f1as, adolescentes, j\u00f3venes y adultos con discapacidad y\/o trastornos, bajo la orientaci\u00f3n y acompa\u00f1amiento de artistas formadores y educadores especiales. Por tal motivo, se busca orientarlos en la ense\u00f1anza para fortalecer la atenci\u00f3n a esta poblaci\u00f3n.<\/p>\n<p><em>\u201cEn la construcci\u00f3n de la Medell\u00edn Futuro trabajamos todos los d\u00edas para incluir a la poblaci\u00f3n se\u00f1ante y a toda la poblaci\u00f3n con discapacidad de la ciudad, brind\u00e1ndoles nuevas oportunidades de aprendizaje y vinculaci\u00f3n al arte y a la m\u00fasica\u201d<\/em>, expres\u00f3 el secretario de Inclusi\u00f3n Social, Familia y Derechos Humanos, Santiago Preciado Gallego.<\/p>\n<div id=\"attachment_116494\" style=\"width: 1034px\" class=\"wp-caption alignnone\"><a href=\"https:\/\/www.medellin.gov.co\/es\/wp-content\/uploads\/2022\/10\/capacitacion-discapacidad-2.jpg\" target=\"_blank\" rel=\"noopener\"><img aria-describedby=\"caption-attachment-116494\" loading=\"lazy\" class=\"wp-image-116494 size-full\" title=\"Red de Escuelas de M\u00fasica\" src=\"https:\/\/www.medellin.gov.co\/es\/wp-content\/uploads\/2022\/10\/capacitacion-discapacidad-2.jpg\" alt=\"Red de Escuelas de M\u00fasica\" width=\"1024\" height=\"683\" srcset=\"https:\/\/www.medellin.gov.co\/es\/wp-content\/uploads\/2022\/10\/capacitacion-discapacidad-2.jpg 1024w, https:\/\/www.medellin.gov.co\/es\/wp-content\/uploads\/2022\/10\/capacitacion-discapacidad-2-300x200.jpg 300w, https:\/\/www.medellin.gov.co\/es\/wp-content\/uploads\/2022\/10\/capacitacion-discapacidad-2-150x100.jpg 150w, https:\/\/www.medellin.gov.co\/es\/wp-content\/uploads\/2022\/10\/capacitacion-discapacidad-2-768x512.jpg 768w\" sizes=\"(max-width: 1024px) 100vw, 1024px\" \/><\/a><p id=\"caption-attachment-116494\" class=\"wp-caption-text\">Red de Escuelas de M\u00fasica &#8211; Foto: Alcald\u00eda de Medell\u00edn<\/p><\/div>\n<p>En cada encuentro se generar\u00e1n espacios de reflexi\u00f3n en torno al concepto de discapacidad, con el fin de transformar imaginarios y fortalecer la inclusi\u00f3n. Asimismo, se trabajar\u00e1 respecto a las barreras y a los ajustes razonables que limitan la participaci\u00f3n e inclusi\u00f3n de las personas con discapacidad; se propiciar\u00e1n espacios de di\u00e1logo y conocimiento sobre el marco legal que cobija los derechos de estas personas, se les capacitar\u00e1 en las distintas rutas de acceso a derechos y se les ofrecer\u00e1 formaci\u00f3n b\u00e1sica en Lengua de Se\u00f1as Colombiana.<\/p>\n<p><em>\u201cEncontramos en el equipo de discapacidad un aliado muy importante que nos puede ense\u00f1ar y acompa\u00f1ar a crear esta estrategia de manera fuerte, de manera responsable y con el amor y la experticia que ambas entidades tenemos\u201d<\/em>, manifest\u00f3 la gestora de la Red de Escuelas de M\u00fasica, Diana Palacio.<\/p>\n<p>En este sentido, el cuerpo docente obtendr\u00e1 herramientas para trabajar con personas que presenten discapacidad cognitiva o intelectual. <em>\u201cEl aporte m\u00e1s grande de este proceso de participaci\u00f3n, de cualificaci\u00f3n, creo que es la perspectiva que nos proponen, m\u00e1s que una sensibilizaci\u00f3n es una toma de conciencia sobre la discapacidad, las personas con discapacidad y c\u00f3mo tenemos que proveerlas para que puedan desarrollarse y sentirse parte de una sociedad\u201d<\/em>, indic\u00f3 la artista formadora de la Red de Escuelas de M\u00fasica de Medell\u00edn, en la estrategia de Neurodiversidad, Margarita Granada Ruiz.<\/p>\n<p>Los talleres son dictados por profesionales de la Secretar\u00eda de Inclusi\u00f3n Social, Familia y Derechos Humanos, bajo una metodolog\u00eda participativa y de construcci\u00f3n colectiva. Ser\u00e1n tres sesiones, cada una con una duraci\u00f3n de cuatro horas presenciales en el parque biblioteca de Bel\u00e9n.<\/p>\n","protected":false},"excerpt":{"rendered":"<p>Se capacitar\u00e1n ocho docentes de la estrategia de Neurodiversidad, que se enfoca en los neurodesarrollos de los seres humanos. Con talleres dictados por profesionales en el tema de discapacidad, se capacitar\u00e1 sobre transformaci\u00f3n de imaginarios &#8230;<\/p>\n","protected":false},"author":4,"featured_media":116492,"comment_status":"open","ping_status":"open","sticky":false,"template":"","format":"standard","meta":[],"categories":[1],"tags":[451,431,455],"formato_nota":[],"programas_tax":[],"acf":[],"_links":{"self":[{"href":"https:\/\/www.medellin.gov.co\/es\/wp-json\/wp\/v2\/posts\/116486"}],"collection":[{"href":"https:\/\/www.medellin.gov.co\/es\/wp-json\/wp\/v2\/posts"}],"about":[{"href":"https:\/\/www.medellin.gov.co\/es\/wp-json\/wp\/v2\/types\/post"}],"author":[{"embeddable":true,"href":"https:\/\/www.medellin.gov.co\/es\/wp-json\/wp\/v2\/users\/4"}],"replies":[{"embeddable":true,"href":"https:\/\/www.medellin.gov.co\/es\/wp-json\/wp\/v2\/comments?post=116486"}],"version-history":[{"count":2,"href":"https:\/\/www.medellin.gov.co\/es\/wp-json\/wp\/v2\/posts\/116486\/revisions"}],"predecessor-version":[{"id":117608,"href":"https:\/\/www.medellin.gov.co\/es\/wp-json\/wp\/v2\/posts\/116486\/revisions\/117608"}],"wp:featuredmedia":[{"embeddable":true,"href":"https:\/\/www.medellin.gov.co\/es\/wp-json\/wp\/v2\/media\/116492"}],"wp:attachment":[{"href":"https:\/\/www.medellin.gov.co\/es\/wp-json\/wp\/v2\/media?parent=116486"}],"wp:term":[{"taxonomy":"category","embeddable":true,"href":"https:\/\/www.medellin.gov.co\/es\/wp-json\/wp\/v2\/categories?post=116486"},{"taxonomy":"post_tag","embeddable":true,"href":"https:\/\/www.medellin.gov.co\/es\/wp-json\/wp\/v2\/tags?post=116486"},{"taxonomy":"formato_nota","embeddable":true,"href":"https:\/\/www.medellin.gov.co\/es\/wp-json\/wp\/v2\/formato_nota?post=116486"},{"taxonomy":"programas_tax","embeddable":true,"href":"https:\/\/www.medellin.gov.co\/es\/wp-json\/wp\/v2\/programas_tax?post=116486"}],"curies":[{"name":"wp","href":"https:\/\/api.w.org\/{rel}","templated":true}]}}