{"id":117024,"date":"2022-10-10T15:36:12","date_gmt":"2022-10-10T20:36:12","guid":{"rendered":"https:\/\/www.medellin.gov.co\/es\/?p=117024"},"modified":"2022-10-10T15:36:12","modified_gmt":"2022-10-10T20:36:12","slug":"la-alcaldia-de-medellin-y-los-comerciantes-construyeron-un-nuevo-modelo-de-gestion-para-las-plazas-de-mercado-de-la-ciudad","status":"publish","type":"post","link":"https:\/\/www.medellin.gov.co\/es\/sala-de-prensa\/noticias\/la-alcaldia-de-medellin-y-los-comerciantes-construyeron-un-nuevo-modelo-de-gestion-para-las-plazas-de-mercado-de-la-ciudad\/","title":{"rendered":"La Alcald\u00eda de Medell\u00edn y los comerciantes construyeron un nuevo modelo de gesti\u00f3n para las plazas de mercado de la ciudad"},"content":{"rendered":"<ul>\n<li>Hace m\u00e1s de 20 a\u00f1os no se actualizaba el modelo de gesti\u00f3n de las cuatro plazas de mercado: Minorista, de Fl\u00f3rez, Campo Vald\u00e9s y de La Am\u00e9rica.<\/li>\n<li>En la elaboraci\u00f3n del decreto participaron comerciantes, concejales y agremiaciones como la Asociaci\u00f3n Colombiana de las Micro, Peque\u00f1as y Medianas Empresas \u2013 ACOPI.<\/li>\n<li>Este modelo garantizar\u00e1 la estabilidad de los comerciantes con arraigo y sus n\u00facleos familiares y de m\u00e1s de 30.000 empleos.<\/li>\n<\/ul>\n<!--[if lt IE 9]><script>document.createElement('audio');<\/script><![endif]-->\n\t<div class=\"wp-playlist wp-audio-playlist wp-playlist-light\">\n\t\t\t<div class=\"wp-playlist-current-item\"><\/div>\n\t\t<audio controls=\"controls\" preload=\"none\" width=\"640\"\n\t\t\t><\/audio>\n\t<div class=\"wp-playlist-next\"><\/div>\n\t<div class=\"wp-playlist-prev\"><\/div>\n\t<noscript>\n\t<ol>\n\t\t<li><a href='https:\/\/www.medellin.gov.co\/es\/wp-content\/uploads\/2022\/10\/mercados-de-la-ciudad-01.mp3'>Palabras de Daniel Quintero Calle, alcalde de Medell\u00edn.<\/a><\/li><li><a href='https:\/\/www.medellin.gov.co\/es\/wp-content\/uploads\/2022\/10\/mercados-de-la-ciudad-02.mp3'>Palabras de Karen Delgado, secretaria de Suministros y Servicios.<\/a><\/li>\t<\/ol>\n\t<\/noscript>\n\t<script type=\"application\/json\" class=\"wp-playlist-script\">{\"type\":\"audio\",\"tracklist\":true,\"tracknumbers\":true,\"images\":true,\"artists\":true,\"tracks\":[{\"src\":\"https:\\\/\\\/www.medellin.gov.co\\\/es\\\/wp-content\\\/uploads\\\/2022\\\/10\\\/mercados-de-la-ciudad-01.mp3\",\"type\":\"audio\\\/mpeg\",\"title\":\"Palabras de Daniel Quintero Calle, alcalde de Medell\\u00edn.\",\"caption\":\"\",\"description\":\"Palabras de Daniel Quintero Calle, alcalde de Medell\\u00edn.\",\"meta\":{\"length_formatted\":\"0:24\"},\"image\":{\"src\":\"https:\\\/\\\/www.medellin.gov.co\\\/es\\\/wp-includes\\\/images\\\/media\\\/audio.png\",\"width\":48,\"height\":64},\"thumb\":{\"src\":\"https:\\\/\\\/www.medellin.gov.co\\\/es\\\/wp-includes\\\/images\\\/media\\\/audio.png\",\"width\":48,\"height\":64}},{\"src\":\"https:\\\/\\\/www.medellin.gov.co\\\/es\\\/wp-content\\\/uploads\\\/2022\\\/10\\\/mercados-de-la-ciudad-02.mp3\",\"type\":\"audio\\\/mpeg\",\"title\":\"Palabras de Karen Delgado, secretaria de Suministros y Servicios.\",\"caption\":\"\",\"description\":\"\\u00abCr\\u00f3nica 1\\u00bb.\",\"meta\":{\"length_formatted\":\"0:50\"},\"image\":{\"src\":\"https:\\\/\\\/www.medellin.gov.co\\\/es\\\/wp-includes\\\/images\\\/media\\\/audio.png\",\"width\":48,\"height\":64},\"thumb\":{\"src\":\"https:\\\/\\\/www.medellin.gov.co\\\/es\\\/wp-includes\\\/images\\\/media\\\/audio.png\",\"width\":48,\"height\":64}}]}<\/script>\n<\/div>\n\t\n<p>El alcalde Daniel Quintero firm\u00f3 el decreto que renueva el modelo de gesti\u00f3n de las plazas Minorista, de Fl\u00f3rez, Campo Vald\u00e9s y de La Am\u00e9rica. Este documento actualiza el que se ten\u00eda hace m\u00e1s de 20 a\u00f1os y potencia la oferta social, tur\u00edstica y gastron\u00f3mica en estos lugares.<\/p>\n<p><em>\u201cSe crea un modelo donde ganan los comerciantes, donde, adem\u00e1s, los recursos que salen de ah\u00ed se reinvierten en la plaza, le da estabilidad a todos los venteros para que no llegue nadie a sacarlos a las malas. Gana Medell\u00edn, ganan los comerciantes y se modernizan las plazas\u201d, <\/em>explic\u00f3 el mandatario<em>.<\/em><strong>\u00a0<\/strong><\/p>\n<p>Este nuevo modelo de gesti\u00f3n permitir\u00e1, entre otros beneficios, que las condiciones de administraci\u00f3n, operaci\u00f3n y conservaci\u00f3n de estos espacios se garanticen en el tiempo y que los vendedores que tienen arraigo contin\u00faen con sus negocios en los locales. En caso de que fallezca el titular, y previo cumplimiento de los requisitos establecidos en la ley y en el decreto, el local se asignar\u00e1 y se firmar\u00e1 contrato con un integrante del n\u00facleo familiar, lo que garantizar\u00e1 la\u00a0 estabilidad de los m\u00e1s de 30.000 empleos, entre directos e indirectos, que se generan en estas plazas.<em>\u00a0<\/em><\/p>\n<div id=\"attachment_117028\" style=\"width: 1034px\" class=\"wp-caption alignnone\"><a href=\"https:\/\/www.medellin.gov.co\/es\/wp-content\/uploads\/2022\/10\/mercados-de-la-ciudad-2.jpg\" target=\"_blank\" rel=\"noopener\"><img aria-describedby=\"caption-attachment-117028\" loading=\"lazy\" class=\"wp-image-117028 size-full\" title=\"Plazas de mercado de la ciudad\" src=\"https:\/\/www.medellin.gov.co\/es\/wp-content\/uploads\/2022\/10\/mercados-de-la-ciudad-2.jpg\" alt=\"Plazas de mercado de la ciudad\" width=\"1024\" height=\"741\" srcset=\"https:\/\/www.medellin.gov.co\/es\/wp-content\/uploads\/2022\/10\/mercados-de-la-ciudad-2.jpg 1024w, https:\/\/www.medellin.gov.co\/es\/wp-content\/uploads\/2022\/10\/mercados-de-la-ciudad-2-300x217.jpg 300w, https:\/\/www.medellin.gov.co\/es\/wp-content\/uploads\/2022\/10\/mercados-de-la-ciudad-2-150x109.jpg 150w, https:\/\/www.medellin.gov.co\/es\/wp-content\/uploads\/2022\/10\/mercados-de-la-ciudad-2-768x556.jpg 768w\" sizes=\"(max-width: 1024px) 100vw, 1024px\" \/><\/a><p id=\"caption-attachment-117028\" class=\"wp-caption-text\">Plazas de mercado de la ciudad &#8211; Foto: Alcald\u00eda de Medell\u00edn<\/p><\/div>\n<p><em>\u201cEstamos posicionando las plazas de mercado como verdaderos bienes de uso p\u00fablico, en donde tenemos la prestaci\u00f3n del servicio de abastecimiento de los alimentos de la ciudad. No son simples bienes que se concesionan y hemos hecho un trabajo muy importante, durante dos a\u00f1os, para construir este modelo que hoy le entregamos a la ciudad, donde ofreceremos beneficios como estabilidad y reconocimiento de ese arraigo\u201d<\/em>, destac\u00f3 la secretaria de Suministros y Servicios, Karen Delgado Manjarr\u00e9s.<strong>\u00a0<\/strong><\/p>\n<p>Este decreto tambi\u00e9n regula el manejo de la fauna para garantizar el cumplimiento de la normatividad sobre bienestar animal; estos escenarios deben contar con concepto sanitario positivo de la Secretar\u00eda de Salud, adem\u00e1s de un libro de registro, donde conste procedencia y destino de cada uno los animales. Tambi\u00e9n con un profesional en medicina veterinaria, con presencia permanente en el \u00e1rea de comercializaci\u00f3n.<\/p>\n<p>As\u00ed mismo, se debe acatar a cabalidad la gu\u00eda que construya el Distrito en conjunto con el \u00c1rea Metropolitana respecto de especies cuya comercializaci\u00f3n es permitida, cumpliendo con los criterios de verificaci\u00f3n de bienestar animal, los m\u00ednimos de espacio para la estad\u00eda de animales, aseo y desinfecci\u00f3n de instalaciones y la disposici\u00f3n final de residuos y\/o disposici\u00f3n de restos mortales.<\/p>\n<p><em>\u201c<\/em><em>Este modelo va a abrir una gran puerta para la modernizaci\u00f3n de las infraestructuras, vamos a tener instalaciones modernas, servicios de parqueaderos ampliados, tecnolog\u00eda, innovaci\u00f3n y seguridad ambiental; vamos a tener energ\u00edas renovables, paneles solares que van a alimentar la energ\u00eda de las plazas y tambi\u00e9n una gesti\u00f3n adecuada de los residuos\u201d<\/em>, afirm\u00f3 el gerente de Coomerca, Edison Palacios, cooperativa que administra la plaza Minorista Jos\u00e9 Mar\u00eda Villa.<\/p>\n<p>En la elaboraci\u00f3n del decreto participaron las actuales cooperativas concesionarias de las plazas de mercado representadas por sus gerentes y las organizaciones y agremiaciones del sector comercio como ACOPI (Asociaci\u00f3n Colombiana de las Micro, Peque\u00f1as y Medianas Empresas). El documento se public\u00f3 por m\u00e1s de 90 d\u00edas calendario en el sitio web de la Alcald\u00eda y se recibieron m\u00e1s de 145 observaciones de la ciudadan\u00eda, concejales y comerciantes, las cuales fueron incorporadas en el proyecto.<\/p>\n<p>Con este nuevo modelo de gesti\u00f3n, Medell\u00edn estar\u00e1 a la par de ciudades como Bogot\u00e1, Cali, Barranquilla e Ibagu\u00e9, que tienen modelos s\u00f3lidos para mantener las plazas de mercado como referentes de la historia de sus territorios, lugares de encuentro y la principal fuente econ\u00f3mica de miles de campesinos.<\/p>\n","protected":false},"excerpt":{"rendered":"<p>Hace m\u00e1s de 20 a\u00f1os no se actualizaba el modelo de gesti\u00f3n de las cuatro plazas de mercado: Minorista, de Fl\u00f3rez, Campo Vald\u00e9s y de La Am\u00e9rica. En la elaboraci\u00f3n del decreto participaron comerciantes, concejales &#8230;<\/p>\n","protected":false},"author":4,"featured_media":117025,"comment_status":"open","ping_status":"open","sticky":false,"template":"","format":"standard","meta":[],"categories":[22],"tags":[433,455],"formato_nota":[],"programas_tax":[],"acf":[],"_links":{"self":[{"href":"https:\/\/www.medellin.gov.co\/es\/wp-json\/wp\/v2\/posts\/117024"}],"collection":[{"href":"https:\/\/www.medellin.gov.co\/es\/wp-json\/wp\/v2\/posts"}],"about":[{"href":"https:\/\/www.medellin.gov.co\/es\/wp-json\/wp\/v2\/types\/post"}],"author":[{"embeddable":true,"href":"https:\/\/www.medellin.gov.co\/es\/wp-json\/wp\/v2\/users\/4"}],"replies":[{"embeddable":true,"href":"https:\/\/www.medellin.gov.co\/es\/wp-json\/wp\/v2\/comments?post=117024"}],"version-history":[{"count":1,"href":"https:\/\/www.medellin.gov.co\/es\/wp-json\/wp\/v2\/posts\/117024\/revisions"}],"predecessor-version":[{"id":117032,"href":"https:\/\/www.medellin.gov.co\/es\/wp-json\/wp\/v2\/posts\/117024\/revisions\/117032"}],"wp:featuredmedia":[{"embeddable":true,"href":"https:\/\/www.medellin.gov.co\/es\/wp-json\/wp\/v2\/media\/117025"}],"wp:attachment":[{"href":"https:\/\/www.medellin.gov.co\/es\/wp-json\/wp\/v2\/media?parent=117024"}],"wp:term":[{"taxonomy":"category","embeddable":true,"href":"https:\/\/www.medellin.gov.co\/es\/wp-json\/wp\/v2\/categories?post=117024"},{"taxonomy":"post_tag","embeddable":true,"href":"https:\/\/www.medellin.gov.co\/es\/wp-json\/wp\/v2\/tags?post=117024"},{"taxonomy":"formato_nota","embeddable":true,"href":"https:\/\/www.medellin.gov.co\/es\/wp-json\/wp\/v2\/formato_nota?post=117024"},{"taxonomy":"programas_tax","embeddable":true,"href":"https:\/\/www.medellin.gov.co\/es\/wp-json\/wp\/v2\/programas_tax?post=117024"}],"curies":[{"name":"wp","href":"https:\/\/api.w.org\/{rel}","templated":true}]}}