{"id":117033,"date":"2022-10-10T15:39:50","date_gmt":"2022-10-10T20:39:50","guid":{"rendered":"https:\/\/www.medellin.gov.co\/es\/?p=117033"},"modified":"2022-10-14T14:21:55","modified_gmt":"2022-10-14T19:21:55","slug":"atila-sera-la-encargada-de-la-demolicion-de-continental-towers","status":"publish","type":"post","link":"https:\/\/www.medellin.gov.co\/es\/sala-de-prensa\/noticias\/atila-sera-la-encargada-de-la-demolicion-de-continental-towers\/","title":{"rendered":"Atila ser\u00e1 la encargada de la demolici\u00f3n de Continental Towers"},"content":{"rendered":"<ul>\n<li>Esta empresa ha participado en las implosiones de Space y Bernavento en Medell\u00edn, adem\u00e1s de otras en el pa\u00eds.<\/li>\n<li>La Administraci\u00f3n Distrital avanza en los tr\u00e1mites administrativos y jur\u00eddicos mediante la declaratoria de calamidad p\u00fablica.<\/li>\n<\/ul>\n<!--[if lt IE 9]><script>document.createElement('audio');<\/script><![endif]-->\n\t<div class=\"wp-playlist wp-audio-playlist wp-playlist-light\">\n\t\t\t<div class=\"wp-playlist-current-item\"><\/div>\n\t\t<audio controls=\"controls\" preload=\"none\" width=\"640\"\n\t\t\t><\/audio>\n\t<div class=\"wp-playlist-next\"><\/div>\n\t<div class=\"wp-playlist-prev\"><\/div>\n\t<noscript>\n\t<ol>\n\t\t<li><a href='https:\/\/www.medellin.gov.co\/es\/wp-content\/uploads\/2022\/10\/continental-towers.mp3'>Palabras de Walter P\u00e9rez, subdirector de Conocimiento y Reducci\u00f3n del Riesgo de Desastres del Dagrd.<\/a><\/li>\t<\/ol>\n\t<\/noscript>\n\t<script type=\"application\/json\" class=\"wp-playlist-script\">{\"type\":\"audio\",\"tracklist\":true,\"tracknumbers\":true,\"images\":true,\"artists\":true,\"tracks\":[{\"src\":\"https:\\\/\\\/www.medellin.gov.co\\\/es\\\/wp-content\\\/uploads\\\/2022\\\/10\\\/continental-towers.mp3\",\"type\":\"audio\\\/mpeg\",\"title\":\"Palabras de Walter P\\u00e9rez, subdirector de Conocimiento y Reducci\\u00f3n del Riesgo de Desastres del Dagrd.\",\"caption\":\"\",\"description\":\"\\u00abcontinental-towers\\u00bb.\",\"meta\":{\"length_formatted\":\"1:33\"},\"image\":{\"src\":\"https:\\\/\\\/www.medellin.gov.co\\\/es\\\/wp-includes\\\/images\\\/media\\\/audio.png\",\"width\":48,\"height\":64},\"thumb\":{\"src\":\"https:\\\/\\\/www.medellin.gov.co\\\/es\\\/wp-includes\\\/images\\\/media\\\/audio.png\",\"width\":48,\"height\":64}}]}<\/script>\n<\/div>\n\t\n<p>Atila Implosi\u00f3n ser\u00e1 la empresa encargada de la <a href=\"https:\/\/www.medellin.gov.co\/es\/sala-de-prensa\/noticias\/en-la-tercera-semana-de-noviembre-se-realizara-la-demolicion-del-edificio-continental-towers\/\">demolici\u00f3n del edificio Continental Towers<\/a>. As\u00ed se defini\u00f3 desde el Departamento Administrativo de Gesgi\u00f3n del Riesgo de Desastres, teniendo en cuenta su experiencia en este tipo de casos. De esta manera, se le da soluci\u00f3n a una problem\u00e1tica que viene padeciendo la ciudad desde hace nueve a\u00f1os.<\/p>\n<p><em>\u201cLo que sigue ahora es coordinar las acciones siguientes con Atila, la realizaci\u00f3n de las actas de vecindad en conjunto con los residentes de la unidad Interclub, que es una inspecci\u00f3n t\u00e9cnica del estado actual de cada apartamento y permitirles sacar algunos elementos necesarios, con el acompa\u00f1amiento\u00a0 de equipo social, equipo t\u00e9cnico, Bomberos y profesionales de Atila\u201d,<\/em> expres\u00f3 Walter P\u00e9rez, subdirector de Conocimiento y Reducci\u00f3n del Riesgo de Desastres del Dagrd.<\/p>\n<p>Adicionalmente, el contratista realizar\u00e1, de manera simult\u00e1nea, el cronograma del derribamiento controlado con explosivos, plan de manejo de tr\u00e1nsito, plan de manejo ambiental, entre otras acciones.<\/p>\n<p>En el Consejo Distrital de Gesti\u00f3n del Riesgo pasado, donde se anunci\u00f3 la demolici\u00f3n de Continental Towers, se hizo gesti\u00f3n con el Ej\u00e9rcito Nacional, por intermedio del comandante de la IV Brigada, para agilizar los tr\u00e1mites para la utilizaci\u00f3n de los explosivos necesarios para este procedimiento.<\/p>\n<p><em>\u201cHa sido oportuna toda la informaci\u00f3n que hemos recibido desde la Alcald\u00eda y sus secretar\u00edas, hasta ahora agradecemos todos los cumplimientos en los tiempos como se han venido presentando y esperando que en esta nueva etapa de implosi\u00f3n del edificio esos tiempos tambi\u00e9n logren llegar a buen t\u00e9rmino y sin demoras o aplazamientos\u201d, <\/em>manifest\u00f3 Carlos Alberto Rueda, habitante de Interclub.<\/p>\n<p>Desde la Administraci\u00f3n Distrital se vienen adelantando los tr\u00e1mites administrativos y jur\u00eddicos necesarios para dar cumplimiento con los tiempos presentados. Por ejemplo, el viernes pasado, 7 de octubre, se hizo p\u00fablica la orden de demolici\u00f3n por parte del Dagrd, acto necesario para cuando se realice este procedimiento.<\/p>\n<p>Se contin\u00faa con el acompa\u00f1amiento en la zona con el Puesto de Comando permanente con Bomberos y equipo t\u00e9cnico. Adicionalmente, se brinda seguridad al per\u00edmetro de Continental Towers con las secretar\u00edas de Seguridad y Movilidad y la Polic\u00eda Nacional.<\/p>\n","protected":false},"excerpt":{"rendered":"<p>Esta empresa ha participado en las implosiones de Space y Bernavento en Medell\u00edn, adem\u00e1s de otras en el pa\u00eds. La Administraci\u00f3n Distrital avanza en los tr\u00e1mites administrativos y jur\u00eddicos mediante la declaratoria de calamidad p\u00fablica. &#8230;<\/p>\n","protected":false},"author":4,"featured_media":117036,"comment_status":"open","ping_status":"open","sticky":false,"template":"","format":"standard","meta":[],"categories":[30],"tags":[455],"formato_nota":[],"programas_tax":[],"acf":[],"_links":{"self":[{"href":"https:\/\/www.medellin.gov.co\/es\/wp-json\/wp\/v2\/posts\/117033"}],"collection":[{"href":"https:\/\/www.medellin.gov.co\/es\/wp-json\/wp\/v2\/posts"}],"about":[{"href":"https:\/\/www.medellin.gov.co\/es\/wp-json\/wp\/v2\/types\/post"}],"author":[{"embeddable":true,"href":"https:\/\/www.medellin.gov.co\/es\/wp-json\/wp\/v2\/users\/4"}],"replies":[{"embeddable":true,"href":"https:\/\/www.medellin.gov.co\/es\/wp-json\/wp\/v2\/comments?post=117033"}],"version-history":[{"count":2,"href":"https:\/\/www.medellin.gov.co\/es\/wp-json\/wp\/v2\/posts\/117033\/revisions"}],"predecessor-version":[{"id":119231,"href":"https:\/\/www.medellin.gov.co\/es\/wp-json\/wp\/v2\/posts\/117033\/revisions\/119231"}],"wp:featuredmedia":[{"embeddable":true,"href":"https:\/\/www.medellin.gov.co\/es\/wp-json\/wp\/v2\/media\/117036"}],"wp:attachment":[{"href":"https:\/\/www.medellin.gov.co\/es\/wp-json\/wp\/v2\/media?parent=117033"}],"wp:term":[{"taxonomy":"category","embeddable":true,"href":"https:\/\/www.medellin.gov.co\/es\/wp-json\/wp\/v2\/categories?post=117033"},{"taxonomy":"post_tag","embeddable":true,"href":"https:\/\/www.medellin.gov.co\/es\/wp-json\/wp\/v2\/tags?post=117033"},{"taxonomy":"formato_nota","embeddable":true,"href":"https:\/\/www.medellin.gov.co\/es\/wp-json\/wp\/v2\/formato_nota?post=117033"},{"taxonomy":"programas_tax","embeddable":true,"href":"https:\/\/www.medellin.gov.co\/es\/wp-json\/wp\/v2\/programas_tax?post=117033"}],"curies":[{"name":"wp","href":"https:\/\/api.w.org\/{rel}","templated":true}]}}