{"id":117152,"date":"2022-10-10T20:12:29","date_gmt":"2022-10-11T01:12:29","guid":{"rendered":"https:\/\/www.medellin.gov.co\/es\/?p=117152"},"modified":"2022-10-11T13:55:37","modified_gmt":"2022-10-11T18:55:37","slug":"con-19-vehiculos-mas-y-un-tercer-dia-de-recoleccion-emvarias-seguira-renovando-el-servicio-de-aseo-en-medellin","status":"publish","type":"post","link":"https:\/\/www.medellin.gov.co\/es\/sala-de-prensa\/noticias\/con-19-vehiculos-mas-y-un-tercer-dia-de-recoleccion-emvarias-seguira-renovando-el-servicio-de-aseo-en-medellin\/","title":{"rendered":"Con 19 veh\u00edculos m\u00e1s y un tercer d\u00eda de recolecci\u00f3n, Emvarias seguir\u00e1 renovando el servicio de aseo en Medell\u00edn"},"content":{"rendered":"<ul>\n<li>La ciudad cuenta con 42 de los 62 veh\u00edculos que hacen parte de la renovaci\u00f3n de los camiones recolectores para el servicio de aseo en el Distrito.<\/li>\n<li>Con los 42 veh\u00edculos que operan en la ciudad, se captan m\u00e1s de 1.000 toneladas de residuos diarios, lo que equivale al peso de unas cuatro estatuas de la libertad como la de Nueva York.<\/li>\n<li>A partir del pr\u00f3ximo a\u00f1o, los habitantes de Medell\u00edn gozar\u00e1n de una ruta adicional cada semana para la recolecci\u00f3n de basuras en sus barrios.<\/li>\n<\/ul>\n<!--[if lt IE 9]><script>document.createElement('audio');<\/script><![endif]-->\n\t<div class=\"wp-playlist wp-audio-playlist wp-playlist-light\">\n\t\t\t<div class=\"wp-playlist-current-item\"><\/div>\n\t\t<audio controls=\"controls\" preload=\"none\" width=\"640\"\n\t\t\t><\/audio>\n\t<div class=\"wp-playlist-next\"><\/div>\n\t<div class=\"wp-playlist-prev\"><\/div>\n\t<noscript>\n\t<ol>\n\t\t<li><a href='https:\/\/www.medellin.gov.co\/es\/wp-content\/uploads\/2022\/10\/emvarias-01.mp3'>Palabras de Daniel Quintero Calle, alcalde de Medell\u00edn.<\/a><\/li><li><a href='https:\/\/www.medellin.gov.co\/es\/wp-content\/uploads\/2022\/10\/emvarias-02.mp3'>Palabras de Jorge Carrillo, el gerente de EPM.<\/a><\/li><li><a href='https:\/\/www.medellin.gov.co\/es\/wp-content\/uploads\/2022\/10\/emvarias-03.mp3'>Palabras de Carlos Borja Jim\u00e9nez, gerente de Emvarias Grupo EPM.<\/a><\/li>\t<\/ol>\n\t<\/noscript>\n\t<script type=\"application\/json\" class=\"wp-playlist-script\">{\"type\":\"audio\",\"tracklist\":true,\"tracknumbers\":true,\"images\":true,\"artists\":true,\"tracks\":[{\"src\":\"https:\\\/\\\/www.medellin.gov.co\\\/es\\\/wp-content\\\/uploads\\\/2022\\\/10\\\/emvarias-01.mp3\",\"type\":\"audio\\\/mpeg\",\"title\":\"Palabras de Daniel Quintero Calle, alcalde de Medell\\u00edn.\",\"caption\":\"\",\"description\":\"Palabras de Daniel Quintero Calle, alcalde de Medell\\u00edn.\",\"meta\":{\"length_formatted\":\"3:14\"},\"image\":{\"src\":\"https:\\\/\\\/www.medellin.gov.co\\\/es\\\/wp-includes\\\/images\\\/media\\\/audio.png\",\"width\":48,\"height\":64},\"thumb\":{\"src\":\"https:\\\/\\\/www.medellin.gov.co\\\/es\\\/wp-includes\\\/images\\\/media\\\/audio.png\",\"width\":48,\"height\":64}},{\"src\":\"https:\\\/\\\/www.medellin.gov.co\\\/es\\\/wp-content\\\/uploads\\\/2022\\\/10\\\/emvarias-02.mp3\",\"type\":\"audio\\\/mpeg\",\"title\":\"Palabras de Jorge Carrillo, el gerente de EPM.\",\"caption\":\"\",\"description\":\"Palabras de Jorge Carrillo, el gerente de EPM.\",\"meta\":{\"year\":\"2022\",\"length_formatted\":\"1:15\"},\"image\":{\"src\":\"https:\\\/\\\/www.medellin.gov.co\\\/es\\\/wp-includes\\\/images\\\/media\\\/audio.png\",\"width\":48,\"height\":64},\"thumb\":{\"src\":\"https:\\\/\\\/www.medellin.gov.co\\\/es\\\/wp-includes\\\/images\\\/media\\\/audio.png\",\"width\":48,\"height\":64}},{\"src\":\"https:\\\/\\\/www.medellin.gov.co\\\/es\\\/wp-content\\\/uploads\\\/2022\\\/10\\\/emvarias-03.mp3\",\"type\":\"audio\\\/mpeg\",\"title\":\"Palabras de Carlos Borja Jim\\u00e9nez, gerente de Emvarias Grupo EPM.\",\"caption\":\"\",\"description\":\"\\u00abemvarias-03\\u00bb. Lanzamiento: 2022.\",\"meta\":{\"year\":\"2022\",\"length_formatted\":\"1:15\"},\"image\":{\"src\":\"https:\\\/\\\/www.medellin.gov.co\\\/es\\\/wp-includes\\\/images\\\/media\\\/audio.png\",\"width\":48,\"height\":64},\"thumb\":{\"src\":\"https:\\\/\\\/www.medellin.gov.co\\\/es\\\/wp-includes\\\/images\\\/media\\\/audio.png\",\"width\":48,\"height\":64}}]}<\/script>\n<\/div>\n\t\n<p>El alcalde de Medell\u00edn, Daniel Quintero Calle, recibi\u00f3 los 19 nuevos veh\u00edculos que har\u00e1n parte de las rutas de Emvarias de cara al proceso de renovaci\u00f3n de su flota a gas natural, que ya cuenta con 42 de los 62 camiones con los que se lograr\u00e1 que la ciudad pase de dos a tres d\u00edas de recolecci\u00f3n de residuos ordinarios.<\/p>\n<p>Esto hace parte de la estrategia que se enfoca en la transformaci\u00f3n cultural, econ\u00f3mica y social que ha tenido Medell\u00edn luego de la pandemia, y la posterior reactivaci\u00f3n econ\u00f3mica e industrial. La Administraci\u00f3n Distrital ofrecer\u00e1 a los ciudadanos nuevas alternativas para una gesti\u00f3n de residuos acorde y actualizada, seg\u00fan las necesidades reales en su territorio, con los nuevos veh\u00edculos y una Eco-Ruta para gestionar material reciclable en todas las comunas.<\/p>\n<p>\u201c<em>Desde que llegamos a la Alcald\u00eda nos pusimos un compromiso: entregar a Medell\u00edn m\u00e1s limpia de lo que la recibimos. Y para hacerlo sab\u00edamos que ten\u00edamos y tenemos que trabajar much\u00edsimo m\u00e1s, porque toda la basura tiene due\u00f1o, una casa donde se produce y por eso se requiere trabajar en la cultura del ciudadano pero tambi\u00e9n darles las herramientas que necesitan los trabajadores de Emvarias<\/em>\u201d, dijo el alcalde.<\/p>\n<p>Actualmente Medell\u00edn cuenta con dos frecuencias semanales para la recolecci\u00f3n de sus residuos domiciliarios, lo cual cambiar\u00e1 totalmente a partir de 2023 con una tercera ruta que reforzar\u00e1 esta tarea para facilitar el servicio y que los usuarios habiten barrios m\u00e1s limpios. As\u00ed mismo, se unificar\u00e1 el servicio con dos turnos, de d\u00eda y de noche.<\/p>\n<p>Por otro lado, la Eco-ruta Medell\u00edn se enlazar\u00e1 con los recicladores de oficio de la ciudad, pues ser\u00e1 una conexi\u00f3n con la renovaci\u00f3n de las frecuencias y servir\u00e1 para que los ciudadanos entreguen su reciclaje separado con la confianza de que sea aprovechado efectivamente y para ello se establecer\u00e1n mesas de trabajo y se garantizar\u00e1 que la labor se vea fortalecida en la <em>Ecociudad.<\/em><\/p>\n<div id=\"attachment_117156\" style=\"width: 1210px\" class=\"wp-caption alignnone\"><a href=\"https:\/\/www.medellin.gov.co\/es\/wp-content\/uploads\/2022\/10\/emvarias-2.jpg\" target=\"_blank\" rel=\"noopener\"><img aria-describedby=\"caption-attachment-117156\" loading=\"lazy\" class=\"wp-image-117156 size-full\" title=\"Emvarias\" src=\"https:\/\/www.medellin.gov.co\/es\/wp-content\/uploads\/2022\/10\/emvarias-2.jpg\" alt=\"Emvarias\" width=\"1200\" height=\"800\" srcset=\"https:\/\/www.medellin.gov.co\/es\/wp-content\/uploads\/2022\/10\/emvarias-2.jpg 1200w, https:\/\/www.medellin.gov.co\/es\/wp-content\/uploads\/2022\/10\/emvarias-2-300x200.jpg 300w, https:\/\/www.medellin.gov.co\/es\/wp-content\/uploads\/2022\/10\/emvarias-2-1024x683.jpg 1024w, https:\/\/www.medellin.gov.co\/es\/wp-content\/uploads\/2022\/10\/emvarias-2-150x100.jpg 150w, https:\/\/www.medellin.gov.co\/es\/wp-content\/uploads\/2022\/10\/emvarias-2-768x512.jpg 768w\" sizes=\"(max-width: 1200px) 100vw, 1200px\" \/><\/a><p id=\"caption-attachment-117156\" class=\"wp-caption-text\">Emvarias &#8211; Foto: Alcald\u00eda de Medell\u00edn<\/p><\/div>\n<p>As\u00ed la Administraci\u00f3n Distrital le cumple a Medell\u00edn con esta soluci\u00f3n que llega despu\u00e9s de ocho a\u00f1os para la actualizaci\u00f3n de la flota, lo que representa mejor calidad en el servicio, dado que estos 42 automotores tienen la capacidad de captar m\u00e1s de 1.000 toneladas de residuos diariamente, lo que equivale al peso de unas cuatro estatuas de la libertad como la de Nueva York.<\/p>\n<p>El gerente de Emvarias Grupo EPM, Carlos Borja Jim\u00e9nez, manifest\u00f3 que estos son \u201c<em>veh\u00edculos nuevos a gas natural vehicular con tecnolog\u00eda Euro 6, la menos contaminante a nivel mundial, y le sigue apostando constantemente a replantearse respecto a los retos de la ciudad para seguir avanzando<\/em>\u201d.<\/p>\n<p>A los veh\u00edculos nuevos se sumar\u00e1 en 2023 el proyecto de cargue lateral, para una recolecci\u00f3n de residuos en el espacio p\u00fablico basado en una tecnolog\u00eda mecanizada, estrategia que se complementa con el sistema de contenerizaci\u00f3n de residuos, que ya alcanz\u00f3 m\u00e1s de 2.000 recipientes instalados por la entidad en las calles.<\/p>\n<p>A prop\u00f3sito de los avances y la evoluci\u00f3n de Emvarias, el gerente de EPM, Jorge Carrillo, indic\u00f3 que \u201c<em>Emvarias siempre ha sido motivo de orgullo para Medell\u00edn, y al ser parte del grupo EPM, se est\u00e1 notando en t\u00e9rminos de innovaci\u00f3n y capacidad, lo que se refleja en emisiones contaminantes muy bajas y mejores eficiencias<\/em>\u201d.<\/p>\n<p>Adem\u00e1s, Emvarias Grupo EPM destac\u00f3 que las diferentes modificaciones y novedades operativas no representar\u00e1n cargos adicionales al cobro en la factura de servicios p\u00fablicos.<\/p>\n<p>Walter Rodr\u00edguez, habitante de Zamora, manifest\u00f3 que \u201c<em>la tercera ruta de recolecci\u00f3n de basuras va a ser mucho mejor y menos traum\u00e1tica para la gente, porque va a haber menos regueros y ser\u00e1 bueno para la ciudad porque va en pos de mejorar la ciudad y que todos seamos m\u00e1s cultos<\/em>\u201d.<\/p>\n<p>La Administraci\u00f3n Distrital y Emvarias desplegar\u00e1n previo al 2023 todo el componente pedag\u00f3gico y de sensibilizaci\u00f3n para que los ciudadanos adopten de la mejor manera esta nueva forma de gestionar los residuos para que la contribuci\u00f3n de una Medell\u00edn limpia sea una realidad construida entre todos.<\/p>\n","protected":false},"excerpt":{"rendered":"<p>La ciudad cuenta con 42 de los 62 veh\u00edculos que hacen parte de la renovaci\u00f3n de los camiones recolectores para el servicio de aseo en el Distrito. Con los 42 veh\u00edculos que operan en la &#8230;<\/p>\n","protected":false},"author":4,"featured_media":117154,"comment_status":"open","ping_status":"open","sticky":false,"template":"","format":"standard","meta":[],"categories":[8],"tags":[434,455,443],"formato_nota":[],"programas_tax":[],"acf":[],"_links":{"self":[{"href":"https:\/\/www.medellin.gov.co\/es\/wp-json\/wp\/v2\/posts\/117152"}],"collection":[{"href":"https:\/\/www.medellin.gov.co\/es\/wp-json\/wp\/v2\/posts"}],"about":[{"href":"https:\/\/www.medellin.gov.co\/es\/wp-json\/wp\/v2\/types\/post"}],"author":[{"embeddable":true,"href":"https:\/\/www.medellin.gov.co\/es\/wp-json\/wp\/v2\/users\/4"}],"replies":[{"embeddable":true,"href":"https:\/\/www.medellin.gov.co\/es\/wp-json\/wp\/v2\/comments?post=117152"}],"version-history":[{"count":1,"href":"https:\/\/www.medellin.gov.co\/es\/wp-json\/wp\/v2\/posts\/117152\/revisions"}],"predecessor-version":[{"id":117162,"href":"https:\/\/www.medellin.gov.co\/es\/wp-json\/wp\/v2\/posts\/117152\/revisions\/117162"}],"wp:featuredmedia":[{"embeddable":true,"href":"https:\/\/www.medellin.gov.co\/es\/wp-json\/wp\/v2\/media\/117154"}],"wp:attachment":[{"href":"https:\/\/www.medellin.gov.co\/es\/wp-json\/wp\/v2\/media?parent=117152"}],"wp:term":[{"taxonomy":"category","embeddable":true,"href":"https:\/\/www.medellin.gov.co\/es\/wp-json\/wp\/v2\/categories?post=117152"},{"taxonomy":"post_tag","embeddable":true,"href":"https:\/\/www.medellin.gov.co\/es\/wp-json\/wp\/v2\/tags?post=117152"},{"taxonomy":"formato_nota","embeddable":true,"href":"https:\/\/www.medellin.gov.co\/es\/wp-json\/wp\/v2\/formato_nota?post=117152"},{"taxonomy":"programas_tax","embeddable":true,"href":"https:\/\/www.medellin.gov.co\/es\/wp-json\/wp\/v2\/programas_tax?post=117152"}],"curies":[{"name":"wp","href":"https:\/\/api.w.org\/{rel}","templated":true}]}}