{"id":117533,"date":"2022-10-11T12:07:12","date_gmt":"2022-10-11T17:07:12","guid":{"rendered":"https:\/\/www.medellin.gov.co\/es\/?p=117533"},"modified":"2022-10-11T13:54:29","modified_gmt":"2022-10-11T18:54:29","slug":"la-astronauta-colombiana-giovanna-ramirez-estara-entre-los-153-ponentes-de-20-paises-en-virtual-educa-medellin-2022","status":"publish","type":"post","link":"https:\/\/www.medellin.gov.co\/es\/sala-de-prensa\/noticias\/la-astronauta-colombiana-giovanna-ramirez-estara-entre-los-153-ponentes-de-20-paises-en-virtual-educa-medellin-2022\/","title":{"rendered":"La astronauta colombiana, Giovanna Ram\u00edrez, estar\u00e1 entre los 153 ponentes de 20 pa\u00edses en Virtual Educa, Medell\u00edn 2022"},"content":{"rendered":"<ul>\n<li>Tambi\u00e9n estar\u00e1n el CEO y Fundador de Platzi y el director del Instituto Internacional de la Unesco para la Educaci\u00f3n Superior en Latinoam\u00e9rica y el Caribe.<\/li>\n<li>La edici\u00f3n 23 del evento tendr\u00e1 mesas de trabajo, paneles, seminarios, ponencias y reuniones.<\/li>\n<li>La programaci\u00f3n se realizar\u00e1 los d\u00edas 19 y 20 de octubre en Plaza Mayor durante el Festival Medell\u00edn Valle del Software (MVS).<\/li>\n<\/ul>\n<!--[if lt IE 9]><script>document.createElement('audio');<\/script><![endif]-->\n\t<div class=\"wp-playlist wp-audio-playlist wp-playlist-light\">\n\t\t\t<div class=\"wp-playlist-current-item\"><\/div>\n\t\t<audio controls=\"controls\" preload=\"none\" width=\"640\"\n\t\t\t><\/audio>\n\t<div class=\"wp-playlist-next\"><\/div>\n\t<div class=\"wp-playlist-prev\"><\/div>\n\t<noscript>\n\t<ol>\n\t\t<li><a href='https:\/\/www.medellin.gov.co\/es\/wp-content\/uploads\/2022\/10\/encuentro-virtual.mp3'>Palabras de Alexandra Agudelo Ruiz, secretaria de Educaci\u00f3n.<\/a><\/li>\t<\/ol>\n\t<\/noscript>\n\t<script type=\"application\/json\" class=\"wp-playlist-script\">{\"type\":\"audio\",\"tracklist\":true,\"tracknumbers\":true,\"images\":true,\"artists\":true,\"tracks\":[{\"src\":\"https:\\\/\\\/www.medellin.gov.co\\\/es\\\/wp-content\\\/uploads\\\/2022\\\/10\\\/encuentro-virtual.mp3\",\"type\":\"audio\\\/mpeg\",\"title\":\"Palabras de Alexandra Agudelo Ruiz, secretaria de Educaci\\u00f3n.\",\"caption\":\"\",\"description\":\"Palabras de Alexandra Agudelo Ruiz, secretaria de Educaci\\u00f3n. \",\"meta\":{\"length_formatted\":\"0:42\"},\"image\":{\"src\":\"https:\\\/\\\/www.medellin.gov.co\\\/es\\\/wp-includes\\\/images\\\/media\\\/audio.png\",\"width\":48,\"height\":64},\"thumb\":{\"src\":\"https:\\\/\\\/www.medellin.gov.co\\\/es\\\/wp-includes\\\/images\\\/media\\\/audio.png\",\"width\":48,\"height\":64}}]}<\/script>\n<\/div>\n\t\n<p>Giovanna Ram\u00edrez, la primera astronauta de Colombia y la \u00fanica latinoamericana que ha participado en las 32 misiones simuladas a Marte, es una de las invitadas de la edici\u00f3n 23 del Encuentro Internacional Virtual Educa, Medell\u00edn 2022, que realizar\u00e1 esta organizaci\u00f3n internacional y la Administraci\u00f3n Distrital los d\u00edas 19 y 20 de octubre en Plaza Mayor, como parte del Festival Medell\u00edn Valle del Software (MVS).<\/p>\n<p>El evento busca garantizar una educaci\u00f3n de calidad, inclusiva y equitativa, promoviendo oportunidades de aprendizaje para todos desde la ciencia, la tecnolog\u00eda y la innovaci\u00f3n. Tambi\u00e9n, propende por fomentar redes de alianzas a nivel global y local con organizaciones y personas que quieran contribuir e inspirar el cambio en la sociedad.<\/p>\n<p><em>\u201c<\/em><em>Un encuentro con toda Iberoam\u00e9rica para hablar de Transformaci\u00f3n Educativa, transformaci\u00f3n digital, innovaci\u00f3n, de nuevas estrategias en educaci\u00f3n y todo lo que se ha dado desde la presencialidad, en alternancia despu\u00e9s de la pandemia. Tendremos m\u00e1s de 150 invitados internacionales y nacionales. Ser\u00e1 la oportunidad para volvernos a encontrar para hablar de lo que m\u00e1s nos apasiona: la educaci\u00f3n\u201d, <\/em>afirm\u00f3 la secretaria de Educaci\u00f3n, Alexandra Agudelo Ruiz.<\/p>\n<p>Adem\u00e1s, el encuentro contar\u00e1 con la presencia de Fredy Vega, CEO y fundador de la plataforma de educaci\u00f3n en l\u00ednea, Platzi; con Francesc Pedr\u00f3, director del Instituto Internacional de la Unesco para la Educaci\u00f3n Superior en Latinoam\u00e9rica y el Caribe; y Ant\u00f3nio Dam\u00e1sio, director del Departamento de Neurolog\u00eda de la Universidad de Iowa, Estados Unidos, entre otros 149 ponentes de 20 pa\u00edses.<\/p>\n<p><em>\u201c<\/em><em>Estos v\u00ednculos con la academia internacional son importantes por el cruce de saberes, ellos nos pueden ense\u00f1ar a nosotros y nosotros a ellos. En este momento estamos trabajando la inclusi\u00f3n, discurso ambiental del cuidado del planeta, cambio clim\u00e1tico, uso del material reciclable y el uso de energ\u00edas limpias. Vale la pena saber y conocer qu\u00e9 est\u00e1n haciendo los dem\u00e1s y qu\u00e9 estamos haciendo nosotros para que podamos adquirir mejores experiencias\u201d, <\/em>expres\u00f3 el docente de la Instituci\u00f3n Educativa Jos\u00e9 F\u00e9lix de Restrepo, \u00c9dgar Armando Urrego Rodr\u00edguez.<\/p>\n<p>Durante los dos d\u00edas del encuentro internacional, la Alcald\u00eda de Medell\u00edn y Virtual Educa har\u00e1n mesas de trabajo, paneles, seminarios, ponencias y reuniones con el fin de afianzar la <em>Transformaci\u00f3n Educativa<\/em> que se adelanta en la ciudad a trav\u00e9s del Plan de Desarrollo 2020-2023.<\/p>\n","protected":false},"excerpt":{"rendered":"<p>Tambi\u00e9n estar\u00e1n el CEO y Fundador de Platzi y el director del Instituto Internacional de la Unesco para la Educaci\u00f3n Superior en Latinoam\u00e9rica y el Caribe. La edici\u00f3n 23 del evento tendr\u00e1 mesas de trabajo, &#8230;<\/p>\n","protected":false},"author":4,"featured_media":117538,"comment_status":"open","ping_status":"open","sticky":false,"template":"","format":"standard","meta":[],"categories":[4],"tags":[431,428],"formato_nota":[],"programas_tax":[],"acf":[],"_links":{"self":[{"href":"https:\/\/www.medellin.gov.co\/es\/wp-json\/wp\/v2\/posts\/117533"}],"collection":[{"href":"https:\/\/www.medellin.gov.co\/es\/wp-json\/wp\/v2\/posts"}],"about":[{"href":"https:\/\/www.medellin.gov.co\/es\/wp-json\/wp\/v2\/types\/post"}],"author":[{"embeddable":true,"href":"https:\/\/www.medellin.gov.co\/es\/wp-json\/wp\/v2\/users\/4"}],"replies":[{"embeddable":true,"href":"https:\/\/www.medellin.gov.co\/es\/wp-json\/wp\/v2\/comments?post=117533"}],"version-history":[{"count":2,"href":"https:\/\/www.medellin.gov.co\/es\/wp-json\/wp\/v2\/posts\/117533\/revisions"}],"predecessor-version":[{"id":117601,"href":"https:\/\/www.medellin.gov.co\/es\/wp-json\/wp\/v2\/posts\/117533\/revisions\/117601"}],"wp:featuredmedia":[{"embeddable":true,"href":"https:\/\/www.medellin.gov.co\/es\/wp-json\/wp\/v2\/media\/117538"}],"wp:attachment":[{"href":"https:\/\/www.medellin.gov.co\/es\/wp-json\/wp\/v2\/media?parent=117533"}],"wp:term":[{"taxonomy":"category","embeddable":true,"href":"https:\/\/www.medellin.gov.co\/es\/wp-json\/wp\/v2\/categories?post=117533"},{"taxonomy":"post_tag","embeddable":true,"href":"https:\/\/www.medellin.gov.co\/es\/wp-json\/wp\/v2\/tags?post=117533"},{"taxonomy":"formato_nota","embeddable":true,"href":"https:\/\/www.medellin.gov.co\/es\/wp-json\/wp\/v2\/formato_nota?post=117533"},{"taxonomy":"programas_tax","embeddable":true,"href":"https:\/\/www.medellin.gov.co\/es\/wp-json\/wp\/v2\/programas_tax?post=117533"}],"curies":[{"name":"wp","href":"https:\/\/api.w.org\/{rel}","templated":true}]}}