{"id":117992,"date":"2022-10-12T15:57:48","date_gmt":"2022-10-12T20:57:48","guid":{"rendered":"https:\/\/www.medellin.gov.co\/es\/?p=117992"},"modified":"2022-10-12T15:57:48","modified_gmt":"2022-10-12T20:57:48","slug":"el-metaverso-el-poder-de-los-datos-y-otras-tematicas-4-0-hacen-parte-de-los-cursos-gratuitos-que-ofrece-la-alcaldia-de-medellin","status":"publish","type":"post","link":"https:\/\/www.medellin.gov.co\/es\/sala-de-prensa\/noticias\/el-metaverso-el-poder-de-los-datos-y-otras-tematicas-4-0-hacen-parte-de-los-cursos-gratuitos-que-ofrece-la-alcaldia-de-medellin\/","title":{"rendered":"El Metaverso, el poder de los datos y otras tem\u00e1ticas 4.0 hacen parte de los cursos gratuitos que ofrece la Alcald\u00eda de Medell\u00edn"},"content":{"rendered":"<ul>\n<li>A partir de hoy, 12 de octubre, est\u00e1 disponible la primera tem\u00e1tica, que est\u00e1 relacionada con el Metaverso. Las personas interesadas se pueden inscribir en <a href=\"http:\/\/www.medellin.gov.co\/formacion4ri\" target=\"_blank\" rel=\"noopener\">www.medellin.gov.co\/formacion4ri<\/a>.<\/li>\n<li>El ciclo de capacitaciones, que se har\u00e1 en alianza con la UPB, de manera virtual y gratuita, incluye temas sobre comunicaci\u00f3n y colaboraci\u00f3n, as\u00ed como cultura de la transformaci\u00f3n digital e inteligencia colectiva.<\/li>\n<li>La UPB otorgar\u00e1 un certificado de diplomado a las primeras 100 personas que completen todas las \u00e1reas y niveles antes del 30 de diciembre de este a\u00f1o. Los restantes recibir\u00e1n un certificado de participaci\u00f3n por cada nivel cursado.<\/li>\n<\/ul>\n<!--[if lt IE 9]><script>document.createElement('audio');<\/script><![endif]-->\n\t<div class=\"wp-playlist wp-audio-playlist wp-playlist-light\">\n\t\t\t<div class=\"wp-playlist-current-item\"><\/div>\n\t\t<audio controls=\"controls\" preload=\"none\" width=\"640\"\n\t\t\t><\/audio>\n\t<div class=\"wp-playlist-next\"><\/div>\n\t<div class=\"wp-playlist-prev\"><\/div>\n\t<noscript>\n\t<ol>\n\t\t<li><a href='https:\/\/www.medellin.gov.co\/es\/wp-content\/uploads\/2022\/10\/cursos-virtuales.mp3'>Palabras de Sebasti\u00e1n Gonz\u00e1lez, secretario de Innovaci\u00f3n Digital.<\/a><\/li>\t<\/ol>\n\t<\/noscript>\n\t<script type=\"application\/json\" class=\"wp-playlist-script\">{\"type\":\"audio\",\"tracklist\":true,\"tracknumbers\":true,\"images\":true,\"artists\":true,\"tracks\":[{\"src\":\"https:\\\/\\\/www.medellin.gov.co\\\/es\\\/wp-content\\\/uploads\\\/2022\\\/10\\\/cursos-virtuales.mp3\",\"type\":\"audio\\\/mpeg\",\"title\":\"Palabras de Sebasti\\u00e1n Gonz\\u00e1lez, secretario de Innovaci\\u00f3n Digital.\",\"caption\":\"\",\"description\":\"Palabras de Sebasti\\u00e1n Gonz\\u00e1lez, secretario de Innovaci\\u00f3n Digital. \",\"meta\":{\"year\":\"2022\",\"length_formatted\":\"0:29\"},\"image\":{\"src\":\"https:\\\/\\\/www.medellin.gov.co\\\/es\\\/wp-includes\\\/images\\\/media\\\/audio.png\",\"width\":48,\"height\":64},\"thumb\":{\"src\":\"https:\\\/\\\/www.medellin.gov.co\\\/es\\\/wp-includes\\\/images\\\/media\\\/audio.png\",\"width\":48,\"height\":64}}]}<\/script>\n<\/div>\n\t\n<p>La Administraci\u00f3n Distrital abre, desde este 12 de octubre, un ciclo de capacitaciones denominado \u201cCompetencias digitales para la construcci\u00f3n de un territorio inteligente\u201d, el cual inicia con una tem\u00e1tica espec\u00edfica: \u201cMetaversos y Tecnolog\u00eda 4.0\u201d.\u00a0 El ciclo completo comprende, adem\u00e1s, temas sobre el poder de los datos, la comunicaci\u00f3n y la colaboraci\u00f3n, la cultura de la transformaci\u00f3n digital y la inteligencia colectiva, que permitir\u00e1n desarrollar habilidades para convivir en un territorio inteligente.<\/p>\n<p>Las personas interesadas se pueden inscribir en <a href=\"https:\/\/www.medellin.gov.co\/formacion4ri\" target=\"_blank\" rel=\"noopener\">https:\/\/www.medellin.gov.co\/formacion4ri<\/a>\u00a0 para acceder a este proceso de formaci\u00f3n, que ser\u00e1 virtual y gratuito. Cada semana se habilitar\u00e1 un nivel nuevo. Los cursos estar\u00e1n alojados en la plataforma de la Escuela de Formaci\u00f3n Virtual de la Alcald\u00eda de Medell\u00edn y se dividen en dos niveles: b\u00e1sico y avanzado, con una duraci\u00f3n de 10 horas y una capacidad m\u00e1xima de 250 cupos.<\/p>\n<p>Un tutor estar\u00e1 disponible a trav\u00e9s de un chat para responder las dudas de los usuarios. Cualquier persona, sin distingo de edad y nivel acad\u00e9mico, puede inscribirse.<\/p>\n<p><em>\u201cCon estos cursos buscamos fortalecer las competencias digitales de nuestros ciudadanos en materia de transformaci\u00f3n digital y en temas de la Cuarta Revoluci\u00f3n Industrial, como el metaverso, el blockchain, el Internet de las Cosas y la inteligencia artificial, que les abrir\u00e1n nuevas oportunidades en el \u00e1mbito laboral y fortalecer\u00e1n el ecosistema de innovaci\u00f3n y emprendimiento del Distrito de Medell\u00edn, para consolidarnos como Valle del Software y una Ciudad Inteligente\u201d<\/em>, explic\u00f3 el secretario de Innovaci\u00f3n Digital, Juan Sebasti\u00e1n Gonz\u00e1lez.<\/p>\n<div id=\"attachment_117998\" style=\"width: 1034px\" class=\"wp-caption alignnone\"><a href=\"https:\/\/www.medellin.gov.co\/es\/wp-content\/uploads\/2022\/10\/cursos-virtuales-2.jpg\" target=\"_blank\" rel=\"noopener\"><img aria-describedby=\"caption-attachment-117998\" loading=\"lazy\" class=\"wp-image-117998 size-full\" title=\"Cursos gratuitos\" src=\"https:\/\/www.medellin.gov.co\/es\/wp-content\/uploads\/2022\/10\/cursos-virtuales-2.jpg\" alt=\"Cursos gratuitos\" width=\"1024\" height=\"683\" srcset=\"https:\/\/www.medellin.gov.co\/es\/wp-content\/uploads\/2022\/10\/cursos-virtuales-2.jpg 1024w, https:\/\/www.medellin.gov.co\/es\/wp-content\/uploads\/2022\/10\/cursos-virtuales-2-300x200.jpg 300w, https:\/\/www.medellin.gov.co\/es\/wp-content\/uploads\/2022\/10\/cursos-virtuales-2-150x100.jpg 150w, https:\/\/www.medellin.gov.co\/es\/wp-content\/uploads\/2022\/10\/cursos-virtuales-2-768x512.jpg 768w\" sizes=\"(max-width: 1024px) 100vw, 1024px\" \/><\/a><p id=\"caption-attachment-117998\" class=\"wp-caption-text\">Cursos gratuitos &#8211; Foto: Alcald\u00eda de Medell\u00edn<\/p><\/div>\n<p>Quienes participen alcanzar\u00e1n competencias que les permitir\u00e1n estar al d\u00eda con la evoluci\u00f3n digital, tener conocimientos suficientes para integrarse, de manera activa, a entornos digitales, as\u00ed como conocer y utilizar, de manera adecuada, herramientas digitales b\u00e1sicas que les posibiliten habitar sin dificultades en un territorio inteligente.<\/p>\n<p>Los primeros 100 usuarios que completen todos los cursos recibir\u00e1n un certificado de diplomado por parte de la UPB, instituci\u00f3n que desarrolla y respalda todo el contenido acad\u00e9mico. Los dem\u00e1s usuarios recibir\u00e1n un certificado de participaci\u00f3n por cada nivel cursado.<\/p>\n<p>Este ciclo hace parte de la estrategia \u201cUso y Apropiaci\u00f3n de Tecnolog\u00edas de la Informaci\u00f3n y Comunicaci\u00f3n -TIC\u201c que la Alcald\u00eda de Medell\u00edn implementa para entregarles, a la ciudadan\u00eda y a los servidores,\u00a0 recursos y competencias digitales.<\/p>\n<p>Todo esto se logra a trav\u00e9s de la Escuela de Formaci\u00f3n Virtual del Distrito, que durante esta administraci\u00f3n ha certificado a 2.323 personas y\u00a0 8.215 se encuentran actualmente en formaci\u00f3n. Del total de usuarios,\u00a0 9.170 son ciudadanos y 1.368 son servidores\u00a0 municipales. La escuela imparte, actualmente, cerca de 23 tem\u00e1ticas, entre ellas, prevenci\u00f3n del embarazo en la adolescencia, dirigido a j\u00f3venes y agentes educativos; Salva Vidas Educativo, Salva Vidas Familia y diplomados en Asuntos de G\u00e9nero, Mujeres y Paz, as\u00ed como Mujeres y Pol\u00edtica.<\/p>\n","protected":false},"excerpt":{"rendered":"<p>A partir de hoy, 12 de octubre, est\u00e1 disponible la primera tem\u00e1tica, que est\u00e1 relacionada con el Metaverso. Las personas interesadas se pueden inscribir en www.medellin.gov.co\/formacion4ri. El ciclo de capacitaciones, que se har\u00e1 en alianza &#8230;<\/p>\n","protected":false},"author":4,"featured_media":117997,"comment_status":"open","ping_status":"open","sticky":false,"template":"","format":"standard","meta":[],"categories":[19],"tags":[431,455],"formato_nota":[],"programas_tax":[],"acf":[],"_links":{"self":[{"href":"https:\/\/www.medellin.gov.co\/es\/wp-json\/wp\/v2\/posts\/117992"}],"collection":[{"href":"https:\/\/www.medellin.gov.co\/es\/wp-json\/wp\/v2\/posts"}],"about":[{"href":"https:\/\/www.medellin.gov.co\/es\/wp-json\/wp\/v2\/types\/post"}],"author":[{"embeddable":true,"href":"https:\/\/www.medellin.gov.co\/es\/wp-json\/wp\/v2\/users\/4"}],"replies":[{"embeddable":true,"href":"https:\/\/www.medellin.gov.co\/es\/wp-json\/wp\/v2\/comments?post=117992"}],"version-history":[{"count":1,"href":"https:\/\/www.medellin.gov.co\/es\/wp-json\/wp\/v2\/posts\/117992\/revisions"}],"predecessor-version":[{"id":118001,"href":"https:\/\/www.medellin.gov.co\/es\/wp-json\/wp\/v2\/posts\/117992\/revisions\/118001"}],"wp:featuredmedia":[{"embeddable":true,"href":"https:\/\/www.medellin.gov.co\/es\/wp-json\/wp\/v2\/media\/117997"}],"wp:attachment":[{"href":"https:\/\/www.medellin.gov.co\/es\/wp-json\/wp\/v2\/media?parent=117992"}],"wp:term":[{"taxonomy":"category","embeddable":true,"href":"https:\/\/www.medellin.gov.co\/es\/wp-json\/wp\/v2\/categories?post=117992"},{"taxonomy":"post_tag","embeddable":true,"href":"https:\/\/www.medellin.gov.co\/es\/wp-json\/wp\/v2\/tags?post=117992"},{"taxonomy":"formato_nota","embeddable":true,"href":"https:\/\/www.medellin.gov.co\/es\/wp-json\/wp\/v2\/formato_nota?post=117992"},{"taxonomy":"programas_tax","embeddable":true,"href":"https:\/\/www.medellin.gov.co\/es\/wp-json\/wp\/v2\/programas_tax?post=117992"}],"curies":[{"name":"wp","href":"https:\/\/api.w.org\/{rel}","templated":true}]}}