{"id":118008,"date":"2022-10-12T16:03:53","date_gmt":"2022-10-12T21:03:53","guid":{"rendered":"https:\/\/www.medellin.gov.co\/es\/?p=118008"},"modified":"2022-10-12T16:03:53","modified_gmt":"2022-10-12T21:03:53","slug":"medellin-fue-sede-de-encuentro-internacional-sobre-pedagogia-con-invitados-de-brasil-argentina-y-mexico","status":"publish","type":"post","link":"https:\/\/www.medellin.gov.co\/es\/sala-de-prensa\/noticias\/medellin-fue-sede-de-encuentro-internacional-sobre-pedagogia-con-invitados-de-brasil-argentina-y-mexico\/","title":{"rendered":"Medell\u00edn fue sede de encuentro internacional sobre pedagog\u00eda con invitados de Brasil, Argentina y M\u00e9xico"},"content":{"rendered":"<ul>\n<li>Asistieron m\u00e1s de 700 maestros de municipios de las nueve subregiones de Antioquia.<\/li>\n<li>La organizaci\u00f3n estuvo a cargo de la Alcald\u00eda de Medell\u00edn, los sindicatos ADIDA, ASDEM y USDIDEA, la Gobernaci\u00f3n de Antioquia y la Universidad de Antioquia, con el apoyo de Comfenalco.<\/li>\n<li>El encuentro dur\u00f3 tres d\u00edas y tuvo como sedes MOVA y el auditorio de ADIDA.<\/li>\n<\/ul>\n<!--[if lt IE 9]><script>document.createElement('audio');<\/script><![endif]-->\n\t<div class=\"wp-playlist wp-audio-playlist wp-playlist-light\">\n\t\t\t<div class=\"wp-playlist-current-item\"><\/div>\n\t\t<audio controls=\"controls\" preload=\"none\" width=\"640\"\n\t\t\t><\/audio>\n\t<div class=\"wp-playlist-next\"><\/div>\n\t<div class=\"wp-playlist-prev\"><\/div>\n\t<noscript>\n\t<ol>\n\t\t<li><a href='https:\/\/www.medellin.gov.co\/es\/wp-content\/uploads\/2022\/10\/encuentro-internacional.mp3'>Palabras de Alexandra Agudelo Ruiz, secretaria de Educaci\u00f3n.<\/a><\/li>\t<\/ol>\n\t<\/noscript>\n\t<script type=\"application\/json\" class=\"wp-playlist-script\">{\"type\":\"audio\",\"tracklist\":true,\"tracknumbers\":true,\"images\":true,\"artists\":true,\"tracks\":[{\"src\":\"https:\\\/\\\/www.medellin.gov.co\\\/es\\\/wp-content\\\/uploads\\\/2022\\\/10\\\/encuentro-internacional.mp3\",\"type\":\"audio\\\/mpeg\",\"title\":\"Palabras de Alexandra Agudelo Ruiz, secretaria de Educaci\\u00f3n.\",\"caption\":\"\",\"description\":\"Palabras de Alexandra Agudelo Ruiz, secretaria de Educaci\\u00f3n. \",\"meta\":{\"length_formatted\":\"0:45\"},\"image\":{\"src\":\"https:\\\/\\\/www.medellin.gov.co\\\/es\\\/wp-includes\\\/images\\\/media\\\/audio.png\",\"width\":48,\"height\":64},\"thumb\":{\"src\":\"https:\\\/\\\/www.medellin.gov.co\\\/es\\\/wp-includes\\\/images\\\/media\\\/audio.png\",\"width\":48,\"height\":64}}]}<\/script>\n<\/div>\n\t\n<p>Una vez m\u00e1s, Medell\u00edn fue escenario de di\u00e1logo sobre educaci\u00f3n con el Noveno Encuentro Internacional de Pedagog\u00eda, Investigaci\u00f3n y Experiencias Alternas, el cual cont\u00f3 con la presencia de conferencistas de Argentina, Brasil y M\u00e9xico. El evento fue realizado entre el 10 y 12 de octubre por la Administraci\u00f3n Distrital, en alianza con los sindicatos de maestros, Asociaci\u00f3n de Institutores de Antioquia -ADIDA-, Asociaci\u00f3n Sindical de Educadores de Medell\u00edn -ASDEM- y Uni\u00f3n Sindical de Directivos Docentes de Antioquia &#8211; USDIDEA-; la Gobernaci\u00f3n de Antioquia y la Universidad de Antioquia, con el apoyo del Comfenalco.<\/p>\n<p><em>\u201c<\/em><em>Lo realizamos durante tres d\u00edas, con varios pa\u00edses invitados hablando de temas importantes como el conflicto, la paz y todo alrededor de la escuela, la pedagog\u00eda y el trabajo que tienen que hacer los maestros hablando hoy de paz. Muy orgullosos de estos maestros, del encuentro y de la articulaci\u00f3n que desarrollamos con los sindicatos\u201d, <\/em>afirm\u00f3 la secretaria de Educaci\u00f3n, Alexandra Agudelo Ruiz.<\/p>\n<p>En el evento participaron m\u00e1s de 700 docentes de Caucasia (Bajo Cauca), Puerto Berr\u00edo (Magdalena Medio), Yolomb\u00f3 y Remedios (Nordeste), Yarumal (Norte), San Jer\u00f3nimo (Occidente), El Carmen de Viboral (Oriente), Turbo (Urab\u00e1), Andes (Suroeste) y Medell\u00edn (Valle de Aburr\u00e1).<\/p>\n<p><em>\u201cEste es un encuentro maravilloso que me aporta mucho y a mis compa\u00f1eros tambi\u00e9n porque es poner sobre la mesa la validez de la escuela, el relato compartido, la interacci\u00f3n que tuvimos con los estudiantes durante la cuarentena cuando la escuela se pone en pausa. Aqu\u00ed nos estamos narrando, estamos contando c\u00f3mo nosotros los maestros, tan titanes, <\/em><em>resolvimos el tiempo de la cuarentena\u201d, <\/em>asegur\u00f3 la docente de la Instituci\u00f3n Educativa Merceditas G\u00f3mez Mart\u00ednez, Rosalba Cano.<\/p>\n<p>El auditorio de ADIDA y el Centro de Innovaci\u00f3n del Maestro -MOVA- fueron los escenarios en los que se desarroll\u00f3 el Encuentro Internacional de Pedagog\u00eda, Investigaci\u00f3n y Experiencias Alternas, en el cual se expusieron proyectos de instituciones educativas oficiales de los municipios participantes.<\/p>\n<p>Es as\u00ed como la Alcald\u00eda de Medell\u00edn, en un trabajo conjunto con las comunidades educativas de la ciudad, contin\u00faa su apuesta por la Transformaci\u00f3n Educativa y Cultural establecida en el Plan de Desarrollo 2020-2023.<\/p>\n","protected":false},"excerpt":{"rendered":"<p>Asistieron m\u00e1s de 700 maestros de municipios de las nueve subregiones de Antioquia. La organizaci\u00f3n estuvo a cargo de la Alcald\u00eda de Medell\u00edn, los sindicatos ADIDA, ASDEM y USDIDEA, la Gobernaci\u00f3n de Antioquia y la &#8230;<\/p>\n","protected":false},"author":4,"featured_media":118012,"comment_status":"open","ping_status":"open","sticky":false,"template":"","format":"standard","meta":[],"categories":[4],"tags":[431,428],"formato_nota":[],"programas_tax":[],"acf":[],"_links":{"self":[{"href":"https:\/\/www.medellin.gov.co\/es\/wp-json\/wp\/v2\/posts\/118008"}],"collection":[{"href":"https:\/\/www.medellin.gov.co\/es\/wp-json\/wp\/v2\/posts"}],"about":[{"href":"https:\/\/www.medellin.gov.co\/es\/wp-json\/wp\/v2\/types\/post"}],"author":[{"embeddable":true,"href":"https:\/\/www.medellin.gov.co\/es\/wp-json\/wp\/v2\/users\/4"}],"replies":[{"embeddable":true,"href":"https:\/\/www.medellin.gov.co\/es\/wp-json\/wp\/v2\/comments?post=118008"}],"version-history":[{"count":1,"href":"https:\/\/www.medellin.gov.co\/es\/wp-json\/wp\/v2\/posts\/118008\/revisions"}],"predecessor-version":[{"id":118013,"href":"https:\/\/www.medellin.gov.co\/es\/wp-json\/wp\/v2\/posts\/118008\/revisions\/118013"}],"wp:featuredmedia":[{"embeddable":true,"href":"https:\/\/www.medellin.gov.co\/es\/wp-json\/wp\/v2\/media\/118012"}],"wp:attachment":[{"href":"https:\/\/www.medellin.gov.co\/es\/wp-json\/wp\/v2\/media?parent=118008"}],"wp:term":[{"taxonomy":"category","embeddable":true,"href":"https:\/\/www.medellin.gov.co\/es\/wp-json\/wp\/v2\/categories?post=118008"},{"taxonomy":"post_tag","embeddable":true,"href":"https:\/\/www.medellin.gov.co\/es\/wp-json\/wp\/v2\/tags?post=118008"},{"taxonomy":"formato_nota","embeddable":true,"href":"https:\/\/www.medellin.gov.co\/es\/wp-json\/wp\/v2\/formato_nota?post=118008"},{"taxonomy":"programas_tax","embeddable":true,"href":"https:\/\/www.medellin.gov.co\/es\/wp-json\/wp\/v2\/programas_tax?post=118008"}],"curies":[{"name":"wp","href":"https:\/\/api.w.org\/{rel}","templated":true}]}}