{"id":118197,"date":"2022-10-13T13:35:58","date_gmt":"2022-10-13T18:35:58","guid":{"rendered":"https:\/\/www.medellin.gov.co\/es\/?p=118197"},"modified":"2022-10-14T13:47:19","modified_gmt":"2022-10-14T18:47:19","slug":"estudiantes-de-instituciones-educativas-oficiales-de-medellin-participaran-en-la-clase-de-software-mas-grande-del-mundo","status":"publish","type":"post","link":"https:\/\/www.medellin.gov.co\/es\/sala-de-prensa\/noticias\/estudiantes-de-instituciones-educativas-oficiales-de-medellin-participaran-en-la-clase-de-software-mas-grande-del-mundo\/","title":{"rendered":"Estudiantes de instituciones educativas oficiales de Medell\u00edn participar\u00e1n en la clase de software m\u00e1s grande del mundo"},"content":{"rendered":"<ul>\n<li>La clase se realizar\u00e1 el 19 de octubre durante la programaci\u00f3n del Festival Medell\u00edn Valle del Software -MVS-.<\/li>\n<li>Las instituciones educativas oficiales adelantan la inscripci\u00f3n a trav\u00e9s del siguiente enlace <a href=\"https:\/\/bit.ly\/3ECe7qk\" target=\"_blank\" rel=\"noopener\">https:\/\/bit.ly\/3ECe7qk<\/a>.<\/li>\n<li>Participar\u00e1n estudiantes de ocho programas de media t\u00e9cnica en Tecnolog\u00edas de la Informaci\u00f3n y la Comunicaci\u00f3n -TIC-.<\/li>\n<\/ul>\n<!--[if lt IE 9]><script>document.createElement('audio');<\/script><![endif]-->\n\t<div class=\"wp-playlist wp-audio-playlist wp-playlist-light\">\n\t\t\t<div class=\"wp-playlist-current-item\"><\/div>\n\t\t<audio controls=\"controls\" preload=\"none\" width=\"640\"\n\t\t\t><\/audio>\n\t<div class=\"wp-playlist-next\"><\/div>\n\t<div class=\"wp-playlist-prev\"><\/div>\n\t<noscript>\n\t<ol>\n\t\t<li><a href='https:\/\/www.medellin.gov.co\/es\/wp-content\/uploads\/2022\/10\/clase-de-software.mp3'>Palabras de Alexandra Agudelo Ruiz, secretaria de Educaci\u00f3n.<\/a><\/li>\t<\/ol>\n\t<\/noscript>\n\t<script type=\"application\/json\" class=\"wp-playlist-script\">{\"type\":\"audio\",\"tracklist\":true,\"tracknumbers\":true,\"images\":true,\"artists\":true,\"tracks\":[{\"src\":\"https:\\\/\\\/www.medellin.gov.co\\\/es\\\/wp-content\\\/uploads\\\/2022\\\/10\\\/clase-de-software.mp3\",\"type\":\"audio\\\/mpeg\",\"title\":\"Palabras de Alexandra Agudelo Ruiz, secretaria de Educaci\\u00f3n.\",\"caption\":\"\",\"description\":\"\\u00abMi pel\\u00edcula\\u00bb.\",\"meta\":{\"length_formatted\":\"0:34\"},\"image\":{\"src\":\"https:\\\/\\\/www.medellin.gov.co\\\/es\\\/wp-includes\\\/images\\\/media\\\/audio.png\",\"width\":48,\"height\":64},\"thumb\":{\"src\":\"https:\\\/\\\/www.medellin.gov.co\\\/es\\\/wp-includes\\\/images\\\/media\\\/audio.png\",\"width\":48,\"height\":64}}]}<\/script>\n<\/div>\n\t\n<p>Durante la programaci\u00f3n del Festival <em>Medell\u00edn Valle del Software -MVS-<\/em>, la Administraci\u00f3n Distrital realizar\u00e1 este 19 de octubre, en alianza con Microsoft, la clase presencial de software m\u00e1s grande del mundo. Para esto se convoca, especialmente, a los estudiantes de ocho programas de media t\u00e9cnica de Tecnolog\u00edas de la Informaci\u00f3n y la Comunicaci\u00f3n -TIC- de instituciones educativas oficiales.<\/p>\n<p><em>\u201cEn nuestro Distrito de Ciencia, Tecnolog\u00eda e Innovaci\u00f3n, esperamos tener 5.000 estudiantes en esta clase, con nuestro aliado Microsoft. Ser\u00e1n estudiantes de media t\u00e9cnica de d\u00e9cimo y de once, con 140 maestros que estar\u00e1n y que desde ya est\u00e1n haciendo las pruebas para encontrarnos en la semana del Valle del Software\u201d, <\/em>afirm\u00f3 la secretaria de Educaci\u00f3n, Alexandra Agudelo Ruiz.<\/p>\n<p>La Secretar\u00eda de Educaci\u00f3n adelanta, a trav\u00e9s de los directivos docentes y de los maestros asesores de media t\u00e9cnica, el registro de los participantes de la clase. La inscripci\u00f3n la hacen en el siguiente enlace: <a href=\"https:\/\/bit.ly\/3ECe7qk\" target=\"_blank\" rel=\"noopener\">https:\/\/bit.ly\/3ECe7qk<\/a>.<\/p>\n<p><em>\u201cInvito a todos los profesores a que inscriban a sus instituciones educativas, porque esto motiva mucho a los estudiantes, los llena de felicidad y expectativas. Es una gran oportunidad que tenemos en la Secretar\u00eda de Educaci\u00f3n de Medell\u00edn y que no la tienen todas las secretar\u00edas. Entonces los invito a que est\u00e9n all\u00e1, yo estoy muy contenta y todos mis estudiantes de 10\u00b0 y 11\u00b0 van a participar\u201d, <\/em>dijo la docente de Desarrollo de Software de la Instituci\u00f3n Educativa Asamblea Departamental, Catalina Arias.<\/p>\n<p>Los j\u00f3venes pertenecen a los programas TIC de Programaci\u00f3n de software; Desarrollo de software; T\u00e9cnico en sistemas; Procesamiento, mantenimiento y visualizaci\u00f3n de bases de datos; Auxiliar en sistemas inform\u00e1ticos; Soporte y mantenimiento de internet de las cosas -IOT-; Anal\u00edtica de datos; y Bachiller t\u00e9cnico sistemas.<\/p>\n<p>Actualmente, en los programas de media t\u00e9cnica de TIC est\u00e1n matriculados 11.171 estudiantes, quienes tras recibir los equipos de <em>Computadores Futuro<\/em> han mejorado su aprendizaje. Esto convierte a la educaci\u00f3n, a trav\u00e9s de sus diferentes estrategias, en la semilla del <em>Valle del Software<\/em> para la construcci\u00f3n de la <em>Medell\u00edn Futuro<\/em>.<\/p>\n","protected":false},"excerpt":{"rendered":"<p>La clase se realizar\u00e1 el 19 de octubre durante la programaci\u00f3n del Festival Medell\u00edn Valle del Software -MVS-. Las instituciones educativas oficiales adelantan la inscripci\u00f3n a trav\u00e9s del siguiente enlace https:\/\/bit.ly\/3ECe7qk. Participar\u00e1n estudiantes de ocho &#8230;<\/p>\n","protected":false},"author":4,"featured_media":118199,"comment_status":"open","ping_status":"open","sticky":false,"template":"","format":"standard","meta":[],"categories":[4],"tags":[431,428],"formato_nota":[],"programas_tax":[],"acf":[],"_links":{"self":[{"href":"https:\/\/www.medellin.gov.co\/es\/wp-json\/wp\/v2\/posts\/118197"}],"collection":[{"href":"https:\/\/www.medellin.gov.co\/es\/wp-json\/wp\/v2\/posts"}],"about":[{"href":"https:\/\/www.medellin.gov.co\/es\/wp-json\/wp\/v2\/types\/post"}],"author":[{"embeddable":true,"href":"https:\/\/www.medellin.gov.co\/es\/wp-json\/wp\/v2\/users\/4"}],"replies":[{"embeddable":true,"href":"https:\/\/www.medellin.gov.co\/es\/wp-json\/wp\/v2\/comments?post=118197"}],"version-history":[{"count":1,"href":"https:\/\/www.medellin.gov.co\/es\/wp-json\/wp\/v2\/posts\/118197\/revisions"}],"predecessor-version":[{"id":118202,"href":"https:\/\/www.medellin.gov.co\/es\/wp-json\/wp\/v2\/posts\/118197\/revisions\/118202"}],"wp:featuredmedia":[{"embeddable":true,"href":"https:\/\/www.medellin.gov.co\/es\/wp-json\/wp\/v2\/media\/118199"}],"wp:attachment":[{"href":"https:\/\/www.medellin.gov.co\/es\/wp-json\/wp\/v2\/media?parent=118197"}],"wp:term":[{"taxonomy":"category","embeddable":true,"href":"https:\/\/www.medellin.gov.co\/es\/wp-json\/wp\/v2\/categories?post=118197"},{"taxonomy":"post_tag","embeddable":true,"href":"https:\/\/www.medellin.gov.co\/es\/wp-json\/wp\/v2\/tags?post=118197"},{"taxonomy":"formato_nota","embeddable":true,"href":"https:\/\/www.medellin.gov.co\/es\/wp-json\/wp\/v2\/formato_nota?post=118197"},{"taxonomy":"programas_tax","embeddable":true,"href":"https:\/\/www.medellin.gov.co\/es\/wp-json\/wp\/v2\/programas_tax?post=118197"}],"curies":[{"name":"wp","href":"https:\/\/api.w.org\/{rel}","templated":true}]}}