{"id":118205,"date":"2022-10-13T13:40:16","date_gmt":"2022-10-13T18:40:16","guid":{"rendered":"https:\/\/www.medellin.gov.co\/es\/?p=118205"},"modified":"2022-10-13T13:40:16","modified_gmt":"2022-10-13T18:40:16","slug":"la-pelicula-los-reyes-del-mundo-se-estrena-este-jueves-en-las-salas-de-cine-del-pais","status":"publish","type":"post","link":"https:\/\/www.medellin.gov.co\/es\/sala-de-prensa\/noticias\/la-pelicula-los-reyes-del-mundo-se-estrena-este-jueves-en-las-salas-de-cine-del-pais\/","title":{"rendered":"La pel\u00edcula \u2018Los reyes del mundo\u2019 se estrena este jueves en las salas de cine del pa\u00eds"},"content":{"rendered":"<ul>\n<li>El segundo largometraje de Laura Mora se lanza a nivel nacional, tras ganar la Concha de Oro en el Festival de San Sebasti\u00e1n.<\/li>\n<li>Narra la historia de cinco chicos de la calle que se embarcan en un viaje de carretera para encontrar un lugar propio.<\/li>\n<li>Es el pen\u00faltimo t\u00edtulo del \u201cCine Hecho en Medell\u00edn\u201d este 2022 y fue apoyado por la Comisi\u00f3n F\u00edlmica.<\/li>\n<\/ul>\n<!--[if lt IE 9]><script>document.createElement('audio');<\/script><![endif]-->\n\t<div class=\"wp-playlist wp-audio-playlist wp-playlist-light\">\n\t\t\t<div class=\"wp-playlist-current-item\"><\/div>\n\t\t<audio controls=\"controls\" preload=\"none\" width=\"640\"\n\t\t\t><\/audio>\n\t<div class=\"wp-playlist-next\"><\/div>\n\t<div class=\"wp-playlist-prev\"><\/div>\n\t<noscript>\n\t<ol>\n\t\t<li><a href='https:\/\/www.medellin.gov.co\/es\/wp-content\/uploads\/2022\/10\/pelicula-los-reyes-01.mp3'>Palabras de Juan David Orozco, coordinador de FilMedell\u00edn - Comisi\u00f3n F\u00edlmica.<\/a><\/li><li><a href='https:\/\/www.medellin.gov.co\/es\/wp-content\/uploads\/2022\/10\/pelicula-los-reyes-02.mp3'>Palabras de Laura Mora, directora de \u2018Los reyes del mundo\u2019.<\/a><\/li>\t<\/ol>\n\t<\/noscript>\n\t<script type=\"application\/json\" class=\"wp-playlist-script\">{\"type\":\"audio\",\"tracklist\":true,\"tracknumbers\":true,\"images\":true,\"artists\":true,\"tracks\":[{\"src\":\"https:\\\/\\\/www.medellin.gov.co\\\/es\\\/wp-content\\\/uploads\\\/2022\\\/10\\\/pelicula-los-reyes-01.mp3\",\"type\":\"audio\\\/mpeg\",\"title\":\"Palabras de Juan David Orozco, coordinador de FilMedell\\u00edn - Comisi\\u00f3n F\\u00edlmica.\",\"caption\":\"\",\"description\":\"Palabras de Juan David Orozco, coordinador de FilMedell\\u00edn - Comisi\\u00f3n F\\u00edlmica.\",\"meta\":{\"year\":\"2022\",\"length_formatted\":\"0:50\"},\"image\":{\"src\":\"https:\\\/\\\/www.medellin.gov.co\\\/es\\\/wp-includes\\\/images\\\/media\\\/audio.png\",\"width\":48,\"height\":64},\"thumb\":{\"src\":\"https:\\\/\\\/www.medellin.gov.co\\\/es\\\/wp-includes\\\/images\\\/media\\\/audio.png\",\"width\":48,\"height\":64}},{\"src\":\"https:\\\/\\\/www.medellin.gov.co\\\/es\\\/wp-content\\\/uploads\\\/2022\\\/10\\\/pelicula-los-reyes-02.mp3\",\"type\":\"audio\\\/mpeg\",\"title\":\"Palabras de Laura Mora, directora de \\u2018Los reyes del mundo\\u2019.\",\"caption\":\"\",\"description\":\"Palabras de Laura Mora, directora de \\u2018Los reyes del mundo\\u2019.\",\"meta\":{\"year\":\"2022\",\"length_formatted\":\"1:28\"},\"image\":{\"src\":\"https:\\\/\\\/www.medellin.gov.co\\\/es\\\/wp-includes\\\/images\\\/media\\\/audio.png\",\"width\":48,\"height\":64},\"thumb\":{\"src\":\"https:\\\/\\\/www.medellin.gov.co\\\/es\\\/wp-includes\\\/images\\\/media\\\/audio.png\",\"width\":48,\"height\":64}}]}<\/script>\n<\/div>\n\t\n<p>Lleg\u00f3 la hora de ver<em> \u201cLos reyes del mundo\u201d <\/em>en la pantalla grande. El largometraje de Laura Mora, el pen\u00faltimo t\u00edtulo del a\u00f1o de la iniciativa \u201cCine Hecho en Medell\u00edn\u201d de la Administraci\u00f3n Distrital, se estrena este jueves 13 de octubre, luego de hacer historia en el Festival de San Sebasti\u00e1n, donde se coron\u00f3 como la mejor pel\u00edcula y trajo por primera vez el premio de la Concha de Oro a Colombia.<\/p>\n<p>El viaje de esta pel\u00edcula, que empez\u00f3 hace casi cuatro a\u00f1os con las primeras ideas de la historia, que sigui\u00f3 con un rodaje de meses entre el Bajo Cauca y Medell\u00edn, en plena pandemia, y que en su paso por Europa cosech\u00f3 aplausos y reconocimientos, completa el c\u00edrculo y vuelve al punto de inicio.<\/p>\n<p><em>\u201cEstoy muy feliz y muy emocionada con todo lo que ha pasado. Creo que los cineastas anhelamos el d\u00eda en que las pel\u00edculas regresan al lugar de origen. Ha sido muy largo el viaje de esta pel\u00edcula, que tambi\u00e9n es un viaje: en carretera de Medell\u00edn al Bajo Cauca, por el paisaje y tambi\u00e9n un viaje hacia el interior\u201d<\/em>, expres\u00f3 la directora, Laura Mora.<\/p>\n<p><em>\u201cLos reyes del mundo\u201d <\/em>narra la historia de cinco chicos de las calles de Medell\u00edn: R\u00e1, Culebrero, Sere, Winny y Nano. Cinco reyes sin reino, sin ley, sin familia, que intentan llegar a la tierra prometida. Uno de ellos ha sido notificado de la devoluci\u00f3n de un terreno que le fue arrebatado a su abuela, as\u00ed que, juntos, emprenden un viaje con la promesa de cumplir el sue\u00f1o de tener un espacio para ser libres, estar a salvo y construir su propio reino.<\/p>\n<p>La pel\u00edcula se rod\u00f3 entre julio y septiembre de 2021 en condiciones especiales, debido a la pandemia. Su \u00faltima semana de producci\u00f3n se realiz\u00f3 en locaciones de Medell\u00edn, con el apoyo de la Comisi\u00f3n F\u00edlmica, que articul\u00f3 las necesidades del rodaje con otras entidades como la Subsecretar\u00eda de Espacio P\u00fablico, la Gerencia del Centro, la Secretar\u00eda de Inclusi\u00f3n Social, Familia y Derechos Humanos y la Agencia APP. Luego de este proceso, la pel\u00edcula recibi\u00f3 un incentivo econ\u00f3mico superior a los $80 millones, entregado tambi\u00e9n por la Comisi\u00f3n F\u00edlmica, como mecanismo de devoluci\u00f3n por su inversi\u00f3n en la ciudad.<\/p>\n<div id=\"attachment_118214\" style=\"width: 1210px\" class=\"wp-caption alignnone\"><a href=\"https:\/\/www.medellin.gov.co\/es\/wp-content\/uploads\/2022\/10\/pelicula-los-reyes-2.jpg\" target=\"_blank\" rel=\"noopener\"><img aria-describedby=\"caption-attachment-118214\" loading=\"lazy\" class=\"wp-image-118214 size-full\" title=\"Los reyes del mundo\" src=\"https:\/\/www.medellin.gov.co\/es\/wp-content\/uploads\/2022\/10\/pelicula-los-reyes-2.jpg\" alt=\"Los reyes del mundo\" width=\"1200\" height=\"800\" srcset=\"https:\/\/www.medellin.gov.co\/es\/wp-content\/uploads\/2022\/10\/pelicula-los-reyes-2.jpg 1200w, https:\/\/www.medellin.gov.co\/es\/wp-content\/uploads\/2022\/10\/pelicula-los-reyes-2-300x200.jpg 300w, https:\/\/www.medellin.gov.co\/es\/wp-content\/uploads\/2022\/10\/pelicula-los-reyes-2-1024x683.jpg 1024w, https:\/\/www.medellin.gov.co\/es\/wp-content\/uploads\/2022\/10\/pelicula-los-reyes-2-150x100.jpg 150w, https:\/\/www.medellin.gov.co\/es\/wp-content\/uploads\/2022\/10\/pelicula-los-reyes-2-768x512.jpg 768w\" sizes=\"(max-width: 1200px) 100vw, 1200px\" \/><\/a><p id=\"caption-attachment-118214\" class=\"wp-caption-text\">Los reyes del mundo &#8211; Foto: Alcald\u00eda de Medell\u00edn<\/p><\/div>\n<p><em>\u201cEsta pel\u00edcula viene de recibir muchos premios en el mundo, incluido la Concha de Oro en el Festival de San Sebasti\u00e1n, que es el principal hito de la historia cinematogr\u00e1fica del pa\u00eds. Por esto, la expectativa es muy alta para disfrutarla y desde nosotros la invitaci\u00f3n es para que vayan a las salas de cine y empiecen a disfrutarla desde este primer fin de semana. Muy pronto, estaremos entregando pases dobles desde las redes sociales de FilMedell\u00edn para que vayan a ver la pel\u00edcula en la Sala Cine Hecho en Medell\u00edn en el centro comercial Aventura\u201d<\/em>, dijo el coordinador de FilMedell\u00edn &#8211; Comisi\u00f3n F\u00edlmica, Juan David Orozco.<\/p>\n<p>Se trata de la sexta de las siete pel\u00edculas de este 2022 que conforman la iniciativa <em>\u201cCine Hecho en Medell\u00edn\u201d<\/em>, nacida de una alianza de productoras y distribuidoras locales con el Festival Miradas, la Cinemateca Municipal, el canal Telemedell\u00edn, la Secretar\u00eda de Comunicaciones y FilMedell\u00edn &#8211; Comisi\u00f3n F\u00edlmica. El pr\u00f3ximo t\u00edtulo que llegar\u00e1 a las salas, que ser\u00e1 el \u00faltimo del a\u00f1o, es <em>\u2018La roya\u2019<\/em>, de Juan Sebasti\u00e1n Mesa, el 10 de noviembre.<\/p>\n<p>Adem\u00e1s de la Concha de Oro, la pel\u00edcula recibi\u00f3 los reconocimientos del Premio Signis (de la Asociaci\u00f3n Cat\u00f3lica Mundial para la Comunicaci\u00f3n) y el Premio Feroz (de la cr\u00edtica espa\u00f1ola), otorgados en el marco de este festival. Adicionalmente, fue premiada como la mejor pel\u00edcula en los festivales de Biarritz y Zurich, que terminaron hace algunos d\u00edas.<\/p>\n<p>Por otro lado, la semana pasada fue anunciada como la pel\u00edcula designada por la Academia Colombiana de Artes y Ciencias Cinematogr\u00e1ficas para representar al pa\u00eds en la carrera a los Premios \u00d3scar 2023. Con su exitoso recorrido internacional y el inicio de una campa\u00f1a de promoci\u00f3n acompa\u00f1ada de su distribuci\u00f3n en Estados Unidos, esta producci\u00f3n aspira el pr\u00f3ximo a\u00f1o a celebrar un nuevo hito y quedar nominada como Mejor pel\u00edcula en lengua extranjera, algo que solo ha logrado a nivel nacional <em>\u2018El abrazo de la serpiente\u2019<\/em>, de Ciro Guerra, en la edici\u00f3n de 2016.<\/p>\n<p>Junto a Laura Mora, <em>\u201cLos reyes del mundo<\/em>\u201d fue liderada por Cristina Gallego y Mirlanda Torres, como las cabezas de producci\u00f3n. Gallego es la fundadora de Ciudad Lunar Producciones, la empresa detr\u00e1s de pel\u00edculas como <em>\u2018El abrazo de la serpiente\u2019<\/em> y <em>\u2018P\u00e1jaros de verano\u2019<\/em>, mientras que Torres es una de las socias, junto a la cineasta antioque\u00f1a Daniela Abad y la misma Laura Mora, de La Selva Cine, una nueva casa productora radicada en Medell\u00edn. La pel\u00edcula tambi\u00e9n fue apoyada por Caracol Cine y empresas de Luxemburgo, Francia, M\u00e9xico y Noruega.<\/p>\n","protected":false},"excerpt":{"rendered":"<p>El segundo largometraje de Laura Mora se lanza a nivel nacional, tras ganar la Concha de Oro en el Festival de San Sebasti\u00e1n. Narra la historia de cinco chicos de la calle que se embarcan &#8230;<\/p>\n","protected":false},"author":4,"featured_media":118212,"comment_status":"open","ping_status":"open","sticky":false,"template":"","format":"standard","meta":[],"categories":[3],"tags":[444,455],"formato_nota":[],"programas_tax":[],"acf":[],"_links":{"self":[{"href":"https:\/\/www.medellin.gov.co\/es\/wp-json\/wp\/v2\/posts\/118205"}],"collection":[{"href":"https:\/\/www.medellin.gov.co\/es\/wp-json\/wp\/v2\/posts"}],"about":[{"href":"https:\/\/www.medellin.gov.co\/es\/wp-json\/wp\/v2\/types\/post"}],"author":[{"embeddable":true,"href":"https:\/\/www.medellin.gov.co\/es\/wp-json\/wp\/v2\/users\/4"}],"replies":[{"embeddable":true,"href":"https:\/\/www.medellin.gov.co\/es\/wp-json\/wp\/v2\/comments?post=118205"}],"version-history":[{"count":1,"href":"https:\/\/www.medellin.gov.co\/es\/wp-json\/wp\/v2\/posts\/118205\/revisions"}],"predecessor-version":[{"id":118215,"href":"https:\/\/www.medellin.gov.co\/es\/wp-json\/wp\/v2\/posts\/118205\/revisions\/118215"}],"wp:featuredmedia":[{"embeddable":true,"href":"https:\/\/www.medellin.gov.co\/es\/wp-json\/wp\/v2\/media\/118212"}],"wp:attachment":[{"href":"https:\/\/www.medellin.gov.co\/es\/wp-json\/wp\/v2\/media?parent=118205"}],"wp:term":[{"taxonomy":"category","embeddable":true,"href":"https:\/\/www.medellin.gov.co\/es\/wp-json\/wp\/v2\/categories?post=118205"},{"taxonomy":"post_tag","embeddable":true,"href":"https:\/\/www.medellin.gov.co\/es\/wp-json\/wp\/v2\/tags?post=118205"},{"taxonomy":"formato_nota","embeddable":true,"href":"https:\/\/www.medellin.gov.co\/es\/wp-json\/wp\/v2\/formato_nota?post=118205"},{"taxonomy":"programas_tax","embeddable":true,"href":"https:\/\/www.medellin.gov.co\/es\/wp-json\/wp\/v2\/programas_tax?post=118205"}],"curies":[{"name":"wp","href":"https:\/\/api.w.org\/{rel}","templated":true}]}}