{"id":118218,"date":"2022-10-13T13:44:44","date_gmt":"2022-10-13T18:44:44","guid":{"rendered":"https:\/\/www.medellin.gov.co\/es\/?p=118218"},"modified":"2022-10-13T13:44:44","modified_gmt":"2022-10-13T18:44:44","slug":"la-administracion-distrital-avanza-con-campanas-pedagogicas-y-de-sensibilizacion-para-cuidar-la-vida-de-los-actores-viales","status":"publish","type":"post","link":"https:\/\/www.medellin.gov.co\/es\/sala-de-prensa\/noticias\/la-administracion-distrital-avanza-con-campanas-pedagogicas-y-de-sensibilizacion-para-cuidar-la-vida-de-los-actores-viales\/","title":{"rendered":"La Administraci\u00f3n Distrital avanza con campa\u00f1as pedag\u00f3gicas y de sensibilizaci\u00f3n para cuidar la vida de los actores viales"},"content":{"rendered":"<ul>\n<li>El Distrito hace un llamado a acatar las normas de tr\u00e1nsito, conducir con precauci\u00f3n y revisar peri\u00f3dicamente los veh\u00edculos.<\/li>\n<li>El Cuerpo Oficial de Bomberos Medell\u00edn apoya la atenci\u00f3n de los casos de mayor complejidad.<\/li>\n<\/ul>\n<!--[if lt IE 9]><script>document.createElement('audio');<\/script><![endif]-->\n\t<div class=\"wp-playlist wp-audio-playlist wp-playlist-light\">\n\t\t\t<div class=\"wp-playlist-current-item\"><\/div>\n\t\t<audio controls=\"controls\" preload=\"none\" width=\"640\"\n\t\t\t><\/audio>\n\t<div class=\"wp-playlist-next\"><\/div>\n\t<div class=\"wp-playlist-prev\"><\/div>\n\t<noscript>\n\t<ol>\n\t\t<li><a href='https:\/\/www.medellin.gov.co\/es\/wp-content\/uploads\/2022\/10\/actores-viales-01.mp3'>Palabras de Luis Fernando Vanegas, comandante de tr\u00e1nsito de la Secretar\u00eda de Movilidad.<\/a><\/li><li><a href='https:\/\/www.medellin.gov.co\/es\/wp-content\/uploads\/2022\/10\/actores-viales-02.mp3'>Palabras de Carlos Mu\u00f1oz, subdirector de Manejo de Desastres del Dagrd.<\/a><\/li>\t<\/ol>\n\t<\/noscript>\n\t<script type=\"application\/json\" class=\"wp-playlist-script\">{\"type\":\"audio\",\"tracklist\":true,\"tracknumbers\":true,\"images\":true,\"artists\":true,\"tracks\":[{\"src\":\"https:\\\/\\\/www.medellin.gov.co\\\/es\\\/wp-content\\\/uploads\\\/2022\\\/10\\\/actores-viales-01.mp3\",\"type\":\"audio\\\/mpeg\",\"title\":\"Palabras de Luis Fernando Vanegas, comandante de tr\\u00e1nsito de la Secretar\\u00eda de Movilidad.\",\"caption\":\"\",\"description\":\"Palabras de Luis Fernando Vanegas, comandante de tr\\u00e1nsito de la Secretar\\u00eda de Movilidad.\",\"meta\":{\"year\":\"2022\",\"length_formatted\":\"1:04\"},\"image\":{\"src\":\"https:\\\/\\\/www.medellin.gov.co\\\/es\\\/wp-includes\\\/images\\\/media\\\/audio.png\",\"width\":48,\"height\":64},\"thumb\":{\"src\":\"https:\\\/\\\/www.medellin.gov.co\\\/es\\\/wp-includes\\\/images\\\/media\\\/audio.png\",\"width\":48,\"height\":64}},{\"src\":\"https:\\\/\\\/www.medellin.gov.co\\\/es\\\/wp-content\\\/uploads\\\/2022\\\/10\\\/actores-viales-02.mp3\",\"type\":\"audio\\\/mpeg\",\"title\":\"Palabras de Carlos Mu\\u00f1oz, subdirector de Manejo de Desastres del Dagrd.\",\"caption\":\"\",\"description\":\"\\u00abactores-viales-02\\u00bb.\",\"meta\":{\"length_formatted\":\"0:59\"},\"image\":{\"src\":\"https:\\\/\\\/www.medellin.gov.co\\\/es\\\/wp-includes\\\/images\\\/media\\\/audio.png\",\"width\":48,\"height\":64},\"thumb\":{\"src\":\"https:\\\/\\\/www.medellin.gov.co\\\/es\\\/wp-includes\\\/images\\\/media\\\/audio.png\",\"width\":48,\"height\":64}}]}<\/script>\n<\/div>\n\t\n<p>Entre el 1 de enero y el 1 de octubre de este a\u00f1o, la Alcald\u00eda de Medell\u00edn ha atendido 32.109 incidentes vehiculares, lo que representa un incremento del 8 % respecto al mismo periodo de 2021. Por eso, se hace un llamado a todos los conductores para que respeten las normas de tr\u00e1nsito, conduzcan con precauci\u00f3n y revisen peri\u00f3dicamente el estado t\u00e9cnico mec\u00e1nico de sus veh\u00edculos.<\/p>\n<p>Con base en estas cifras, en Medell\u00edn, cada 16 minutos, una persona resulta lesionada en un incidente vehicular y cada 35 horas hay una muerte por esta causa.<\/p>\n<p><em>\u201c<\/em><em>Los invitamos a cumplir con todas las normas de tr\u00e1nsito, no exceder los l\u00edmites de velocidad, no realizar maniobras peligrosas, tomarnos esos 5 minutos de vida para revisar nuestro veh\u00edculo antes de salir a nuestra jornada, de revisar la documentaci\u00f3n y, muy importante, el estado de \u00e1nimo. Cuando estamos estresados, enojados o alterados, esto se refleja en nuestro comportamiento en la v\u00eda, entonces el llamado es para que nos comprometamos con la movilidad y protejamos la vida en la v\u00eda<\/em>\u201d, expres\u00f3 el comandante de tr\u00e1nsito de la Secretar\u00eda de Movilidad, Luis Fernando Vanegas.<\/p>\n<div id=\"attachment_118221\" style=\"width: 1034px\" class=\"wp-caption alignnone\"><a href=\"https:\/\/www.medellin.gov.co\/es\/wp-content\/uploads\/2022\/10\/actores-viales-2.jpeg\" target=\"_blank\" rel=\"noopener\"><img aria-describedby=\"caption-attachment-118221\" loading=\"lazy\" class=\"wp-image-118221 size-full\" title=\"Actores viales\" src=\"https:\/\/www.medellin.gov.co\/es\/wp-content\/uploads\/2022\/10\/actores-viales-2.jpeg\" alt=\"Actores viales\" width=\"1024\" height=\"682\" srcset=\"https:\/\/www.medellin.gov.co\/es\/wp-content\/uploads\/2022\/10\/actores-viales-2.jpeg 1024w, https:\/\/www.medellin.gov.co\/es\/wp-content\/uploads\/2022\/10\/actores-viales-2-300x200.jpeg 300w, https:\/\/www.medellin.gov.co\/es\/wp-content\/uploads\/2022\/10\/actores-viales-2-150x100.jpeg 150w, https:\/\/www.medellin.gov.co\/es\/wp-content\/uploads\/2022\/10\/actores-viales-2-768x512.jpeg 768w\" sizes=\"(max-width: 1024px) 100vw, 1024px\" \/><\/a><p id=\"caption-attachment-118221\" class=\"wp-caption-text\">Actores viales &#8211; Foto: Alcald\u00eda de Medell\u00edn<\/p><\/div>\n<p>De los incidentes vehiculares, el Cuerpo Oficial de Bomberos Medell\u00edn ha atendido 1.629 por presentar una condici\u00f3n especial, como una mayor complejidad, por derrame de combustible, personas atrapadas, multitud de lesionados o por otros riesgos asociados.<\/p>\n<p><em>\u201cTodos los incidentes de tr\u00e1nsito son evitables. Por eso, hacemos un llamado a los conductores a manejar con precauci\u00f3n. Adem\u00e1s, con eso ayudamos a optimizar los servicios que prestan los Bomberos en la ciudad, quienes llegan a las comunidades con el \u00fanico prop\u00f3sito de proteger y salvaguardar la vida\u201d, <\/em>coment\u00f3 el subdirector de Manejo de Desastres del Dagrd, Carlos Mu\u00f1oz.<\/p>\n<p>En 2022, la Administraci\u00f3n Distrital ha sensibilizado a 146.287 personas sobre los comportamientos que previenen hechos lamentables en las v\u00edas y el cuidado de la vida; 83.207 de ellas son peatones, 24.194 motociclistas y 23.306 acompa\u00f1antes. <em>\u00a0<\/em><\/p>\n<p>Adem\u00e1s, el cambio de velocidad m\u00e1xima de 50 kil\u00f3metros por hora en la carrera 64C dio tan buenos resultados que se replic\u00f3 en la avenida 80, con un balance positivo en t\u00e9rminos de reducci\u00f3n de la mortalidad en estas dos v\u00edas. En el comparativo de los a\u00f1os 2019, 2020, 2021 y 2022, las muertes han disminuido 20 % en la carrera 64C y 30 % en la avenida 80.<\/p>\n","protected":false},"excerpt":{"rendered":"<p>El Distrito hace un llamado a acatar las normas de tr\u00e1nsito, conducir con precauci\u00f3n y revisar peri\u00f3dicamente los veh\u00edculos. El Cuerpo Oficial de Bomberos Medell\u00edn apoya la atenci\u00f3n de los casos de mayor complejidad. Entre &#8230;<\/p>\n","protected":false},"author":4,"featured_media":118220,"comment_status":"open","ping_status":"open","sticky":false,"template":"","format":"standard","meta":[],"categories":[30,14],"tags":[451,431,447],"formato_nota":[],"programas_tax":[],"acf":[],"_links":{"self":[{"href":"https:\/\/www.medellin.gov.co\/es\/wp-json\/wp\/v2\/posts\/118218"}],"collection":[{"href":"https:\/\/www.medellin.gov.co\/es\/wp-json\/wp\/v2\/posts"}],"about":[{"href":"https:\/\/www.medellin.gov.co\/es\/wp-json\/wp\/v2\/types\/post"}],"author":[{"embeddable":true,"href":"https:\/\/www.medellin.gov.co\/es\/wp-json\/wp\/v2\/users\/4"}],"replies":[{"embeddable":true,"href":"https:\/\/www.medellin.gov.co\/es\/wp-json\/wp\/v2\/comments?post=118218"}],"version-history":[{"count":1,"href":"https:\/\/www.medellin.gov.co\/es\/wp-json\/wp\/v2\/posts\/118218\/revisions"}],"predecessor-version":[{"id":118228,"href":"https:\/\/www.medellin.gov.co\/es\/wp-json\/wp\/v2\/posts\/118218\/revisions\/118228"}],"wp:featuredmedia":[{"embeddable":true,"href":"https:\/\/www.medellin.gov.co\/es\/wp-json\/wp\/v2\/media\/118220"}],"wp:attachment":[{"href":"https:\/\/www.medellin.gov.co\/es\/wp-json\/wp\/v2\/media?parent=118218"}],"wp:term":[{"taxonomy":"category","embeddable":true,"href":"https:\/\/www.medellin.gov.co\/es\/wp-json\/wp\/v2\/categories?post=118218"},{"taxonomy":"post_tag","embeddable":true,"href":"https:\/\/www.medellin.gov.co\/es\/wp-json\/wp\/v2\/tags?post=118218"},{"taxonomy":"formato_nota","embeddable":true,"href":"https:\/\/www.medellin.gov.co\/es\/wp-json\/wp\/v2\/formato_nota?post=118218"},{"taxonomy":"programas_tax","embeddable":true,"href":"https:\/\/www.medellin.gov.co\/es\/wp-json\/wp\/v2\/programas_tax?post=118218"}],"curies":[{"name":"wp","href":"https:\/\/api.w.org\/{rel}","templated":true}]}}