{"id":122270,"date":"2022-10-23T20:37:23","date_gmt":"2022-10-24T01:37:23","guid":{"rendered":"https:\/\/www.medellin.gov.co\/es\/?p=122270"},"modified":"2022-10-23T20:37:23","modified_gmt":"2022-10-24T01:37:23","slug":"cinco-nuevas-obras-mejoran-la-calidad-de-vida-e-impulsan-el-turismo-en-la-comuna-13-san-javier","status":"publish","type":"post","link":"https:\/\/www.medellin.gov.co\/es\/sala-de-prensa\/noticias\/cinco-nuevas-obras-mejoran-la-calidad-de-vida-e-impulsan-el-turismo-en-la-comuna-13-san-javier\/","title":{"rendered":"Cinco nuevas obras mejoran la calidad de vida e impulsan el turismo en la comuna 13-San Javier"},"content":{"rendered":"<ul>\n<li>En lo que va de 2022, m\u00e1s de un mill\u00f3n y medio de residentes y turistas se han movilizado por las escaleras el\u00e9ctricas.<\/li>\n<li>El CVS San Javier, el Buen Comienzo Altos de San Juan, la Ciudadela para la Cuarta Revoluci\u00f3n, el Viaducto Media Ladera y el Sendero de Conexi\u00f3n son ejecutorias de la actual administraci\u00f3n.<\/li>\n<li>La inversi\u00f3n es cercana a los $200.000 millones.<\/li>\n<\/ul>\n<!--[if lt IE 9]><script>document.createElement('audio');<\/script><![endif]-->\n\t<div class=\"wp-playlist wp-audio-playlist wp-playlist-light\">\n\t\t\t<div class=\"wp-playlist-current-item\"><\/div>\n\t\t<audio controls=\"controls\" preload=\"none\" width=\"640\"\n\t\t\t><\/audio>\n\t<div class=\"wp-playlist-next\"><\/div>\n\t<div class=\"wp-playlist-prev\"><\/div>\n\t<noscript>\n\t<ol>\n\t\t<li><a href='https:\/\/www.medellin.gov.co\/es\/wp-content\/uploads\/2022\/10\/obras-comuna-13-01.mp3'>Palabras de Margarita Contreras, subgerente de Ejecuci\u00f3n de Proyectos de la EDU.<\/a><\/li><li><a href='https:\/\/www.medellin.gov.co\/es\/wp-content\/uploads\/2022\/10\/obras-comuna-13-02.mp3'>Palabras de Jonathan Ballesteros, director de Relaciones Locales e Internacionales de la Agencia de Cooperaci\u00f3n e Inversi\u00f3n de Medell\u00edn (ACI).<\/a><\/li>\t<\/ol>\n\t<\/noscript>\n\t<script type=\"application\/json\" class=\"wp-playlist-script\">{\"type\":\"audio\",\"tracklist\":true,\"tracknumbers\":true,\"images\":true,\"artists\":true,\"tracks\":[{\"src\":\"https:\\\/\\\/www.medellin.gov.co\\\/es\\\/wp-content\\\/uploads\\\/2022\\\/10\\\/obras-comuna-13-01.mp3\",\"type\":\"audio\\\/mpeg\",\"title\":\"Palabras de Margarita Contreras, subgerente de Ejecuci\\u00f3n de Proyectos de la EDU.\",\"caption\":\"\",\"description\":\"Palabras de Margarita Contreras, subgerente de Ejecuci\\u00f3n de Proyectos de la EDU.\",\"meta\":{\"year\":\"2022\",\"length_formatted\":\"0:44\"},\"image\":{\"src\":\"https:\\\/\\\/www.medellin.gov.co\\\/es\\\/wp-includes\\\/images\\\/media\\\/audio.png\",\"width\":48,\"height\":64},\"thumb\":{\"src\":\"https:\\\/\\\/www.medellin.gov.co\\\/es\\\/wp-includes\\\/images\\\/media\\\/audio.png\",\"width\":48,\"height\":64}},{\"src\":\"https:\\\/\\\/www.medellin.gov.co\\\/es\\\/wp-content\\\/uploads\\\/2022\\\/10\\\/obras-comuna-13-02.mp3\",\"type\":\"audio\\\/mpeg\",\"title\":\"Palabras de Jonathan Ballesteros, director de Relaciones Locales e Internacionales de la Agencia de Cooperaci\\u00f3n e Inversi\\u00f3n de Medell\\u00edn (ACI).\",\"caption\":\"\",\"description\":\"\\u00abobras-comuna-13-02\\u00bb. Lanzamiento: 2022.\",\"meta\":{\"year\":\"2022\",\"length_formatted\":\"0:33\"},\"image\":{\"src\":\"https:\\\/\\\/www.medellin.gov.co\\\/es\\\/wp-includes\\\/images\\\/media\\\/audio.png\",\"width\":48,\"height\":64},\"thumb\":{\"src\":\"https:\\\/\\\/www.medellin.gov.co\\\/es\\\/wp-includes\\\/images\\\/media\\\/audio.png\",\"width\":48,\"height\":64}}]}<\/script>\n<\/div>\n\t\n<p>Con la ejecuci\u00f3n de cinco grandes obras de infraestructura, la comuna 13-San Javier se sigue posicionando como un referente de transformaci\u00f3n urbana y social y, a su vez, como uno de los principales destinos tur\u00edsticos en el mundo.<\/p>\n<p>De esas, la Ciudadela para la Cuarta Revoluci\u00f3n y la Transformaci\u00f3n del Aprendizaje (C4TA), el Viaducto Media Ladera y el Sendero de Conexi\u00f3n 2 se han convertido en sitios atractivos para los recorridos que se ofrecen en esa comuna.<\/p>\n<p>El director de Relaciones Locales e Internacionales de la Agencia de Cooperaci\u00f3n e Inversi\u00f3n de Medell\u00edn (ACI), Jonathan Ballesteros, destac\u00f3 el auge del turismo no solo por el graffitour sino por referentes urbanos como es la Ciudadela C4TA.<\/p>\n<p><em>\u201cLa comuna 13 se ha convertido en un aut\u00e9ntico referente de innovaci\u00f3n urbana. Desde la ACI nos hemos encargado de contarle al mundo el proceso de transformaci\u00f3n de este territorio\u201d<\/em>, indic\u00f3.<\/p>\n<p>Desde los procesos de transferencia de conocimientos, la ACI ha liderado agendas internacionales en las que m\u00e1s de 500 l\u00edderes, funcionarios, acad\u00e9micos, empresarios y otros actores han conocido la experiencia de transformaci\u00f3n de la comuna 13.<\/p>\n<div id=\"attachment_122273\" style=\"width: 1210px\" class=\"wp-caption alignnone\"><a href=\"https:\/\/www.medellin.gov.co\/es\/wp-content\/uploads\/2022\/10\/obras-comuna-13-2.jpg\" target=\"_blank\" rel=\"noopener\"><img aria-describedby=\"caption-attachment-122273\" loading=\"lazy\" class=\"wp-image-122273 size-full\" title=\"Nuevas obras\" src=\"https:\/\/www.medellin.gov.co\/es\/wp-content\/uploads\/2022\/10\/obras-comuna-13-2.jpg\" alt=\"Nuevas obras\" width=\"1200\" height=\"800\" srcset=\"https:\/\/www.medellin.gov.co\/es\/wp-content\/uploads\/2022\/10\/obras-comuna-13-2.jpg 1200w, https:\/\/www.medellin.gov.co\/es\/wp-content\/uploads\/2022\/10\/obras-comuna-13-2-300x200.jpg 300w, https:\/\/www.medellin.gov.co\/es\/wp-content\/uploads\/2022\/10\/obras-comuna-13-2-1024x683.jpg 1024w, https:\/\/www.medellin.gov.co\/es\/wp-content\/uploads\/2022\/10\/obras-comuna-13-2-150x100.jpg 150w, https:\/\/www.medellin.gov.co\/es\/wp-content\/uploads\/2022\/10\/obras-comuna-13-2-768x512.jpg 768w\" sizes=\"(max-width: 1200px) 100vw, 1200px\" \/><\/a><p id=\"caption-attachment-122273\" class=\"wp-caption-text\">Nuevas obras &#8211; Foto: Alcald\u00eda de Medell\u00edn<\/p><\/div>\n<p>Gloria Elena Clavijo, vecina de la Ciudadela C4TA, sitio en el que por m\u00e1s de 100 a\u00f1os funcion\u00f3 la c\u00e1rcel de mujeres El Buen Pastor, cont\u00f3 lo que ha significado pasar de un lugar de reclusi\u00f3n a un espacio de conocimiento y cocreatividad.<\/p>\n<p><em>\u201cProyectos como la C4TA y las escaleras el\u00e9ctricas han generado un espacio de paz y convivencia. Todos los d\u00edas vienen diferentes personas a mirar estos lugares. Por ejemplo, aqu\u00ed en la ciudadela, los vecinos salen m\u00e1s con sus mascotas y sus familias\u201d<\/em>, se\u00f1al\u00f3.<strong>\u00a0<\/strong><\/p>\n<h2><strong>Obras que han recuperado el tejido social <\/strong><\/h2>\n<p>Con la construcci\u00f3n de la Medell\u00edn Futuro no solo se han ejecutado obras que mejoran la calidad de vida de los habitantes de la comuna 13 sino que se han convertido en referentes urbanos.<\/p>\n<p>En la actual administraci\u00f3n, se han entregado el Viaducto Media Ladera, el Sendero de Conexi\u00f3n, la Ciudadela para la Cuarta Revoluci\u00f3n y la Transformaci\u00f3n del Aprendizaje, el Centro del Valle del Software de San Javier y el jard\u00edn infantil Buen Comienzo Altos de San Juan, en las que se han invertido cerca de $200.000 millones.<\/p>\n<p>Por ejemplo, con el jard\u00edn infantil se benefician 200 ni\u00f1os y ni\u00f1as, y en la Ciudadela C4TA se han formado 13.359 estudiantes.<\/p>\n<p>La subgerente de Ejecuci\u00f3n de Proyectos de la EDU, Margarita Contreras, destac\u00f3 que las obras p\u00fablicas han ayudado a recuperar el tejido social de una comuna que sufri\u00f3 mucho por la violencia.<\/p>\n<p><em>\u201cCon las obras del Proyecto Urbano Integral de la comuna 13 (PUI) como son el viaducto y recientemente el Sendero de Conexi\u00f3n, los habitantes del sector de Independencias ahora disfrutan de juegos infantiles, estancias, miradores, teatrinos, m\u00e1quinas para hacer ejercicio al aire libre y arte urbano, en una galer\u00eda que cuenta el pasado, el presente y el futuro de una de las zonas m\u00e1s resilientes de la ciudad\u201d, <\/em>dijo.<\/p>\n<p>Seg\u00fan datos de la Subsecretar\u00eda de Turismo, en lo que va de 2022, por la zona de las escaleras el\u00e9ctricas se han movilizado 1.663.461 personas entre residentes y turistas.<\/p>\n","protected":false},"excerpt":{"rendered":"<p>En lo que va de 2022, m\u00e1s de un mill\u00f3n y medio de residentes y turistas se han movilizado por las escaleras el\u00e9ctricas. El CVS San Javier, el Buen Comienzo Altos de San Juan, la &#8230;<\/p>\n","protected":false},"author":4,"featured_media":122272,"comment_status":"open","ping_status":"open","sticky":false,"template":"","format":"standard","meta":[],"categories":[11],"tags":[434,442],"formato_nota":[],"programas_tax":[],"acf":[],"_links":{"self":[{"href":"https:\/\/www.medellin.gov.co\/es\/wp-json\/wp\/v2\/posts\/122270"}],"collection":[{"href":"https:\/\/www.medellin.gov.co\/es\/wp-json\/wp\/v2\/posts"}],"about":[{"href":"https:\/\/www.medellin.gov.co\/es\/wp-json\/wp\/v2\/types\/post"}],"author":[{"embeddable":true,"href":"https:\/\/www.medellin.gov.co\/es\/wp-json\/wp\/v2\/users\/4"}],"replies":[{"embeddable":true,"href":"https:\/\/www.medellin.gov.co\/es\/wp-json\/wp\/v2\/comments?post=122270"}],"version-history":[{"count":1,"href":"https:\/\/www.medellin.gov.co\/es\/wp-json\/wp\/v2\/posts\/122270\/revisions"}],"predecessor-version":[{"id":122279,"href":"https:\/\/www.medellin.gov.co\/es\/wp-json\/wp\/v2\/posts\/122270\/revisions\/122279"}],"wp:featuredmedia":[{"embeddable":true,"href":"https:\/\/www.medellin.gov.co\/es\/wp-json\/wp\/v2\/media\/122272"}],"wp:attachment":[{"href":"https:\/\/www.medellin.gov.co\/es\/wp-json\/wp\/v2\/media?parent=122270"}],"wp:term":[{"taxonomy":"category","embeddable":true,"href":"https:\/\/www.medellin.gov.co\/es\/wp-json\/wp\/v2\/categories?post=122270"},{"taxonomy":"post_tag","embeddable":true,"href":"https:\/\/www.medellin.gov.co\/es\/wp-json\/wp\/v2\/tags?post=122270"},{"taxonomy":"formato_nota","embeddable":true,"href":"https:\/\/www.medellin.gov.co\/es\/wp-json\/wp\/v2\/formato_nota?post=122270"},{"taxonomy":"programas_tax","embeddable":true,"href":"https:\/\/www.medellin.gov.co\/es\/wp-json\/wp\/v2\/programas_tax?post=122270"}],"curies":[{"name":"wp","href":"https:\/\/api.w.org\/{rel}","templated":true}]}}