{"id":122281,"date":"2022-10-23T20:41:51","date_gmt":"2022-10-24T01:41:51","guid":{"rendered":"https:\/\/www.medellin.gov.co\/es\/?p=122281"},"modified":"2022-10-23T20:41:51","modified_gmt":"2022-10-24T01:41:51","slug":"mas-de-60-expertos-de-la-ingenieria-presentaran-avances-tecnologicos-que-aportan-al-desarrollo-sostenible-de-la-ciudad-y-la-region","status":"publish","type":"post","link":"https:\/\/www.medellin.gov.co\/es\/sala-de-prensa\/noticias\/mas-de-60-expertos-de-la-ingenieria-presentaran-avances-tecnologicos-que-aportan-al-desarrollo-sostenible-de-la-ciudad-y-la-region\/","title":{"rendered":"M\u00e1s de 60 expertos de la ingenier\u00eda presentar\u00e1n avances tecnol\u00f3gicos que aportan al desarrollo sostenible de la ciudad y la regi\u00f3n"},"content":{"rendered":"<ul>\n<li>Ser\u00e1 del 27 al 29 de octubre durante el segundo Congreso Internacional de Ingenier\u00eda, en Plaza Mayor.<\/li>\n<li>Tambi\u00e9n se llevar\u00e1 a cabo el quinto encuentro de Proyecci\u00f3n T\u00e9rmica, un espacio para discutir sobre los retos del sector industrial.<\/li>\n<li>Se espera la asistencia de 1.200 personas. Las inscripciones no tienen costo y se adelantan a trav\u00e9s de: <a href=\"https:\/\/expoingenieria.edu.co\/\" target=\"_blank\" rel=\"noopener\">https:\/\/expoingenieria.edu.co\/<\/a>.<\/li>\n<\/ul>\n<!--[if lt IE 9]><script>document.createElement('audio');<\/script><![endif]-->\n\t<div class=\"wp-playlist wp-audio-playlist wp-playlist-light\">\n\t\t\t<div class=\"wp-playlist-current-item\"><\/div>\n\t\t<audio controls=\"controls\" preload=\"none\" width=\"640\"\n\t\t\t><\/audio>\n\t<div class=\"wp-playlist-next\"><\/div>\n\t<div class=\"wp-playlist-prev\"><\/div>\n\t<noscript>\n\t<ol>\n\t\t<li><a href='https:\/\/www.medellin.gov.co\/es\/wp-content\/uploads\/2022\/10\/avances-tecnologicos.mp3'>Palabras de V\u00edctor Hugo Zapata, gerente de Plaza Mayor.<\/a><\/li>\t<\/ol>\n\t<\/noscript>\n\t<script type=\"application\/json\" class=\"wp-playlist-script\">{\"type\":\"audio\",\"tracklist\":true,\"tracknumbers\":true,\"images\":true,\"artists\":true,\"tracks\":[{\"src\":\"https:\\\/\\\/www.medellin.gov.co\\\/es\\\/wp-content\\\/uploads\\\/2022\\\/10\\\/avances-tecnologicos.mp3\",\"type\":\"audio\\\/mpeg\",\"title\":\"Palabras de V\\u00edctor Hugo Zapata, gerente de Plaza Mayor.\",\"caption\":\"\",\"description\":\"\\u00abavances-tecnologicos\\u00bb. Lanzamiento: 2022.\",\"meta\":{\"year\":\"2022\",\"length_formatted\":\"0:54\"},\"image\":{\"src\":\"https:\\\/\\\/www.medellin.gov.co\\\/es\\\/wp-includes\\\/images\\\/media\\\/audio.png\",\"width\":48,\"height\":64},\"thumb\":{\"src\":\"https:\\\/\\\/www.medellin.gov.co\\\/es\\\/wp-includes\\\/images\\\/media\\\/audio.png\",\"width\":48,\"height\":64}}]}<\/script>\n<\/div>\n\t\n<p>Del 27 al 29 de octubre, Medell\u00edn ser\u00e1 sede del segundo Congreso Internacional de Ingenier\u00eda, en el Pabell\u00f3n Verde de Plaza Mayor. All\u00ed, m\u00e1s de 60 expertos mostrar\u00e1n c\u00f3mo los avances en esta \u00e1rea contribuyen al desarrollo sostenible de las ciudades y las regiones.<\/p>\n<p>El congreso es organizado por la Central Promotora de Medios, ImaGroup, la Universidad de Antioquia y Plaza Mayor, con el apoyo del Distrito Especial de Ciencia, Tecnolog\u00eda e Innovaci\u00f3n de Medell\u00edn. Se espera la asistencia de 1.200 personas.<\/p>\n<p><em>\u201cLa importancia y la relevancia de la Universidad de Antioquia se suma a la capacidad de gesti\u00f3n de Plaza Mayor Medell\u00edn y juntos, tendremos este a\u00f1o del 27 al 29 de octubre Expoingenier\u00eda en su segunda versi\u00f3n, todo lo atinente al desarrollo y a todos los avances que nos trae el mundo de la ingenier\u00eda ese campo del conocimiento tan importante que transforma realidades\u201d,<\/em> expres\u00f3 el gerente de Plaza Mayor, V\u00edctor Hugo Zapata.<\/p>\n<div id=\"attachment_122285\" style=\"width: 1210px\" class=\"wp-caption alignnone\"><a href=\"https:\/\/www.medellin.gov.co\/es\/wp-content\/uploads\/2022\/10\/avances-tecnologicos-2.jpg\" target=\"_blank\" rel=\"noopener\"><img aria-describedby=\"caption-attachment-122285\" loading=\"lazy\" class=\"wp-image-122285 size-full\" title=\"Avances tecnol\u00f3gicos\" src=\"https:\/\/www.medellin.gov.co\/es\/wp-content\/uploads\/2022\/10\/avances-tecnologicos-2.jpg\" alt=\"Avances tecnol\u00f3gicos\" width=\"1200\" height=\"801\" srcset=\"https:\/\/www.medellin.gov.co\/es\/wp-content\/uploads\/2022\/10\/avances-tecnologicos-2.jpg 1200w, https:\/\/www.medellin.gov.co\/es\/wp-content\/uploads\/2022\/10\/avances-tecnologicos-2-300x200.jpg 300w, https:\/\/www.medellin.gov.co\/es\/wp-content\/uploads\/2022\/10\/avances-tecnologicos-2-1024x684.jpg 1024w, https:\/\/www.medellin.gov.co\/es\/wp-content\/uploads\/2022\/10\/avances-tecnologicos-2-150x100.jpg 150w, https:\/\/www.medellin.gov.co\/es\/wp-content\/uploads\/2022\/10\/avances-tecnologicos-2-768x513.jpg 768w\" sizes=\"(max-width: 1200px) 100vw, 1200px\" \/><\/a><p id=\"caption-attachment-122285\" class=\"wp-caption-text\">Avances tecnol\u00f3gicos &#8211; Foto: Alcald\u00eda de Medell\u00edn<\/p><\/div>\n<p>Durante el evento habr\u00e1 conversatorios sobre cambio clim\u00e1tico, territorios sostenibles y avances de las alternativas del uso de la energ\u00eda. Las inscripciones no tienen costo y se realizan a trav\u00e9s de: <a href=\"https:\/\/expoingenieria.edu.co\/\" target=\"_blank\" rel=\"noopener\">https:\/\/expoingenieria.edu.co\/<\/a>.<\/p>\n<p>El 28 de octubre, entre las 9:00 a. m. y las 6:00 p. m., se celebrar\u00e1 el quinto encuentro de Proyecci\u00f3n T\u00e9rmica, un escenario para socializar los resultados e investigaciones sobre el desarrollo de recubrimientos, materias primas y dispositivos utilizados a nivel nacional e internacional.<\/p>\n<p>Entre los conferencistas est\u00e1n la mexicana Valeria Ch\u00e1vez, doctora e investigadora de soluciones basadas en la naturaleza para la protecci\u00f3n costera; el estadounidense Andr\u00e9 Boheman, ganador del Premio John Johnson 2009 a la Investigaci\u00f3n Sobresaliente en Motores Diesel; el espa\u00f1ol Sergi Dosta, reconocido en el \u00e1mbito de la ingenier\u00eda de superficies, y el colombiano Antonio Bula, que presentar\u00e1 la ponencia sobre la <em>\u201cMejora del confort t\u00e9rmico y energ\u00e9tico de viviendas de inter\u00e9s social en la regi\u00f3n de sabana h\u00fameda tropical de Colombia\u201d<\/em>.<\/p>\n<p>Adem\u00e1s, en el evento se compartir\u00e1n art\u00edculos e investigaciones seleccionadas por un equipo cient\u00edfico de la Universidad de Antioquia, que revis\u00f3 las postulaciones.<strong>\u00a0<\/strong><\/p>\n<p><em>\u201cTendremos la participaci\u00f3n de conferencistas nacionales e internacionales que nos estar\u00e1n hablando de diferentes\u00a0 temas, entre esos, estaremos reflexionando sobre ingenier\u00eda vital, tambi\u00e9n estaremos hablando sobre energ\u00eda, sobre infraestructura y sobre tecnolog\u00edas cuatro punto cero\u201d<\/em>, se\u00f1al\u00f3 la profesora de la Facultad de Ingenier\u00eda de la Universidad de Antioquia, Paola Andrea Arias.<\/p>\n<p>Se trata de un espacio para el intercambio de ideas y saberes, pero, adem\u00e1s, ser\u00e1 la antesala de Expoingenier\u00eda 2023, una muestra comercial que se realizar\u00e1 en marzo pr\u00f3ximo y recoger\u00e1 la tecnolog\u00eda m\u00e1s avanzada e innovadora de este campo del conocimiento.<\/p>\n","protected":false},"excerpt":{"rendered":"<p>Ser\u00e1 del 27 al 29 de octubre durante el segundo Congreso Internacional de Ingenier\u00eda, en Plaza Mayor. Tambi\u00e9n se llevar\u00e1 a cabo el quinto encuentro de Proyecci\u00f3n T\u00e9rmica, un espacio para discutir sobre los retos &#8230;<\/p>\n","protected":false},"author":4,"featured_media":122284,"comment_status":"open","ping_status":"open","sticky":false,"template":"","format":"standard","meta":[],"categories":[19],"tags":[431,428],"formato_nota":[],"programas_tax":[],"acf":[],"_links":{"self":[{"href":"https:\/\/www.medellin.gov.co\/es\/wp-json\/wp\/v2\/posts\/122281"}],"collection":[{"href":"https:\/\/www.medellin.gov.co\/es\/wp-json\/wp\/v2\/posts"}],"about":[{"href":"https:\/\/www.medellin.gov.co\/es\/wp-json\/wp\/v2\/types\/post"}],"author":[{"embeddable":true,"href":"https:\/\/www.medellin.gov.co\/es\/wp-json\/wp\/v2\/users\/4"}],"replies":[{"embeddable":true,"href":"https:\/\/www.medellin.gov.co\/es\/wp-json\/wp\/v2\/comments?post=122281"}],"version-history":[{"count":1,"href":"https:\/\/www.medellin.gov.co\/es\/wp-json\/wp\/v2\/posts\/122281\/revisions"}],"predecessor-version":[{"id":122290,"href":"https:\/\/www.medellin.gov.co\/es\/wp-json\/wp\/v2\/posts\/122281\/revisions\/122290"}],"wp:featuredmedia":[{"embeddable":true,"href":"https:\/\/www.medellin.gov.co\/es\/wp-json\/wp\/v2\/media\/122284"}],"wp:attachment":[{"href":"https:\/\/www.medellin.gov.co\/es\/wp-json\/wp\/v2\/media?parent=122281"}],"wp:term":[{"taxonomy":"category","embeddable":true,"href":"https:\/\/www.medellin.gov.co\/es\/wp-json\/wp\/v2\/categories?post=122281"},{"taxonomy":"post_tag","embeddable":true,"href":"https:\/\/www.medellin.gov.co\/es\/wp-json\/wp\/v2\/tags?post=122281"},{"taxonomy":"formato_nota","embeddable":true,"href":"https:\/\/www.medellin.gov.co\/es\/wp-json\/wp\/v2\/formato_nota?post=122281"},{"taxonomy":"programas_tax","embeddable":true,"href":"https:\/\/www.medellin.gov.co\/es\/wp-json\/wp\/v2\/programas_tax?post=122281"}],"curies":[{"name":"wp","href":"https:\/\/api.w.org\/{rel}","templated":true}]}}