{"id":122293,"date":"2022-10-23T20:45:22","date_gmt":"2022-10-24T01:45:22","guid":{"rendered":"https:\/\/www.medellin.gov.co\/es\/?p=122293"},"modified":"2022-10-23T20:45:22","modified_gmt":"2022-10-24T01:45:22","slug":"con-masiva-participacion-culmino-el-decimo-dia-blanco-ejercicio-de-transparencia-en-las-16-comunas-y-los-cinco-corregimientos-de-medellin","status":"publish","type":"post","link":"https:\/\/www.medellin.gov.co\/es\/sala-de-prensa\/noticias\/con-masiva-participacion-culmino-el-decimo-dia-blanco-ejercicio-de-transparencia-en-las-16-comunas-y-los-cinco-corregimientos-de-medellin\/","title":{"rendered":"Con masiva participaci\u00f3n culmin\u00f3 el d\u00e9cimo D\u00eda Blanco, ejercicio de transparencia en las 16 comunas y los cinco corregimientos de Medell\u00edn"},"content":{"rendered":"<ul>\n<li>Cerca de 1.000 l\u00edderes de organizaciones sociales, comunales e instancias de participaci\u00f3n ciudadana estuvieron en esta jornada.<\/li>\n<li>El acompa\u00f1amiento de la Administraci\u00f3n Distrital tuvo tres momentos: formativo, de asesor\u00edas y de trabajo aut\u00f3nomo.<\/li>\n<li>El D\u00eda Blanco es promovido por la Alcald\u00eda de Medell\u00edn como estrategia de movilizaci\u00f3n social por la transparencia y la corresponsabilidad comunitaria.<\/li>\n<\/ul>\n<!--[if lt IE 9]><script>document.createElement('audio');<\/script><![endif]-->\n\t<div class=\"wp-playlist wp-audio-playlist wp-playlist-light\">\n\t\t\t<div class=\"wp-playlist-current-item\"><\/div>\n\t\t<audio controls=\"controls\" preload=\"none\" width=\"640\"\n\t\t\t><\/audio>\n\t<div class=\"wp-playlist-next\"><\/div>\n\t<div class=\"wp-playlist-prev\"><\/div>\n\t<noscript>\n\t<ol>\n\t\t<li><a href='https:\/\/www.medellin.gov.co\/es\/wp-content\/uploads\/2022\/10\/dia-blanco.mp3'>Palabras de Martha Nup\u00e1n, subsecretaria de Formaci\u00f3n para la Participaci\u00f3n Ciudadana.<\/a><\/li>\t<\/ol>\n\t<\/noscript>\n\t<script type=\"application\/json\" class=\"wp-playlist-script\">{\"type\":\"audio\",\"tracklist\":true,\"tracknumbers\":true,\"images\":true,\"artists\":true,\"tracks\":[{\"src\":\"https:\\\/\\\/www.medellin.gov.co\\\/es\\\/wp-content\\\/uploads\\\/2022\\\/10\\\/dia-blanco.mp3\",\"type\":\"audio\\\/mpeg\",\"title\":\"Palabras de Martha Nup\\u00e1n, subsecretaria de Formaci\\u00f3n para la Participaci\\u00f3n Ciudadana.\",\"caption\":\"\",\"description\":\"\\u00abdia-blanco\\u00bb. Lanzamiento: 2022.\",\"meta\":{\"year\":\"2022\",\"length_formatted\":\"0:47\"},\"image\":{\"src\":\"https:\\\/\\\/www.medellin.gov.co\\\/es\\\/wp-includes\\\/images\\\/media\\\/audio.png\",\"width\":48,\"height\":64},\"thumb\":{\"src\":\"https:\\\/\\\/www.medellin.gov.co\\\/es\\\/wp-includes\\\/images\\\/media\\\/audio.png\",\"width\":48,\"height\":64}}]}<\/script>\n<\/div>\n\t\n<p>M\u00e1s de 4.000 personas de las 16 comunas y los cinco corregimientos de Medell\u00edn estuvieron en el D\u00eda Blanco, escenario en el que cerca de 1.000 l\u00edderes rindieron cuentas ante sus comunidades sobre la gesti\u00f3n social de 2022. Este a\u00f1o, se cumpli\u00f3 la d\u00e9cima edici\u00f3n de este proceso con alrededor de 230 organizaciones inscritas en una jornada inspirada en el di\u00e1logo, la transparencia activa y la participaci\u00f3n.<\/p>\n<p>El D\u00eda Blanco es promovido por la Alcald\u00eda de Medell\u00edn como estrategia de movilizaci\u00f3n social por la transparencia y la corresponsabilidad comunitaria; es un espacio propicio para que los ciudadanos escuchen a sus l\u00edderes y conozcan los resultados de su labor social y el impacto en los territorios.<\/p>\n<p>La subsecretaria de Formaci\u00f3n para la Participaci\u00f3n Ciudadana, Martha Nup\u00e1n, destac\u00f3 la importancia de estos espacios para los territorios: \u00ab<em>La participaci\u00f3n ciudadana en Medell\u00edn sigue siendo imparable y el D\u00eda Blanco fue una muestra de ello, con \u00e9xito cumplimos la d\u00e9cima versi\u00f3n de esta actividad en la cual las organizaciones sociales y diversas instancias de participaci\u00f3n le rindieron cuentas a sus comunidades sobre el trabajo que realizan d\u00eda a d\u00eda en los territorios. <\/em>Desde la Secretar\u00eda de Participaci\u00f3n Ciudadana acompa\u00f1amos a estos grupos para que el D\u00eda Blanco fuera un ejercicio m\u00e1s efectivo y productivo en la ciudad\u00bb, concluy\u00f3.<\/p>\n<p>Desde 2013 han rendido cuentas, en promedio, 226 organizaciones. La Administraci\u00f3n Distrital, por medio de la Secretar\u00eda de Participaci\u00f3n Ciudadana, elabor\u00f3 un plan de capacitaci\u00f3n para fomentar la transparencia en las organizaciones que impactan a todo el territorio, para mejorar la audiencia p\u00fablica de rendici\u00f3n social de cuentas.<\/p>\n<p>El acompa\u00f1amiento tuvo tres momentos: formativo, de asesor\u00edas y de trabajo aut\u00f3nomo. El primero, se dio por medio del seminario \u201cGesti\u00f3n Transparente\u201d, en el que se abordaron conceptos y herramientas para la transparencia y la rendici\u00f3n de cuentas, que servir\u00e1n para fortalecer la legitimidad y la confianza de las organizaciones sociales, comunales e instancias de participaci\u00f3n ciudadana, formales e informales.<\/p>\n<p>El presidente de la Junta de Acci\u00f3n Comunal del barrio Llanaditas, en la comuna 8-Villa Hermosa, Jes\u00fas Antonio Marulanda, quien ha participado en todas las ediciones del D\u00eda Blanco, destac\u00f3: <em>\u00abEs importante rendir cuentas en el D\u00eda Blanco, ya que este mecanismo de participaci\u00f3n nos permite, a las organizaciones sociales y comunitarias, contarle a la ciudadan\u00eda los avances, proyectos, acciones y actividades que se vienen ejecutando y que se han realizado en periodos\u00a0 anteriores, de la mano de las instituciones, del territorio y del acompa\u00f1amiento de la Alcald\u00eda de Medell\u00edn\u00bb.<\/em><\/p>\n<p>La capital antioque\u00f1a lidera a nivel nacional acciones de control social a la gesti\u00f3n p\u00fablica con un equipo especializado de la Secretar\u00eda de Participaci\u00f3n Ciudadana, que se enfoca en insumos, actividades y formaci\u00f3n de los ciudadanos para la vigilancia de lo p\u00fablico.<\/p>\n<p>Con estos ejercicios formativos y con la rendici\u00f3n p\u00fablica de cuentas de las organizaciones sociales y comunitarias, se sigue fortaleciendo la democracia imparable en los territorios, con transparencia y liderazgo, para as\u00ed seguir construyendo la Medell\u00edn Futuro.<\/p>\n","protected":false},"excerpt":{"rendered":"<p>Cerca de 1.000 l\u00edderes de organizaciones sociales, comunales e instancias de participaci\u00f3n ciudadana estuvieron en esta jornada. El acompa\u00f1amiento de la Administraci\u00f3n Distrital tuvo tres momentos: formativo, de asesor\u00edas y de trabajo aut\u00f3nomo. El D\u00eda &#8230;<\/p>\n","protected":false},"author":4,"featured_media":122296,"comment_status":"open","ping_status":"open","sticky":false,"template":"","format":"standard","meta":[],"categories":[16],"tags":[449,450],"formato_nota":[],"programas_tax":[],"acf":[],"_links":{"self":[{"href":"https:\/\/www.medellin.gov.co\/es\/wp-json\/wp\/v2\/posts\/122293"}],"collection":[{"href":"https:\/\/www.medellin.gov.co\/es\/wp-json\/wp\/v2\/posts"}],"about":[{"href":"https:\/\/www.medellin.gov.co\/es\/wp-json\/wp\/v2\/types\/post"}],"author":[{"embeddable":true,"href":"https:\/\/www.medellin.gov.co\/es\/wp-json\/wp\/v2\/users\/4"}],"replies":[{"embeddable":true,"href":"https:\/\/www.medellin.gov.co\/es\/wp-json\/wp\/v2\/comments?post=122293"}],"version-history":[{"count":1,"href":"https:\/\/www.medellin.gov.co\/es\/wp-json\/wp\/v2\/posts\/122293\/revisions"}],"predecessor-version":[{"id":122299,"href":"https:\/\/www.medellin.gov.co\/es\/wp-json\/wp\/v2\/posts\/122293\/revisions\/122299"}],"wp:featuredmedia":[{"embeddable":true,"href":"https:\/\/www.medellin.gov.co\/es\/wp-json\/wp\/v2\/media\/122296"}],"wp:attachment":[{"href":"https:\/\/www.medellin.gov.co\/es\/wp-json\/wp\/v2\/media?parent=122293"}],"wp:term":[{"taxonomy":"category","embeddable":true,"href":"https:\/\/www.medellin.gov.co\/es\/wp-json\/wp\/v2\/categories?post=122293"},{"taxonomy":"post_tag","embeddable":true,"href":"https:\/\/www.medellin.gov.co\/es\/wp-json\/wp\/v2\/tags?post=122293"},{"taxonomy":"formato_nota","embeddable":true,"href":"https:\/\/www.medellin.gov.co\/es\/wp-json\/wp\/v2\/formato_nota?post=122293"},{"taxonomy":"programas_tax","embeddable":true,"href":"https:\/\/www.medellin.gov.co\/es\/wp-json\/wp\/v2\/programas_tax?post=122293"}],"curies":[{"name":"wp","href":"https:\/\/api.w.org\/{rel}","templated":true}]}}