{"id":122757,"date":"2022-10-24T17:46:49","date_gmt":"2022-10-24T22:46:49","guid":{"rendered":"https:\/\/www.medellin.gov.co\/es\/?p=122757"},"modified":"2022-10-24T18:02:28","modified_gmt":"2022-10-24T23:02:28","slug":"mas-de-150-000-asistentes-disfrutaron-de-la-semana-del-festival-mvs-y-el-festival-buen-comienzo","status":"publish","type":"post","link":"https:\/\/www.medellin.gov.co\/es\/sala-de-prensa\/noticias\/mas-de-150-000-asistentes-disfrutaron-de-la-semana-del-festival-mvs-y-el-festival-buen-comienzo\/","title":{"rendered":"M\u00e1s de 150.000 asistentes disfrutaron de la semana del Festival MVS y el Festival Buen Comienzo"},"content":{"rendered":"<ul>\n<li>El Festival MVS integr\u00f3 el TechFest 2022, la Feria al Siguiente Nivel, el Foro Territorios Inteligentes y la contienda de videojuegos Esports, entre otros eventos.<\/li>\n<li>Durante la semana se entregaron m\u00e1s de 20.000 Computadores Futuro e inici\u00f3 la distribuci\u00f3n de 5.000 computadores al personal docente.<\/li>\n<li>Uno de los hitos de la semana fue el Guinness World Records a la clase de software m\u00e1s grande del mundo.<\/li>\n<li>El Distrito tambi\u00e9n fue sede del XXIII Congreso Virtual Educa, que cont\u00f3 con m\u00e1s de 17.000 personas y unos 200 ponentes nacionales e internacionales.<\/li>\n<\/ul>\n<!--[if lt IE 9]><script>document.createElement('audio');<\/script><![endif]-->\n\t<div class=\"wp-playlist wp-audio-playlist wp-playlist-light\">\n\t\t\t<div class=\"wp-playlist-current-item\"><\/div>\n\t\t<audio controls=\"controls\" preload=\"none\" width=\"640\"\n\t\t\t><\/audio>\n\t<div class=\"wp-playlist-next\"><\/div>\n\t<div class=\"wp-playlist-prev\"><\/div>\n\t<noscript>\n\t<ol>\n\t\t<li><a href='https:\/\/www.medellin.gov.co\/es\/wp-content\/uploads\/2022\/10\/festivales-01.mp3'>Palabras de Juan David Agudelo Restrepo, secretario (e) de Educaci\u00f3n.<\/a><\/li><li><a href='https:\/\/www.medellin.gov.co\/es\/wp-content\/uploads\/2022\/10\/festivales-02.mp3'>Palabras de Hugo D\u00edaz, director de la Unidad Administrativa Especial Buen Comienzo.<\/a><\/li>\t<\/ol>\n\t<\/noscript>\n\t<script type=\"application\/json\" class=\"wp-playlist-script\">{\"type\":\"audio\",\"tracklist\":true,\"tracknumbers\":true,\"images\":true,\"artists\":true,\"tracks\":[{\"src\":\"https:\\\/\\\/www.medellin.gov.co\\\/es\\\/wp-content\\\/uploads\\\/2022\\\/10\\\/festivales-01.mp3\",\"type\":\"audio\\\/mpeg\",\"title\":\"Palabras de Juan David Agudelo Restrepo, secretario (e) de Educaci\\u00f3n.\",\"caption\":\"\",\"description\":\"Palabras de Juan David Agudelo Restrepo, secretario (e) de Educaci\\u00f3n.\",\"meta\":{\"length_formatted\":\"0:56\"},\"image\":{\"src\":\"https:\\\/\\\/www.medellin.gov.co\\\/es\\\/wp-includes\\\/images\\\/media\\\/audio.png\",\"width\":48,\"height\":64},\"thumb\":{\"src\":\"https:\\\/\\\/www.medellin.gov.co\\\/es\\\/wp-includes\\\/images\\\/media\\\/audio.png\",\"width\":48,\"height\":64}},{\"src\":\"https:\\\/\\\/www.medellin.gov.co\\\/es\\\/wp-content\\\/uploads\\\/2022\\\/10\\\/festivales-02.mp3\",\"type\":\"audio\\\/mpeg\",\"title\":\"Palabras de Hugo D\\u00edaz, director de la Unidad Administrativa Especial Buen Comienzo.\",\"caption\":\"\",\"description\":\"\\u00abfestivales-02\\u00bb.\",\"meta\":{\"length_formatted\":\"1:01\"},\"image\":{\"src\":\"https:\\\/\\\/www.medellin.gov.co\\\/es\\\/wp-includes\\\/images\\\/media\\\/audio.png\",\"width\":48,\"height\":64},\"thumb\":{\"src\":\"https:\\\/\\\/www.medellin.gov.co\\\/es\\\/wp-includes\\\/images\\\/media\\\/audio.png\",\"width\":48,\"height\":64}}]}<\/script>\n<\/div>\n\t\n<p>Con m\u00e1s de 150.000 asistentes y una amplia programaci\u00f3n de actividades, se cumpli\u00f3 un reto para el Distrito con el Festival Medell\u00edn Valle del Software y el Festival Buen Comienzo. Durante una semana, Medell\u00edn celebr\u00f3 su vocaci\u00f3n tecnol\u00f3gica, impuls\u00f3 la educaci\u00f3n y fortaleci\u00f3 las oportunidades en el campo de la innovaci\u00f3n y el emprendimiento.<\/p>\n<p>En su primera edici\u00f3n, el Festival MVS registr\u00f3 42.232 ingresos de personas y comprendi\u00f3 una agenda de martes a jueves. Adem\u00e1s, comparti\u00f3 escenario con el Festival Buen Comienzo, que reuni\u00f3 a unos 65.000 asistentes.<\/p>\n<p>La semana inici\u00f3 con la entrega de m\u00e1s de 20.000 <em>Computadores Futuro<\/em> en el Estadio y continu\u00f3 en Plaza Mayor recibiendo docentes, estudiantes, empresarios, emprendedores, padres de familia, ni\u00f1os y ni\u00f1as, artistas, l\u00edderes y ponentes internacionales.<\/p>\n<p>Mientras que en los pabellones de Plaza Mayor se desarrollaba el Festival MVS, la ciudad recib\u00eda, en Caja de Madera, el <em>XIII Encuentro internacional Virtual Educa<\/em>, el evento m\u00e1s importante de educaci\u00f3n en iberoam\u00e9rica con la participaci\u00f3n de m\u00e1s de 17.000 personas, de manera presencial, y m\u00e1s de 34.000 desde la virtualidad. Visitantes de 20 pa\u00edses estuvieron durante dos d\u00edas en Medell\u00edn compartiendo las experiencias y conocimientos en torno al futuro de la educaci\u00f3n.<\/p>\n<p>Tambi\u00e9n, durante el festival se entregaron 280 computadores a directivos docentes. Con este primer paso inici\u00f3 la dotaci\u00f3n de 5.000 de estos equipos a los maestros.<\/p>\n<p><em>\u201cDesde la Secretar\u00eda de Educaci\u00f3n estamos felices por los resultados obtenidos en el primer Festival Medell\u00edn Valle del Software y muy especialmente por la participaci\u00f3n masiva de nuestros estudiantes, maestros y directivos docentes en todas las actividades que se desarrollaron\u201d<\/em>, indic\u00f3 el secretario (e) de Educaci\u00f3n, Juan David Agudelo Restrepo.<\/p>\n<p>En el evento estuvieron personajes como el viceministro de educaci\u00f3n, la \u00fanica astronauta latinoamericana que ha dirigido m\u00e1s de 20 misiones a Marte, gerentes de grandes compa\u00f1\u00edas y rectores de las mejores universidades.<\/p>\n<p><em>\u00abLa revoluci\u00f3n en el mundo del trabajo implica una revoluci\u00f3n en la educaci\u00f3n y eso nos supone una transformaci\u00f3n como instituciones de educaci\u00f3n, por una parte con las de educaci\u00f3n b\u00e1sica y media, y por otra las de educaci\u00f3n superior. Adem\u00e1s de un trabajo integrador entre los dos niveles de educaci\u00f3n. Ah\u00ed podemos concentrar el reto que tenemos, y estos espacios son de gran utilidad para el pa\u00eds para encontrar caminos para trabajar juntos\u201d,<\/em> dijo el rector de la Universidad de La Sabana, Rolando Roncancio Rachid.<\/p>\n<div id=\"attachment_122760\" style=\"width: 1034px\" class=\"wp-caption alignnone\"><a href=\"https:\/\/www.medellin.gov.co\/es\/wp-content\/uploads\/2022\/10\/festivales-2.jpg\" target=\"_blank\" rel=\"noopener\"><img aria-describedby=\"caption-attachment-122760\" loading=\"lazy\" class=\"wp-image-122760 size-full\" title=\"Festivales de Medell\u00edn\" src=\"https:\/\/www.medellin.gov.co\/es\/wp-content\/uploads\/2022\/10\/festivales-2.jpg\" alt=\"Festivales de Medell\u00edn\" width=\"1024\" height=\"683\" srcset=\"https:\/\/www.medellin.gov.co\/es\/wp-content\/uploads\/2022\/10\/festivales-2.jpg 1024w, https:\/\/www.medellin.gov.co\/es\/wp-content\/uploads\/2022\/10\/festivales-2-300x200.jpg 300w, https:\/\/www.medellin.gov.co\/es\/wp-content\/uploads\/2022\/10\/festivales-2-150x100.jpg 150w, https:\/\/www.medellin.gov.co\/es\/wp-content\/uploads\/2022\/10\/festivales-2-768x512.jpg 768w\" sizes=\"(max-width: 1024px) 100vw, 1024px\" \/><\/a><p id=\"caption-attachment-122760\" class=\"wp-caption-text\">Festivales de Medell\u00edn &#8211; Foto: Alcald\u00eda de Medell\u00edn<\/p><\/div>\n<p>Como otra de las actividades centrales, se desarroll\u00f3 la <em>\u201cFeria al Siguiente Nivel, Transforma Tu Futuro\u201d<\/em>, organizada por la Agencia de Educaci\u00f3n Postsecundaria de Medell\u00edn, Sapiencia, que este a\u00f1o tuvo un registro hist\u00f3rico de 30.146 estudiantes visitantes provenientes de 284 instituciones educativas p\u00fablicas y 30 privadas de Medell\u00edn y el Valle de Aburr\u00e1 durante los tres d\u00edas de programaci\u00f3n. Esta cifra super\u00f3 lo registrado en la edici\u00f3n anterior del evento, celebrado en 2021, cuando acudieron al recinto cerca de 18.000 estudiantes.<\/p>\n<p>La feria ofreci\u00f3 experiencias interactivas y l\u00fadicas, as\u00ed como m\u00e1s de 50 conferencias y charlas que permitieron a los j\u00f3venes descubrir sus potencialidades, conectarse con las \u00e1reas del conocimiento y acceder a informaci\u00f3n sobre los programas de su inter\u00e9s de 110 instituciones de educaci\u00f3n postsecundaria. Adem\u00e1s de la oferta educativa, 55 artistas locales demostraron su talento en la tarima cultural.<\/p>\n<p>En el segundo d\u00eda de actividades, el Distrito logr\u00f3 el desaf\u00edo de la clase de software m\u00e1s grande del mundo con la participaci\u00f3n de 3.119 estudiantes de instituciones educativas oficiales. Los j\u00f3venes pertenecen a ocho programas de Media T\u00e9cnica de Tecnolog\u00edas de la Informaci\u00f3n y la Comunicaci\u00f3n y gracias a la clase programaron un sitio web con los equipos entregados en la estrategia <em>Computadores Futuro<\/em>.<\/p>\n<p>Para esta ocasi\u00f3n, Medell\u00edn super\u00f3 el logro de Espa\u00f1a (2018) con 586 participantes, de M\u00e9xico (2019) con 775 e India (2019) con 900 personas.<\/p>\n<p>Por su parte, el Medell\u00edn Tech Fest &#8211; principal evento acad\u00e9mico del Festival Medell\u00edn Valle del Software- tuvo las mejores cifras de su historia. En su tercera edici\u00f3n cont\u00f3 con m\u00e1s de 40 muestras tecnol\u00f3gicas en las que participaron m\u00e1s de 120 estudiantes, adem\u00e1s 20 talleres y charlas de primer nivel, con invitados como la astronauta de la NASA, Giovanna Ram\u00edrez; Jorge Correa, CEO de Eatcloud y Juan Pel\u00e1ez, country manager de Digital House en Colombia.<\/p>\n<p>El estand de Innovaci\u00f3n Digital recibi\u00f3 m\u00e1s de 1.700 visitantes que aprendieron las dimensiones que componen la transformaci\u00f3n del Distrito hacia un territorio Inteligente.<\/p>\n<p>Igualmente, se realiz\u00f3 el <em>Foro Territorio Inteligente: de la narrativa a la realidad<\/em>, con alrededor de 150 asistentes, quienes escucharon c\u00f3mo Medell\u00edn trabaja para ser referente latinoamericano en la implementaci\u00f3n de proyectos y plataformas inteligentes. En este participaron el secretario de Innovaci\u00f3n Digital, Juan Sebasti\u00e1n Gonz\u00e1lez Fl\u00f3rez, el CEO iHUb Fiware Medell\u00edn, Jackson Reina Alzate, y el director del \u00c1rea Metropolitana del Valle de Aburr\u00e1, Juan David Palacio, bajo la moderaci\u00f3n de la gerente de proyectos estrat\u00e9gicos, Jennifer Atehort\u00faa L\u00f3pez.<\/p>\n<p>Al cierre del festival se realiz\u00f3 el Primer Torneo Esports Inder 2022. En este evento de deporte electr\u00f3nico participaron 500 j\u00f3venes de diferentes comunas y fue visto por m\u00e1s de 2.000 seguidores de esta pr\u00e1ctica. El torneo se realiz\u00f3 con competencias en cinco modalidades: FIFA 20, Just Dance, Fortnite, Super Smash bros y el torneo nacional FIFA 11 VS 11 en el que participaron gamers de diferentes ciudades de Colombia.<\/p>\n<div id=\"attachment_122799\" style=\"width: 1210px\" class=\"wp-caption alignnone\"><a href=\"https:\/\/www.medellin.gov.co\/es\/wp-content\/uploads\/2022\/10\/festivales-3.jpg\" target=\"_blank\" rel=\"noopener\"><img aria-describedby=\"caption-attachment-122799\" loading=\"lazy\" class=\"wp-image-122799 size-full\" title=\"Festivales de Medell\u00edn\" src=\"https:\/\/www.medellin.gov.co\/es\/wp-content\/uploads\/2022\/10\/festivales-3.jpg\" alt=\"Festivales de Medell\u00edn\" width=\"1200\" height=\"800\" srcset=\"https:\/\/www.medellin.gov.co\/es\/wp-content\/uploads\/2022\/10\/festivales-3.jpg 1200w, https:\/\/www.medellin.gov.co\/es\/wp-content\/uploads\/2022\/10\/festivales-3-300x200.jpg 300w, https:\/\/www.medellin.gov.co\/es\/wp-content\/uploads\/2022\/10\/festivales-3-1024x683.jpg 1024w, https:\/\/www.medellin.gov.co\/es\/wp-content\/uploads\/2022\/10\/festivales-3-150x100.jpg 150w, https:\/\/www.medellin.gov.co\/es\/wp-content\/uploads\/2022\/10\/festivales-3-768x512.jpg 768w\" sizes=\"(max-width: 1200px) 100vw, 1200px\" \/><\/a><p id=\"caption-attachment-122799\" class=\"wp-caption-text\">Festivales de Medell\u00edn &#8211; Foto: Alcald\u00eda de Medell\u00edn<\/p><\/div>\n<p>Por su parte, el XII Festival Buen Comienzo complet\u00f3 la semana de actividades y cont\u00f3 con m\u00e1s de 65.000 asistentes.<\/p>\n<p><em>\u00abEste es el Buen Comienzo que est\u00e1 construyendo la Medell\u00edn Futuro y esto demuestra que Buen Comienzo est\u00e1 m\u00e1s vivo que nunca y existir\u00e1 por mucho m\u00e1s tiempo. A todas las personas que hicieron presencia en este evento, agradecerles, y a todo el equipo, agentes educativos, equipo t\u00e9cnico darles las gracias por el esfuerzo y dedicaci\u00f3n para que todos pudieran disfrutar este ejemplar evento\u00bb<\/em>, destac\u00f3 el director de la Unidad Administrativa Especial Buen Comienzo, Hugo D\u00edaz.<\/p>\n<p>Durante los tres d\u00edas, ni\u00f1os, ni\u00f1as y familias disfrutaron de 23 salas interactivas, programaci\u00f3n cultural y actividades de arte, m\u00fasica, literatura, medio ambiente, tecnolog\u00eda y mucho m\u00e1s.<\/p>\n<p><em>\u201cEl Festival Buen Comienzo nos permite establecer v\u00ednculos con nuestros ni\u00f1os, ni\u00f1as y pasamos tiempo de calidad con ellos, por eso queremos que estos espacios contin\u00faen para que nuestros ni\u00f1os sean felices y nosotros como mam\u00e1s podamos compartir de estos espacios tan lindos y creativos\u201d, <\/em>afirm\u00f3 Sandy Milena Bonilla, una de las asistentes.<\/p>\n<p>Este a\u00f1o, con el liderazgo de la gestora social Diana Osorio, el festival se centr\u00f3 en recordar la importancia de una comunicaci\u00f3n asertiva y positiva con los ni\u00f1os y ni\u00f1as al interior de las familias y en la educaci\u00f3n, bajo el lema <em>\u201cLlegar\u00e1n tan lejos como tus palabras se lo digan\u201d<\/em>, incluido en todas las actividades.<\/p>\n","protected":false},"excerpt":{"rendered":"<p>El Festival MVS integr\u00f3 el TechFest 2022, la Feria al Siguiente Nivel, el Foro Territorios Inteligentes y la contienda de videojuegos Esports, entre otros eventos. Durante la semana se entregaron m\u00e1s de 20.000 Computadores Futuro &#8230;<\/p>\n","protected":false},"author":4,"featured_media":122759,"comment_status":"open","ping_status":"open","sticky":false,"template":"","format":"standard","meta":[],"categories":[19,533],"tags":[431,428],"formato_nota":[],"programas_tax":[],"acf":[],"_links":{"self":[{"href":"https:\/\/www.medellin.gov.co\/es\/wp-json\/wp\/v2\/posts\/122757"}],"collection":[{"href":"https:\/\/www.medellin.gov.co\/es\/wp-json\/wp\/v2\/posts"}],"about":[{"href":"https:\/\/www.medellin.gov.co\/es\/wp-json\/wp\/v2\/types\/post"}],"author":[{"embeddable":true,"href":"https:\/\/www.medellin.gov.co\/es\/wp-json\/wp\/v2\/users\/4"}],"replies":[{"embeddable":true,"href":"https:\/\/www.medellin.gov.co\/es\/wp-json\/wp\/v2\/comments?post=122757"}],"version-history":[{"count":3,"href":"https:\/\/www.medellin.gov.co\/es\/wp-json\/wp\/v2\/posts\/122757\/revisions"}],"predecessor-version":[{"id":122803,"href":"https:\/\/www.medellin.gov.co\/es\/wp-json\/wp\/v2\/posts\/122757\/revisions\/122803"}],"wp:featuredmedia":[{"embeddable":true,"href":"https:\/\/www.medellin.gov.co\/es\/wp-json\/wp\/v2\/media\/122759"}],"wp:attachment":[{"href":"https:\/\/www.medellin.gov.co\/es\/wp-json\/wp\/v2\/media?parent=122757"}],"wp:term":[{"taxonomy":"category","embeddable":true,"href":"https:\/\/www.medellin.gov.co\/es\/wp-json\/wp\/v2\/categories?post=122757"},{"taxonomy":"post_tag","embeddable":true,"href":"https:\/\/www.medellin.gov.co\/es\/wp-json\/wp\/v2\/tags?post=122757"},{"taxonomy":"formato_nota","embeddable":true,"href":"https:\/\/www.medellin.gov.co\/es\/wp-json\/wp\/v2\/formato_nota?post=122757"},{"taxonomy":"programas_tax","embeddable":true,"href":"https:\/\/www.medellin.gov.co\/es\/wp-json\/wp\/v2\/programas_tax?post=122757"}],"curies":[{"name":"wp","href":"https:\/\/api.w.org\/{rel}","templated":true}]}}