{"id":132320,"date":"2022-11-17T16:25:08","date_gmt":"2022-11-17T21:25:08","guid":{"rendered":"https:\/\/www.medellin.gov.co\/es\/?p=132320"},"modified":"2022-11-17T16:25:08","modified_gmt":"2022-11-17T21:25:08","slug":"festiafro-y-la-fiesta-de-la-diversidad-dos-actividades-que-celebran-la-diferencia-etnica-este-fin-de-semana-en-medellin","status":"publish","type":"post","link":"https:\/\/www.medellin.gov.co\/es\/sala-de-prensa\/noticias\/festiafro-y-la-fiesta-de-la-diversidad-dos-actividades-que-celebran-la-diferencia-etnica-este-fin-de-semana-en-medellin\/","title":{"rendered":"Festiafro y la Fiesta de la Diversidad, dos actividades que celebran la diferencia \u00e9tnica este fin de semana en Medell\u00edn"},"content":{"rendered":"<ul>\n<li>Desde hoy y hasta el 20 de noviembre se realizar\u00e1, en el Parque de las Luces, el encuentro de comunidades afro, para destacar la diversidad \u00e9tnica en Medell\u00edn.<\/li>\n<li>Festiafro se enmarca en la Fiesta de la Diversidad, que, adem\u00e1s, tendr\u00e1 programaci\u00f3n en Parques del R\u00edo, hasta el 20 de noviembre, en la Red E-Crea y en el Sistema de Bibliotecas.<\/li>\n<li>Son m\u00e1s de 67 actividades que incluyen conciertos, di\u00e1logos, talleres y pr\u00e1cticas culturales que enriquecen la diversidad y nos unen a trav\u00e9s del arte.<\/li>\n<\/ul>\n<!--[if lt IE 9]><script>document.createElement('audio');<\/script><![endif]-->\n\t<div class=\"wp-playlist wp-audio-playlist wp-playlist-light\">\n\t\t\t<div class=\"wp-playlist-current-item\"><\/div>\n\t\t<audio controls=\"controls\" preload=\"none\" width=\"640\"\n\t\t\t><\/audio>\n\t<div class=\"wp-playlist-next\"><\/div>\n\t<div class=\"wp-playlist-prev\"><\/div>\n\t<noscript>\n\t<ol>\n\t\t<li><a href='https:\/\/www.medellin.gov.co\/es\/wp-content\/uploads\/2022\/11\/Fiesta-de-la-Diversidad-01.mp3'>Palabras de \u00c1lvaro Narv\u00e1ez, secretario de Cultura Ciudadana<\/a><\/li><li><a href='https:\/\/www.medellin.gov.co\/es\/wp-content\/uploads\/2022\/11\/Fiesta-de-la-Diversidad-02.mp3'>Palabras de Farlin Perea, gerente \u00c9tnica<\/a><\/li>\t<\/ol>\n\t<\/noscript>\n\t<script type=\"application\/json\" class=\"wp-playlist-script\">{\"type\":\"audio\",\"tracklist\":true,\"tracknumbers\":true,\"images\":true,\"artists\":true,\"tracks\":[{\"src\":\"https:\\\/\\\/www.medellin.gov.co\\\/es\\\/wp-content\\\/uploads\\\/2022\\\/11\\\/Fiesta-de-la-Diversidad-01.mp3\",\"type\":\"audio\\\/mpeg\",\"title\":\"Palabras de \\u00c1lvaro Narv\\u00e1ez, secretario de Cultura Ciudadana\",\"caption\":\"\",\"description\":\"\\u00abPalabras de \\u00c1lvaro Narv\\u00e1ez, secretario de Cultura Ciudadana\\u00bb\",\"meta\":{\"year\":\"2022\",\"length_formatted\":\"0:47\"},\"image\":{\"src\":\"https:\\\/\\\/www.medellin.gov.co\\\/es\\\/wp-includes\\\/images\\\/media\\\/audio.png\",\"width\":48,\"height\":64},\"thumb\":{\"src\":\"https:\\\/\\\/www.medellin.gov.co\\\/es\\\/wp-includes\\\/images\\\/media\\\/audio.png\",\"width\":48,\"height\":64}},{\"src\":\"https:\\\/\\\/www.medellin.gov.co\\\/es\\\/wp-content\\\/uploads\\\/2022\\\/11\\\/Fiesta-de-la-Diversidad-02.mp3\",\"type\":\"audio\\\/mpeg\",\"title\":\"Palabras de Farlin Perea, gerente \\u00c9tnica\",\"caption\":\"\",\"description\":\"\\u00abPalabras de Farlin Perea, gerente \\u00c9tnica\\u00bb.\",\"meta\":{\"length_formatted\":\"0:45\"},\"image\":{\"src\":\"https:\\\/\\\/www.medellin.gov.co\\\/es\\\/wp-includes\\\/images\\\/media\\\/audio.png\",\"width\":48,\"height\":64},\"thumb\":{\"src\":\"https:\\\/\\\/www.medellin.gov.co\\\/es\\\/wp-includes\\\/images\\\/media\\\/audio.png\",\"width\":48,\"height\":64}}]}<\/script>\n<\/div>\n\t\n<p>Medell\u00edn tendr\u00e1 este fin de semana dos encuentros que propician la visibilizaci\u00f3n de las diversidades presentes en Medell\u00edn, sus memorias, tradiciones y pr\u00e1cticas bajo el slogan \u201cReconocernos Alegra\u201d: la Fiesta de la Diversidad y Medell\u00edn es Afro.<\/p>\n<p>El secretario de Cultura, \u00c1lvaro Narv\u00e1ez D\u00edaz, expres\u00f3: \u201c<em>Las manifestaciones \u00e9tnicas, las manifestaciones afro, los emprendimientos culturales, las artesan\u00edas, las reflexiones y los procesos de reconocimiento de las diversidades culturales de Medell\u00edn, en todas sus dimensiones y con toda la apropiaci\u00f3n, nos permiten seguir demostrando que nos mueve la cultura, porque todos somos uno y todos somos diversos<\/em>\u201d.<\/p>\n<p>La 10\u00aa. Fiesta de la Diversidad, en Parques del R\u00edo, ofrecer\u00e1 una programaci\u00f3n hasta el 20 de noviembre con espacios de encuentro ciudadano que cada a\u00f1o celebra y reconoce las diferencias que habitan en la capital antioque\u00f1a. Se destacan actividades como \u201cMontajes Maricas\u201d, danza a cargo de la compa\u00f1\u00eda art\u00edstica LGTBI de Medell\u00edn, el s\u00e1bado 19 de noviembre, y jornadas formativas, como el conversatorio \u201cSentido de Vida\u201d, a cargo del Sistema de Atenci\u00f3n al Habitante de Calle.<\/p>\n<div id=\"attachment_132324\" style=\"width: 1034px\" class=\"wp-caption alignnone\"><a href=\"https:\/\/www.medellin.gov.co\/es\/wp-content\/uploads\/2022\/11\/Fiesta-de-la-Diversidad-2.jpg\" target=\"_blank\" rel=\"noopener\"><img aria-describedby=\"caption-attachment-132324\" loading=\"lazy\" class=\"wp-image-132324 size-large\" title=\"Festiafro y la Fiesta de la Diversidad, dos actividades que celebran la diferencia \u00e9tnica este fin de semana en Medell\u00edn\" src=\"https:\/\/www.medellin.gov.co\/es\/wp-content\/uploads\/2022\/11\/Fiesta-de-la-Diversidad-2-1024x682.jpg\" alt=\"Festiafro y la Fiesta de la Diversidad, dos actividades que celebran la diferencia \u00e9tnica este fin de semana en Medell\u00edn\" width=\"1024\" height=\"682\" srcset=\"https:\/\/www.medellin.gov.co\/es\/wp-content\/uploads\/2022\/11\/Fiesta-de-la-Diversidad-2-1024x682.jpg 1024w, https:\/\/www.medellin.gov.co\/es\/wp-content\/uploads\/2022\/11\/Fiesta-de-la-Diversidad-2-300x200.jpg 300w, https:\/\/www.medellin.gov.co\/es\/wp-content\/uploads\/2022\/11\/Fiesta-de-la-Diversidad-2-150x100.jpg 150w, https:\/\/www.medellin.gov.co\/es\/wp-content\/uploads\/2022\/11\/Fiesta-de-la-Diversidad-2-768x512.jpg 768w, https:\/\/www.medellin.gov.co\/es\/wp-content\/uploads\/2022\/11\/Fiesta-de-la-Diversidad-2.jpg 1280w\" sizes=\"(max-width: 1024px) 100vw, 1024px\" \/><\/a><p id=\"caption-attachment-132324\" class=\"wp-caption-text\">Festiafro y la Fiesta de la Diversidad, dos actividades que celebran la diferencia \u00e9tnica este fin de semana en Medell\u00edn &#8211; Foto Alcald\u00eda de Medell\u00edn<\/p><\/div>\n<p>Adem\u00e1s, este mismo d\u00eda se realizar\u00e1n muestras de danza, presentaciones musicales y un concierto sensorial de La Rueda Flotante, \u201cLa Cantora de Alc\u00e1ntara\u201d; as\u00ed como espacios formativos y participaci\u00f3n de cabildos ind\u00edgenas.<\/p>\n<p>El cierre, el 20 de noviembre, ser\u00e1 con el \u201cConcierto de las Neuro Diversidades\u201d, de la Red de M\u00fasicas, y la presentaci\u00f3n de la fusi\u00f3n musical de jazz y ritmos del Pac\u00edfico, a cargo de Jazz\u00edfico, a las 6:00 p. m.<\/p>\n<p>\u2018Tr\u00e1fico integrante\u2019, del Grupo Alianza, ganador de los est\u00edmulos 2022, sostuvo: \u201c<em>Para nosotros es muy importante esta Fiesta de las Diversidades, ya que a trav\u00e9s del arte intentamos construir una sociedad m\u00e1s justa y amorosa, donde t\u00fa y yo podemos ser libres de expresarnos y sentir y, como reconocernos alegra, tambi\u00e9n es una oportunidad para compartir y disfrutar de todas estas particularidades que nos enriquecen diariamente en esta hermosa ciudad<\/em>\u201d.<\/p>\n<div id=\"attachment_132325\" style=\"width: 1034px\" class=\"wp-caption alignnone\"><a href=\"https:\/\/www.medellin.gov.co\/es\/wp-content\/uploads\/2022\/11\/Fiesta-de-la-Diversidad-3.jpg\" target=\"_blank\" rel=\"noopener\"><img aria-describedby=\"caption-attachment-132325\" loading=\"lazy\" class=\"wp-image-132325 size-large\" title=\"Festiafro y la Fiesta de la Diversidad, dos actividades que celebran la diferencia \u00e9tnica este fin de semana en Medell\u00edn\" src=\"https:\/\/www.medellin.gov.co\/es\/wp-content\/uploads\/2022\/11\/Fiesta-de-la-Diversidad-3-1024x682.jpg\" alt=\"Festiafro y la Fiesta de la Diversidad, dos actividades que celebran la diferencia \u00e9tnica este fin de semana en Medell\u00edn\" width=\"1024\" height=\"682\" srcset=\"https:\/\/www.medellin.gov.co\/es\/wp-content\/uploads\/2022\/11\/Fiesta-de-la-Diversidad-3-1024x682.jpg 1024w, https:\/\/www.medellin.gov.co\/es\/wp-content\/uploads\/2022\/11\/Fiesta-de-la-Diversidad-3-300x200.jpg 300w, https:\/\/www.medellin.gov.co\/es\/wp-content\/uploads\/2022\/11\/Fiesta-de-la-Diversidad-3-150x100.jpg 150w, https:\/\/www.medellin.gov.co\/es\/wp-content\/uploads\/2022\/11\/Fiesta-de-la-Diversidad-3-768x512.jpg 768w, https:\/\/www.medellin.gov.co\/es\/wp-content\/uploads\/2022\/11\/Fiesta-de-la-Diversidad-3.jpg 1280w\" sizes=\"(max-width: 1024px) 100vw, 1024px\" \/><\/a><p id=\"caption-attachment-132325\" class=\"wp-caption-text\">Festiafro y la Fiesta de la Diversidad, dos actividades que celebran la diferencia \u00e9tnica este fin de semana en Medell\u00edn &#8211; Foto Alcald\u00eda de Medell\u00edn<\/p><\/div>\n<p>\u201c<em>Medell\u00edn es Afro\u201d inicia este 17 de noviembre, a las 4:00 p. m., con el fashion show a cargo de Afro Urbano y espacios de socializaci\u00f3n de la Gerencia de Etnias durante todo el festival. El viernes 18 de noviembre, la jornada tendr\u00e1 Narrativas Art\u00edsticas Afro a cargo de Ciro Cabezas, a las 5:00 p. m. y conciertos de artistas como la cartagenera Keke Minowa o el ensamble \u201cLa Disco Afro<\/em>\u201d, a las 10:45 p. m.<\/p>\n<p>\u201c<em>Queremos brindar un espacio a la poblaci\u00f3n afrodescendiente en lo que conocemos como \u2018Medell\u00edn es Afro\u2019. Estaremos con muchos grupos culturales y gastronom\u00eda de nuestra poblaci\u00f3n. As\u00ed, desde la Alcald\u00eda de Medell\u00edn, contribuimos a la construcci\u00f3n de la Medell\u00edn Futuro y de una Medell\u00edn incluyente<\/em>\u201d, expres\u00f3 la gerente \u00e9tnica, Farlin Perea Renter\u00eda.<\/p>\n<p>El s\u00e1bado, 19 de noviembre, se presentar\u00e1n artistas como Catangon de Timbiqu\u00ed, desde Cali, a las 10:05 p. m.\u00a0 y el \u2018Rey del Bunde, Alex Pichi, a las 11:00 p. m. El domingo, se destacan presentaciones de arte urbano de Zath\u00e9lite, a las 4:45 p. m.; un stand-up comedy, con Maiker, Leimar, Neider y Karen Sevillano; y el cierre estar\u00e1 a cargo de Javier V\u00e1squez, ex vocalista del Grupo Niche, el 20 de noviembre, en el Parque de las Luces, a las 10:50 p. m.<\/p>\n<p>Durante los cuatro d\u00edas, la programaci\u00f3n iniciar\u00e1 a las 4:00 p. m. y habr\u00e1 talleres y conversatorios en el Centro Cultural V\u00e1squez.<\/p>\n<p>La programaci\u00f3n se puede consultar en las redes de Nos Mueve la Cultura.<\/p>\n","protected":false},"excerpt":{"rendered":"<p>Desde hoy y hasta el 20 de noviembre se realizar\u00e1, en el Parque de las Luces, el encuentro de comunidades afro, para destacar la diversidad \u00e9tnica en Medell\u00edn. Festiafro se enmarca en la Fiesta de &#8230;<\/p>\n","protected":false},"author":21,"featured_media":132330,"comment_status":"open","ping_status":"open","sticky":false,"template":"","format":"standard","meta":[],"categories":[31],"tags":[444,428],"formato_nota":[],"programas_tax":[],"acf":[],"_links":{"self":[{"href":"https:\/\/www.medellin.gov.co\/es\/wp-json\/wp\/v2\/posts\/132320"}],"collection":[{"href":"https:\/\/www.medellin.gov.co\/es\/wp-json\/wp\/v2\/posts"}],"about":[{"href":"https:\/\/www.medellin.gov.co\/es\/wp-json\/wp\/v2\/types\/post"}],"author":[{"embeddable":true,"href":"https:\/\/www.medellin.gov.co\/es\/wp-json\/wp\/v2\/users\/21"}],"replies":[{"embeddable":true,"href":"https:\/\/www.medellin.gov.co\/es\/wp-json\/wp\/v2\/comments?post=132320"}],"version-history":[{"count":1,"href":"https:\/\/www.medellin.gov.co\/es\/wp-json\/wp\/v2\/posts\/132320\/revisions"}],"predecessor-version":[{"id":132333,"href":"https:\/\/www.medellin.gov.co\/es\/wp-json\/wp\/v2\/posts\/132320\/revisions\/132333"}],"wp:featuredmedia":[{"embeddable":true,"href":"https:\/\/www.medellin.gov.co\/es\/wp-json\/wp\/v2\/media\/132330"}],"wp:attachment":[{"href":"https:\/\/www.medellin.gov.co\/es\/wp-json\/wp\/v2\/media?parent=132320"}],"wp:term":[{"taxonomy":"category","embeddable":true,"href":"https:\/\/www.medellin.gov.co\/es\/wp-json\/wp\/v2\/categories?post=132320"},{"taxonomy":"post_tag","embeddable":true,"href":"https:\/\/www.medellin.gov.co\/es\/wp-json\/wp\/v2\/tags?post=132320"},{"taxonomy":"formato_nota","embeddable":true,"href":"https:\/\/www.medellin.gov.co\/es\/wp-json\/wp\/v2\/formato_nota?post=132320"},{"taxonomy":"programas_tax","embeddable":true,"href":"https:\/\/www.medellin.gov.co\/es\/wp-json\/wp\/v2\/programas_tax?post=132320"}],"curies":[{"name":"wp","href":"https:\/\/api.w.org\/{rel}","templated":true}]}}