{"id":134846,"date":"2022-11-24T16:27:48","date_gmt":"2022-11-24T21:27:48","guid":{"rendered":"https:\/\/www.medellin.gov.co\/es\/?p=134846"},"modified":"2022-11-24T16:27:48","modified_gmt":"2022-11-24T21:27:48","slug":"medellin-declara-emergencia-climatica-y-prioriza-ocho-estrategias-para-prevenir-y-atender-las-emergencias","status":"publish","type":"post","link":"https:\/\/www.medellin.gov.co\/es\/sala-de-prensa\/noticias\/medellin-declara-emergencia-climatica-y-prioriza-ocho-estrategias-para-prevenir-y-atender-las-emergencias\/","title":{"rendered":"Medell\u00edn declara emergencia clim\u00e1tica y prioriza ocho estrategias para prevenir y atender las emergencias"},"content":{"rendered":"<ul>\n<li>Con esta medida se definen las estrategias sociales, t\u00e9cnicas y financieras para enfrentar de la mejor manera las emergencias que se generen.<\/li>\n<li>Adem\u00e1s, el Distrito prioriza la inversi\u00f3n en la gesti\u00f3n del riesgo de desastres y adaptaci\u00f3n al cambio clim\u00e1tico.<\/li>\n<li>La declaratoria define ocho puntos prioritarios para prevenir y atender las emergencias como consecuencia de las lluvias.<\/li>\n<\/ul>\n<!--[if lt IE 9]><script>document.createElement('audio');<\/script><![endif]-->\n\t<div class=\"wp-playlist wp-audio-playlist wp-playlist-light\">\n\t\t\t<div class=\"wp-playlist-current-item\"><\/div>\n\t\t<audio controls=\"controls\" preload=\"none\" width=\"640\"\n\t\t\t><\/audio>\n\t<div class=\"wp-playlist-next\"><\/div>\n\t<div class=\"wp-playlist-prev\"><\/div>\n\t<noscript>\n\t<ol>\n\t\t<li><a href='https:\/\/www.medellin.gov.co\/es\/wp-content\/uploads\/2022\/11\/Alcalde-Emergencia-Climatica-01.mp3'>Palabras de Daniel Quintero Calle, alcalde de Medell\u00edn<\/a><\/li><li><a href='https:\/\/www.medellin.gov.co\/es\/wp-content\/uploads\/2022\/11\/Emergencia-Climatica-02.mp3'>Palabras de Andrea Fern\u00e1ndez, directora general de Financiaci\u00f3n del clima, Conocimiento y Asociaciones del C40<\/a><\/li><li><a href='https:\/\/www.medellin.gov.co\/es\/wp-content\/uploads\/2022\/11\/Emergencia-Climatica-03.mp3'>Palabras de Vanesa \u00c1lvarez, secretaria de Medio Ambiente<\/a><\/li><li><a href='https:\/\/www.medellin.gov.co\/es\/wp-content\/uploads\/2022\/11\/Emergencia-Climatica-04.mp3'>Emergencia-Climatica-04Palabras de Gloria Patricia R\u00faa Montoya, integrante de la Red de Mesas Ambientales de Medell\u00edn<\/a><\/li>\t<\/ol>\n\t<\/noscript>\n\t<script type=\"application\/json\" class=\"wp-playlist-script\">{\"type\":\"audio\",\"tracklist\":true,\"tracknumbers\":true,\"images\":true,\"artists\":true,\"tracks\":[{\"src\":\"https:\\\/\\\/www.medellin.gov.co\\\/es\\\/wp-content\\\/uploads\\\/2022\\\/11\\\/Alcalde-Emergencia-Climatica-01.mp3\",\"type\":\"audio\\\/mpeg\",\"title\":\"Palabras de Daniel Quintero Calle, alcalde de Medell\\u00edn\",\"caption\":\"\",\"description\":\"\\u00abPalabras de Daniel Quintero Calle, alcalde de Medell\\u00edn\\u00bb.\",\"meta\":{\"length_formatted\":\"2:09\"},\"image\":{\"src\":\"https:\\\/\\\/www.medellin.gov.co\\\/es\\\/wp-includes\\\/images\\\/media\\\/audio.png\",\"width\":48,\"height\":64},\"thumb\":{\"src\":\"https:\\\/\\\/www.medellin.gov.co\\\/es\\\/wp-includes\\\/images\\\/media\\\/audio.png\",\"width\":48,\"height\":64}},{\"src\":\"https:\\\/\\\/www.medellin.gov.co\\\/es\\\/wp-content\\\/uploads\\\/2022\\\/11\\\/Emergencia-Climatica-02.mp3\",\"type\":\"audio\\\/mpeg\",\"title\":\"Palabras de Andrea Fern\\u00e1ndez, directora general de Financiaci\\u00f3n del clima, Conocimiento y Asociaciones del C40\",\"caption\":\"\",\"description\":\"\\u00abPalabras de Andrea Fern\\u00e1ndez, directora general de Financiaci\\u00f3n del clima, Conocimiento y Asociaciones del C40\\u00bb.\",\"meta\":{\"length_formatted\":\"1:52\"},\"image\":{\"src\":\"https:\\\/\\\/www.medellin.gov.co\\\/es\\\/wp-includes\\\/images\\\/media\\\/audio.png\",\"width\":48,\"height\":64},\"thumb\":{\"src\":\"https:\\\/\\\/www.medellin.gov.co\\\/es\\\/wp-includes\\\/images\\\/media\\\/audio.png\",\"width\":48,\"height\":64}},{\"src\":\"https:\\\/\\\/www.medellin.gov.co\\\/es\\\/wp-content\\\/uploads\\\/2022\\\/11\\\/Emergencia-Climatica-03.mp3\",\"type\":\"audio\\\/mpeg\",\"title\":\"Palabras de Vanesa \\u00c1lvarez, secretaria de Medio Ambiente\",\"caption\":\"\",\"description\":\"\\u00abPalabras de Vanesa \\u00c1lvarez, secretaria de Medio Ambiente\\u00bb.\",\"meta\":{\"length_formatted\":\"2:33\"},\"image\":{\"src\":\"https:\\\/\\\/www.medellin.gov.co\\\/es\\\/wp-includes\\\/images\\\/media\\\/audio.png\",\"width\":48,\"height\":64},\"thumb\":{\"src\":\"https:\\\/\\\/www.medellin.gov.co\\\/es\\\/wp-includes\\\/images\\\/media\\\/audio.png\",\"width\":48,\"height\":64}},{\"src\":\"https:\\\/\\\/www.medellin.gov.co\\\/es\\\/wp-content\\\/uploads\\\/2022\\\/11\\\/Emergencia-Climatica-04.mp3\",\"type\":\"audio\\\/mpeg\",\"title\":\"Emergencia-Climatica-04Palabras de Gloria Patricia R\\u00faa Montoya, integrante de la Red de Mesas Ambientales de Medell\\u00edn\",\"caption\":\"\",\"description\":\"\\u00abPalabras de Gloria Patricia R\\u00faa Montoya, integrante de la Red de Mesas Ambientales de Medell\\u00edn\\u00bb.\",\"meta\":{\"year\":\"2022\",\"length_formatted\":\"0:29\"},\"image\":{\"src\":\"https:\\\/\\\/www.medellin.gov.co\\\/es\\\/wp-includes\\\/images\\\/media\\\/audio.png\",\"width\":48,\"height\":64},\"thumb\":{\"src\":\"https:\\\/\\\/www.medellin.gov.co\\\/es\\\/wp-includes\\\/images\\\/media\\\/audio.png\",\"width\":48,\"height\":64}}]}<\/script>\n<\/div>\n\t\n<p>El alcalde Daniel Quintero Calle declar\u00f3 este 24 de noviembre la emergencia clim\u00e1tica en Medell\u00edn, como medida prioritaria para definir acciones que disminuyan los efectos relacionados con este fen\u00f3meno que experimenta la ciudad como las lluvias torrenciales, inundaciones, movimientos en masa, entre otros.<\/p>\n<p>\u201c<em>El cambio clim\u00e1tico es exponencial, no es lineal y sus efectos tambi\u00e9n son exponenciales. En Medell\u00edn, m\u00e1s de 42.000 viviendas est\u00e1n en riesgo de afectaci\u00f3n por los efectos del cambio clim\u00e1tico, tenemos m\u00e1s de 170 quebradas en alerta roja y m\u00e1s de 300 en alerta naranja. Esto, sin duda, constituye una gran emergencia en nuestro territorio que ha llevado a declarar la emergencia clim\u00e1tica, la cual ser\u00e1 firmada por decreto. Este reto nos lleva, no solo a necesitar acciones por parte de la Alcald\u00eda de Medell\u00edn, sino acciones contundentes de todos los actores que componen el Distrito, la sociedad en general, la academia, la empresa, el Gobierno, los trabajadores y los ciudadanos<\/em>\u201d, explic\u00f3 el mandatario.<\/p>\n<p>La medida integra acciones de medio ambiente, infraestructura, movilidad, h\u00e1bitat y desarrollo humano, en busca de la sostenibilidad y transformaci\u00f3n de las din\u00e1micas culturales frente al riesgo y el cambio clim\u00e1tico.<\/p>\n<p>\u00ab<em>Quiero felicitar al alcalde por este gran logro, Medell\u00edn se ha unido a casi 2.300 gobiernos locales por todo el mundo que han declarado emergencia clim\u00e1tica. El decreto representa la seriedad del compromiso que Medell\u00edn ha adquirido en la lucha contra el cambio clim\u00e1tico. La integraci\u00f3n del cambio clim\u00e1tico como tema fundamental en los planes, las pol\u00edticas y los proyectos de la alcald\u00eda es un gran avance y es la demostraci\u00f3n del liderazgo de la ciudad. Tenemos la confianza de que Medell\u00edn va a lograr sus objetivos como ecociudad verde, limpia y resiliente<\/em>\u00ab, se\u00f1al\u00f3 la directora general de Financiaci\u00f3n del clima, Conocimiento y Asociaciones del C40, Andrea Fern\u00e1ndez.<\/p>\n<div id=\"attachment_134899\" style=\"width: 1034px\" class=\"wp-caption alignnone\"><a href=\"https:\/\/www.medellin.gov.co\/es\/wp-content\/uploads\/2022\/11\/Emergencia-Climatica-2-1.jpg\" target=\"_blank\" rel=\"noopener\"><img aria-describedby=\"caption-attachment-134899\" loading=\"lazy\" class=\"wp-image-134899 size-large\" title=\"Medell\u00edn declara emergencia clim\u00e1tica y prioriza ocho estrategias para prevenir y atender las emergencias\" src=\"https:\/\/www.medellin.gov.co\/es\/wp-content\/uploads\/2022\/11\/Emergencia-Climatica-2-1-1024x682.jpg\" alt=\"Medell\u00edn declara emergencia clim\u00e1tica y prioriza ocho estrategias para prevenir y atender las emergencias\" width=\"1024\" height=\"682\" srcset=\"https:\/\/www.medellin.gov.co\/es\/wp-content\/uploads\/2022\/11\/Emergencia-Climatica-2-1-1024x682.jpg 1024w, https:\/\/www.medellin.gov.co\/es\/wp-content\/uploads\/2022\/11\/Emergencia-Climatica-2-1-300x200.jpg 300w, https:\/\/www.medellin.gov.co\/es\/wp-content\/uploads\/2022\/11\/Emergencia-Climatica-2-1-150x100.jpg 150w, https:\/\/www.medellin.gov.co\/es\/wp-content\/uploads\/2022\/11\/Emergencia-Climatica-2-1-768x512.jpg 768w, https:\/\/www.medellin.gov.co\/es\/wp-content\/uploads\/2022\/11\/Emergencia-Climatica-2-1.jpg 1280w\" sizes=\"(max-width: 1024px) 100vw, 1024px\" \/><\/a><p id=\"caption-attachment-134899\" class=\"wp-caption-text\">Medell\u00edn declara emergencia clim\u00e1tica y prioriza ocho estrategias para prevenir y atender las emergencias &#8211; Foto Alcald\u00eda de Medell\u00edn<\/p><\/div>\n<p>La declaratoria de emergencia clim\u00e1tica define ocho puntos prioritarios para prevenir y atender las emergencias que ocurran como consecuencia de la temporada de lluvias que, seg\u00fan los pron\u00f3sticos, ser\u00e1n m\u00e1s intensas en lo que resta de este a\u00f1o.<\/p>\n<p>\u201c<em>La comunidad juega un papel fundamental en la articulaci\u00f3n y ejecuci\u00f3n de cada una de estas acciones y desde lo institucional en todas nuestras l\u00edneas de trabajo, desde las autoridades ambientales, desde las entidades y organismos nacionales e internacionales que se vinculan a nuestros procesos, podemos liderar diferentes estrategias que nos permitan acelerar la implementaci\u00f3n de nuestro plan de acci\u00f3n clim\u00e1tica<\/em>\u201d, explic\u00f3 la secretaria de Medio Ambiente, Vanesa \u00c1lvarez.<\/p>\n<p>Intervenci\u00f3n estrat\u00e9gica por el Cambio Clim\u00e1tico: abarca la implementaci\u00f3n del plan maestro y la transformaci\u00f3n integral de adaptaci\u00f3n al cambio clim\u00e1tico, y define el dise\u00f1o e implementaci\u00f3n del modelo de megaproyectos para la atenci\u00f3n integral de zonas cr\u00edticas, con soluciones definitivas a las condiciones de riesgo.<\/p>\n<p>Construcci\u00f3n y transformaci\u00f3n de ecociudad: tendr\u00e1 tres componentes, la cuadrilla Medell\u00edn Futuro, para la intervenci\u00f3n y limpieza de los cauces de las quebradas, la construcci\u00f3n de infraestructura sostenible para el cambio clim\u00e1tico y el impulso a las obras verdes y la fuerza comunitaria.<\/p>\n<p>Ecomunidades: incluye la conformaci\u00f3n de los comit\u00e9s comunitarios para afrontar el cambio clim\u00e1tico, convites comunitarios y fortalecimiento de las capacidades territoriales, los di\u00e1logos territoriales de prevenci\u00f3n del riesgo y la integraci\u00f3n de conocimiento y comunidades, que comprende un censo y el cruce de informaci\u00f3n secundaria de las familias ubicadas en zonas de riesgo de inundaciones o movimientos en masa.<\/p>\n<div id=\"attachment_134895\" style=\"width: 1034px\" class=\"wp-caption alignnone\"><a href=\"https:\/\/www.medellin.gov.co\/es\/wp-content\/uploads\/2022\/11\/Emergencia-Climatica-3-1.jpg\" target=\"_blank\" rel=\"noopener\"><img aria-describedby=\"caption-attachment-134895\" loading=\"lazy\" class=\"wp-image-134895 size-large\" title=\"Medell\u00edn declara emergencia clim\u00e1tica y prioriza ocho estrategias para prevenir y atender las emergencias\" src=\"https:\/\/www.medellin.gov.co\/es\/wp-content\/uploads\/2022\/11\/Emergencia-Climatica-3-1-1024x682.jpg\" alt=\"Medell\u00edn declara emergencia clim\u00e1tica y prioriza ocho estrategias para prevenir y atender las emergencias\" width=\"1024\" height=\"682\" srcset=\"https:\/\/www.medellin.gov.co\/es\/wp-content\/uploads\/2022\/11\/Emergencia-Climatica-3-1-1024x682.jpg 1024w, https:\/\/www.medellin.gov.co\/es\/wp-content\/uploads\/2022\/11\/Emergencia-Climatica-3-1-300x200.jpg 300w, https:\/\/www.medellin.gov.co\/es\/wp-content\/uploads\/2022\/11\/Emergencia-Climatica-3-1-150x100.jpg 150w, https:\/\/www.medellin.gov.co\/es\/wp-content\/uploads\/2022\/11\/Emergencia-Climatica-3-1-768x512.jpg 768w, https:\/\/www.medellin.gov.co\/es\/wp-content\/uploads\/2022\/11\/Emergencia-Climatica-3-1.jpg 1280w\" sizes=\"(max-width: 1024px) 100vw, 1024px\" \/><\/a><p id=\"caption-attachment-134895\" class=\"wp-caption-text\">Medell\u00edn declara emergencia clim\u00e1tica y prioriza ocho estrategias para prevenir y atender las emergencias &#8211; Foto Alcald\u00eda de Medell\u00edn<\/p><\/div>\n<p>Academia econsciente: son estrategias pedag\u00f3gicas desde los Proyectos Ambientales Escolares-PRAE y la media t\u00e9cnica: ecociudad y lucha contra el cambio clim\u00e1tico para la formaci\u00f3n educativa orientada a la gesti\u00f3n del riesgo de desastres con \u00e9nfasis en la adaptaci\u00f3n al cambio clim\u00e1tico.<\/p>\n<p>Territorios ambientales interconectados: se establecer\u00e1n en un sistema integral de alertas tempranas contra el cambio clim\u00e1tico para monitorear el cauce de las quebradas en las reservas ecol\u00f3gicas.<\/p>\n<p>Medell\u00edn Circular: estrategias como la movilidad verde, que incluye la medida de limitar la circulaci\u00f3n de veh\u00edculos nuevos a combustibles f\u00f3siles en el Distrito a partir de 2035, adem\u00e1s de establecer medida de pico y placa adicional para los veh\u00edculos con m\u00e1s de 20 a\u00f1os de rodamiento; industria sostenible y carbono neutro con la generaci\u00f3n de incentivos tributarios para las empresas que disminuyan la contaminaci\u00f3n del aire en el \u00e1rea metropolitana.<\/p>\n<p>Gobernanza clim\u00e1tica: en esta se encuentran los tratados internacionales en gesti\u00f3n del riesgo de desastres y cambio clim\u00e1tico y una agenda p\u00fablica de variabilidad clim\u00e1tica y ordenamiento territorial y los retos de los sectores p\u00fablico y privado para la adaptaci\u00f3n al cambio clim\u00e1tico.<\/p>\n<p>Gerencias territoriales por el cambio clim\u00e1tico: con el apoyo t\u00e9cnico de la secretar\u00eda de Medio Ambiente y el acompa\u00f1amiento operativo del Dagrd, cada una de las dependencias de la Administraci\u00f3n Distrital tiene asignada una comuna o corregimiento y se encargan de, articular, gestionar, construir y validar el cumplimento de las acciones priorizadas en el plan de acci\u00f3n.<\/p>\n<p>\u201c<em>Desde la red de mesas ambientales de Medell\u00edn, vemos importante la declaratoria de emergencia clim\u00e1tica, porque va a ser el momento para que la comunidad se empodere de su responsabilidad y de su compromiso con la adaptaci\u00f3n al cambio clim\u00e1tico. Estamos viviendo de manera reiterada una situaci\u00f3n que requiere acciones de la institucionalidad en concordancia con la comunidad<\/em>\u201d, manifest\u00f3 la integrante de la Red de Mesas Ambientales de Medell\u00edn, Gloria Patricia R\u00faa Montoya.<\/p>\n<p>Con esta declaratoria, el Distrito prioriza la inversi\u00f3n de gesti\u00f3n del riesgo de desastres y adaptaci\u00f3n al cambio clim\u00e1tico, fortaleciendo de manera urgente la aplicaci\u00f3n de las directrices dadas por el Plan de Acci\u00f3n Clim\u00e1tica, el desarrollo de proyectos priorizados por el Plan y el Sistema Municipal de Gesti\u00f3n del Riesgo de Desastres.<\/p>\n<p>Igualmente, se definen como prioridades los programas y proyectos que lidera la Administraci\u00f3n Distrital para la conservaci\u00f3n de los ecosistemas estrat\u00e9gicos y se anuncian medidas de choque, cuya ejecuci\u00f3n ser\u00e1 de car\u00e1cter prioritario.<\/p>\n","protected":false},"excerpt":{"rendered":"<p>Con esta medida se definen las estrategias sociales, t\u00e9cnicas y financieras para enfrentar de la mejor manera las emergencias que se generen. Adem\u00e1s, el Distrito prioriza la inversi\u00f3n en la gesti\u00f3n del riesgo de desastres &#8230;<\/p>\n","protected":false},"author":21,"featured_media":134897,"comment_status":"open","ping_status":"open","sticky":false,"template":"","format":"standard","meta":[],"categories":[30,13],"tags":[436],"formato_nota":[],"programas_tax":[],"acf":[],"_links":{"self":[{"href":"https:\/\/www.medellin.gov.co\/es\/wp-json\/wp\/v2\/posts\/134846"}],"collection":[{"href":"https:\/\/www.medellin.gov.co\/es\/wp-json\/wp\/v2\/posts"}],"about":[{"href":"https:\/\/www.medellin.gov.co\/es\/wp-json\/wp\/v2\/types\/post"}],"author":[{"embeddable":true,"href":"https:\/\/www.medellin.gov.co\/es\/wp-json\/wp\/v2\/users\/21"}],"replies":[{"embeddable":true,"href":"https:\/\/www.medellin.gov.co\/es\/wp-json\/wp\/v2\/comments?post=134846"}],"version-history":[{"count":1,"href":"https:\/\/www.medellin.gov.co\/es\/wp-json\/wp\/v2\/posts\/134846\/revisions"}],"predecessor-version":[{"id":134910,"href":"https:\/\/www.medellin.gov.co\/es\/wp-json\/wp\/v2\/posts\/134846\/revisions\/134910"}],"wp:featuredmedia":[{"embeddable":true,"href":"https:\/\/www.medellin.gov.co\/es\/wp-json\/wp\/v2\/media\/134897"}],"wp:attachment":[{"href":"https:\/\/www.medellin.gov.co\/es\/wp-json\/wp\/v2\/media?parent=134846"}],"wp:term":[{"taxonomy":"category","embeddable":true,"href":"https:\/\/www.medellin.gov.co\/es\/wp-json\/wp\/v2\/categories?post=134846"},{"taxonomy":"post_tag","embeddable":true,"href":"https:\/\/www.medellin.gov.co\/es\/wp-json\/wp\/v2\/tags?post=134846"},{"taxonomy":"formato_nota","embeddable":true,"href":"https:\/\/www.medellin.gov.co\/es\/wp-json\/wp\/v2\/formato_nota?post=134846"},{"taxonomy":"programas_tax","embeddable":true,"href":"https:\/\/www.medellin.gov.co\/es\/wp-json\/wp\/v2\/programas_tax?post=134846"}],"curies":[{"name":"wp","href":"https:\/\/api.w.org\/{rel}","templated":true}]}}