{"id":134939,"date":"2022-11-24T16:35:12","date_gmt":"2022-11-24T21:35:12","guid":{"rendered":"https:\/\/www.medellin.gov.co\/es\/?p=134939"},"modified":"2022-11-30T13:53:30","modified_gmt":"2022-11-30T18:53:30","slug":"usuarios-de-taxi-en-medellin-ahora-pueden-solicitar-el-servicio-a-traves-de-codigo-qr","status":"publish","type":"post","link":"https:\/\/www.medellin.gov.co\/es\/sala-de-prensa\/noticias\/usuarios-de-taxi-en-medellin-ahora-pueden-solicitar-el-servicio-a-traves-de-codigo-qr\/","title":{"rendered":"Usuarios de taxi en Medell\u00edn ahora pueden solicitar el servicio a trav\u00e9s de c\u00f3digo QR"},"content":{"rendered":"<ul>\n<li><a href=\"https:\/\/www.medellin.gov.co\/es\/secretaria-de-movilidad\/me-muevo-a-lo-bien\/\" target=\"_blank\" rel=\"noopener\">Este c\u00f3digo<\/a> est\u00e1 ubicado en zonas hoteleras, restaurantes y sitios de esparcimiento de las comunas Laureles-Estadio y El Poblado.<\/li>\n<li>Nueve empresas de transporte p\u00fablico locales hacen parte de este micrositio.<\/li>\n<li>La herramienta favorecer\u00e1 la efectividad en los controles a la informalidad y la ilegalidad en el transporte p\u00fablico individual.<\/li>\n<\/ul>\n<!--[if lt IE 9]><script>document.createElement('audio');<\/script><![endif]-->\n\t<div class=\"wp-playlist wp-audio-playlist wp-playlist-light\">\n\t\t\t<div class=\"wp-playlist-current-item\"><\/div>\n\t\t<audio controls=\"controls\" preload=\"none\" width=\"640\"\n\t\t\t><\/audio>\n\t<div class=\"wp-playlist-next\"><\/div>\n\t<div class=\"wp-playlist-prev\"><\/div>\n\t<noscript>\n\t<ol>\n\t\t<li><a href='https:\/\/www.medellin.gov.co\/es\/wp-content\/uploads\/2022\/11\/Servicio-de-Taxi-QR-01.mp3'>Palabras de V\u00edctor Hugo Piedrahita, secretario de Movilidad<\/a><\/li><li><a href='https:\/\/www.medellin.gov.co\/es\/wp-content\/uploads\/2022\/11\/Servicio-de-Taxi-QR-02.mp3'>Palabras de Ana Mar\u00eda Valencia, secretaria (e) de Innovaci\u00f3n Digital<\/a><\/li>\t<\/ol>\n\t<\/noscript>\n\t<script type=\"application\/json\" class=\"wp-playlist-script\">{\"type\":\"audio\",\"tracklist\":true,\"tracknumbers\":true,\"images\":true,\"artists\":true,\"tracks\":[{\"src\":\"https:\\\/\\\/www.medellin.gov.co\\\/es\\\/wp-content\\\/uploads\\\/2022\\\/11\\\/Servicio-de-Taxi-QR-01.mp3\",\"type\":\"audio\\\/mpeg\",\"title\":\"Palabras de V\\u00edctor Hugo Piedrahita, secretario de Movilidad\",\"caption\":\"\",\"description\":\"\\u00abPalabras de V\\u00edctor Hugo Piedrahita, secretario de Movilidad\\u00bb\",\"meta\":{\"year\":\"2022\",\"length_formatted\":\"0:59\"},\"image\":{\"src\":\"https:\\\/\\\/www.medellin.gov.co\\\/es\\\/wp-includes\\\/images\\\/media\\\/audio.png\",\"width\":48,\"height\":64},\"thumb\":{\"src\":\"https:\\\/\\\/www.medellin.gov.co\\\/es\\\/wp-includes\\\/images\\\/media\\\/audio.png\",\"width\":48,\"height\":64}},{\"src\":\"https:\\\/\\\/www.medellin.gov.co\\\/es\\\/wp-content\\\/uploads\\\/2022\\\/11\\\/Servicio-de-Taxi-QR-02.mp3\",\"type\":\"audio\\\/mpeg\",\"title\":\"Palabras de Ana Mar\\u00eda Valencia, secretaria (e) de Innovaci\\u00f3n Digital\",\"caption\":\"\",\"description\":\"\\u00abPalabras de Ana Mar\\u00eda Valencia, secretaria (e) de Innovaci\\u00f3n Digital\\u00bb\",\"meta\":{\"year\":\"2022\",\"length_formatted\":\"0:39\"},\"image\":{\"src\":\"https:\\\/\\\/www.medellin.gov.co\\\/es\\\/wp-includes\\\/images\\\/media\\\/audio.png\",\"width\":48,\"height\":64},\"thumb\":{\"src\":\"https:\\\/\\\/www.medellin.gov.co\\\/es\\\/wp-includes\\\/images\\\/media\\\/audio.png\",\"width\":48,\"height\":64}}]}<\/script>\n<\/div>\n\t\n<p>Con una herramienta tecnol\u00f3gica, los usuarios de taxi en Medell\u00edn ahora pueden pedir el servicio de transporte de manera \u00e1gil y confiable gracias a una alianza entre la Alcald\u00eda de Medell\u00edn y nueve empresas locales que participaron en la creaci\u00f3n de un micrositio para este proceso, al cual se podr\u00e1 acceder a trav\u00e9s de un <a href=\"https:\/\/www.medellin.gov.co\/es\/secretaria-de-movilidad\/me-muevo-a-lo-bien\/\" target=\"_blank\" rel=\"noopener\">c\u00f3digo QR<\/a>.<\/p>\n<p>En la capital antioque\u00f1a se identific\u00f3 la necesidad de recuperar la confianza en el transporte p\u00fablico individual y de implementar medios electr\u00f3nicos para verificar la informaci\u00f3n de operadores y conductores. Por esto se desarroll\u00f3 un <a href=\"https:\/\/www.medellin.gov.co\/es\/secretaria-de-movilidad\/me-muevo-a-lo-bien\/\" target=\"_blank\" rel=\"noopener\">QR<\/a> que al escanearlo remite a un micrositio, donde los usuarios se conectan por WhatsApp con la empresa de taxis de su elecci\u00f3n. As\u00ed obtienen atenci\u00f3n personalizada, con ahorro de tiempo en la asignaci\u00f3n del veh\u00edculo y como garant\u00eda de un servicio seguro.<\/p>\n<p>\u201c<em>Las plataformas llegaron para quedarse, no son enemigas. La tecnolog\u00eda no es enemiga, lo que queremos es utilizarla, utilizar las plataformas para ofrecer un viaje seguro a los usuarios. Podr\u00e1n saber qui\u00e9n es el conductor, en qu\u00e9 momento llega, cu\u00e1l es el n\u00famero y la placa del veh\u00edculo. Esto va a combatir la informalidad y fomentar mucho m\u00e1s el transporte legal<\/em>\u201d, expres\u00f3 el secretario de Movilidad, V\u00edctor Hugo Piedrah\u00edta Robledo.<\/p>\n<div id=\"attachment_134944\" style=\"width: 1034px\" class=\"wp-caption alignnone\"><a href=\"https:\/\/www.medellin.gov.co\/es\/wp-content\/uploads\/2022\/11\/Servicio-de-Taxi-QR-1.jpg\" target=\"_blank\" rel=\"noopener\"><img aria-describedby=\"caption-attachment-134944\" loading=\"lazy\" class=\"wp-image-134944 size-large\" title=\"Servicio de taxi a trav\u00e9s de c\u00f3digo QR\" src=\"https:\/\/www.medellin.gov.co\/es\/wp-content\/uploads\/2022\/11\/Servicio-de-Taxi-QR-1-1024x682.jpg\" alt=\"Servicio de taxi a trav\u00e9s de c\u00f3digo QR\" width=\"1024\" height=\"682\" srcset=\"https:\/\/www.medellin.gov.co\/es\/wp-content\/uploads\/2022\/11\/Servicio-de-Taxi-QR-1-1024x682.jpg 1024w, https:\/\/www.medellin.gov.co\/es\/wp-content\/uploads\/2022\/11\/Servicio-de-Taxi-QR-1-300x200.jpg 300w, https:\/\/www.medellin.gov.co\/es\/wp-content\/uploads\/2022\/11\/Servicio-de-Taxi-QR-1-150x100.jpg 150w, https:\/\/www.medellin.gov.co\/es\/wp-content\/uploads\/2022\/11\/Servicio-de-Taxi-QR-1-768x512.jpg 768w, https:\/\/www.medellin.gov.co\/es\/wp-content\/uploads\/2022\/11\/Servicio-de-Taxi-QR-1.jpg 1280w\" sizes=\"(max-width: 1024px) 100vw, 1024px\" \/><\/a><p id=\"caption-attachment-134944\" class=\"wp-caption-text\">Servicio de taxi a trav\u00e9s de c\u00f3digo QR &#8211; Foto Alcald\u00eda de Medell\u00edn<\/p><\/div>\n<p><a href=\"https:\/\/www.medellin.gov.co\/es\/secretaria-de-movilidad\/me-muevo-a-lo-bien\/\" target=\"_blank\" rel=\"noopener\">El c\u00f3digo QR<\/a> estar\u00e1, en principio, en sitios con afluencia masiva de ciudadanos como zonas hoteleras, de restaurantes y sitios de esparcimiento de Laureles-Estadio y El Poblado. La iniciativa se expandir\u00e1 para garantizar que la ciudadan\u00eda acceda a esta herramienta que invita a utilizar el transporte p\u00fablico formal.<\/p>\n<p>\u201c<em>Seguimos aportando a la construcci\u00f3n de un territorio inteligente, esta vez creando sinergia con la Secretar\u00eda de Movilidad y aport\u00e1ndole a la ciudad una plataforma que fue creada con las mejores pr\u00e1cticas de desarrollo de software para que habitantes y visitantes reciban un mejor servicio p\u00fablico y se movilicen de manera segura. As\u00ed, seguimos poniendo la innovaci\u00f3n y la tecnolog\u00eda al servicio de la ciudad y al mejoramiento del bienestar<\/em>\u201d, se\u00f1al\u00f3 la secretaria (e) de Innovaci\u00f3n Digital, Ana Mar\u00eda Valencia C\u00e1ceres.<\/p>\n<div id=\"attachment_134942\" style=\"width: 1034px\" class=\"wp-caption alignnone\"><a href=\"https:\/\/www.medellin.gov.co\/es\/wp-content\/uploads\/2022\/11\/Servicio-de-Taxi-QR-3.jpg\" target=\"_blank\" rel=\"noopener\"><img aria-describedby=\"caption-attachment-134942\" loading=\"lazy\" class=\"wp-image-134942 size-large\" title=\"Servicio de taxi a trav\u00e9s de c\u00f3digo QR\" src=\"https:\/\/www.medellin.gov.co\/es\/wp-content\/uploads\/2022\/11\/Servicio-de-Taxi-QR-3-1024x682.jpg\" alt=\"Servicio de taxi a trav\u00e9s de c\u00f3digo QR\" width=\"1024\" height=\"682\" srcset=\"https:\/\/www.medellin.gov.co\/es\/wp-content\/uploads\/2022\/11\/Servicio-de-Taxi-QR-3-1024x682.jpg 1024w, https:\/\/www.medellin.gov.co\/es\/wp-content\/uploads\/2022\/11\/Servicio-de-Taxi-QR-3-300x200.jpg 300w, https:\/\/www.medellin.gov.co\/es\/wp-content\/uploads\/2022\/11\/Servicio-de-Taxi-QR-3-150x100.jpg 150w, https:\/\/www.medellin.gov.co\/es\/wp-content\/uploads\/2022\/11\/Servicio-de-Taxi-QR-3-768x512.jpg 768w, https:\/\/www.medellin.gov.co\/es\/wp-content\/uploads\/2022\/11\/Servicio-de-Taxi-QR-3.jpg 1280w\" sizes=\"(max-width: 1024px) 100vw, 1024px\" \/><\/a><p id=\"caption-attachment-134942\" class=\"wp-caption-text\">Servicio de taxi a trav\u00e9s de c\u00f3digo QR &#8211; Foto Alcald\u00eda de Medell\u00edn<\/p><\/div>\n<p>Esta herramienta tambi\u00e9n permitir\u00e1 eficacia en los controles a la informalidad, homologaci\u00f3n de veh\u00edculos, al igual que compromiso y responsabilidad de las compa\u00f1\u00edas de taxi, sus asociados y conductores.<\/p>\n<p>\u201c<em>Esto mejora el servicio para los usuarios, les da tranquilidad, seguridad, agilidad, pueden conseguir taxi de manera m\u00e1s oportuna y r\u00e1pida. En estas \u00e9pocas de tanta congesti\u00f3n, esto les va a facilitar la movilidad en Medell\u00edn, les va a dar seguridad debido a que todos estos veh\u00edculos integrados a este sistema tienen toda su documentaci\u00f3n al d\u00eda<\/em>\u201d, indic\u00f3 el gerente general de Coopebombas, Diego Hern\u00e1n Montoya.<\/p>\n<p>En este proyecto, que fortalece a Medell\u00edn como Distrito Especial de Ciencia, Tecnolog\u00eda e Innovaci\u00f3n, participan Tax S\u00faper, Coopebombas, Tax Individual, Cootransmede, Flota Bernal, Tax Andaluz, Tax Poblado SAS, Taxis Libres y Tax Bel\u00e9n. Su ubicaci\u00f3n en la plataforma obedece a un sorteo en el que estuvieron representantes de las nueve compa\u00f1\u00edas.<\/p>\n","protected":false},"excerpt":{"rendered":"<p>Este c\u00f3digo est\u00e1 ubicado en zonas hoteleras, restaurantes y sitios de esparcimiento de las comunas Laureles-Estadio y El Poblado. Nueve empresas de transporte p\u00fablico locales hacen parte de este micrositio. La herramienta favorecer\u00e1 la efectividad &#8230;<\/p>\n","protected":false},"author":21,"featured_media":134940,"comment_status":"open","ping_status":"open","sticky":false,"template":"","format":"standard","meta":[],"categories":[19,14],"tags":[447],"formato_nota":[],"programas_tax":[],"acf":[],"_links":{"self":[{"href":"https:\/\/www.medellin.gov.co\/es\/wp-json\/wp\/v2\/posts\/134939"}],"collection":[{"href":"https:\/\/www.medellin.gov.co\/es\/wp-json\/wp\/v2\/posts"}],"about":[{"href":"https:\/\/www.medellin.gov.co\/es\/wp-json\/wp\/v2\/types\/post"}],"author":[{"embeddable":true,"href":"https:\/\/www.medellin.gov.co\/es\/wp-json\/wp\/v2\/users\/21"}],"replies":[{"embeddable":true,"href":"https:\/\/www.medellin.gov.co\/es\/wp-json\/wp\/v2\/comments?post=134939"}],"version-history":[{"count":2,"href":"https:\/\/www.medellin.gov.co\/es\/wp-json\/wp\/v2\/posts\/134939\/revisions"}],"predecessor-version":[{"id":137564,"href":"https:\/\/www.medellin.gov.co\/es\/wp-json\/wp\/v2\/posts\/134939\/revisions\/137564"}],"wp:featuredmedia":[{"embeddable":true,"href":"https:\/\/www.medellin.gov.co\/es\/wp-json\/wp\/v2\/media\/134940"}],"wp:attachment":[{"href":"https:\/\/www.medellin.gov.co\/es\/wp-json\/wp\/v2\/media?parent=134939"}],"wp:term":[{"taxonomy":"category","embeddable":true,"href":"https:\/\/www.medellin.gov.co\/es\/wp-json\/wp\/v2\/categories?post=134939"},{"taxonomy":"post_tag","embeddable":true,"href":"https:\/\/www.medellin.gov.co\/es\/wp-json\/wp\/v2\/tags?post=134939"},{"taxonomy":"formato_nota","embeddable":true,"href":"https:\/\/www.medellin.gov.co\/es\/wp-json\/wp\/v2\/formato_nota?post=134939"},{"taxonomy":"programas_tax","embeddable":true,"href":"https:\/\/www.medellin.gov.co\/es\/wp-json\/wp\/v2\/programas_tax?post=134939"}],"curies":[{"name":"wp","href":"https:\/\/api.w.org\/{rel}","templated":true}]}}