{"id":135578,"date":"2022-11-25T15:30:16","date_gmt":"2022-11-25T20:30:16","guid":{"rendered":"https:\/\/www.medellin.gov.co\/es\/?p=135578"},"modified":"2022-11-25T15:30:16","modified_gmt":"2022-11-25T20:30:16","slug":"los-corregimientos-celebran-su-dia-con-actividades-hasta-el-17-de-diciembre","status":"publish","type":"post","link":"https:\/\/www.medellin.gov.co\/es\/sala-de-prensa\/noticias\/los-corregimientos-celebran-su-dia-con-actividades-hasta-el-17-de-diciembre\/","title":{"rendered":"Los corregimientos celebran su d\u00eda con actividades hasta el 17 de diciembre"},"content":{"rendered":"<p>El D\u00eda Municipal de los Corregimientos se da mediante el decreto 1845 2012 que reglamenta el acuerdo 11 de 2011, donde el Concejo de Medell\u00edn acord\u00f3 establecer el primer s\u00e1bado del mes de diciembre para celebrarlo con diferentes actividades l\u00fadico culturales que integren a los ciudadanos y sus familias.<\/p>\n<p>Este a\u00f1o la Alcald\u00eda de Medell\u00edn decidi\u00f3 pasar de un d\u00eda a varios d\u00edas de celebraci\u00f3n, con actividades para todos los gustos y que van en v\u00eda de fortalecer la uni\u00f3n familiar, la integraci\u00f3n de las comunidades y recuperaci\u00f3n de la memoria hist\u00f3rica.<\/p>\n<p>El decreto nombra como comit\u00e9 organizador a:<\/p>\n<ul>\n<li>Participaci\u00f3n Ciudadana<\/li>\n<li>Medio Ambiente<\/li>\n<li>Mujeres<\/li>\n<li>Educaci\u00f3n<\/li>\n<li>Cultura Ciudadana<\/li>\n<li>Gobierno<\/li>\n<li>Desarrollo Econ\u00f3mico<\/li>\n<li>INDER<\/li>\n<li>ACI<\/li>\n<li>Banco de los Pobres<\/li>\n<\/ul>\n<p><strong>\u00a1Progr\u00e1mate!<\/strong><\/p>\n<p><a href=\"https:\/\/www.medellin.gov.co\/es\/wp-content\/uploads\/2022\/11\/Celebracion-Corregimientos-2.jpg\" target=\"_blank\" rel=\"noopener\"><img loading=\"lazy\" class=\"alignnone wp-image-135579 size-large\" title=\"Programaci\u00f3n d\u00eda de los corregimientos\" src=\"https:\/\/www.medellin.gov.co\/es\/wp-content\/uploads\/2022\/11\/Celebracion-Corregimientos-2-1024x1024.jpg\" alt=\"Programaci\u00f3n d\u00eda de los corregimientos\" width=\"1024\" height=\"1024\" srcset=\"https:\/\/www.medellin.gov.co\/es\/wp-content\/uploads\/2022\/11\/Celebracion-Corregimientos-2-1024x1024.jpg 1024w, https:\/\/www.medellin.gov.co\/es\/wp-content\/uploads\/2022\/11\/Celebracion-Corregimientos-2-300x300.jpg 300w, https:\/\/www.medellin.gov.co\/es\/wp-content\/uploads\/2022\/11\/Celebracion-Corregimientos-2-150x150.jpg 150w, https:\/\/www.medellin.gov.co\/es\/wp-content\/uploads\/2022\/11\/Celebracion-Corregimientos-2-768x768.jpg 768w, https:\/\/www.medellin.gov.co\/es\/wp-content\/uploads\/2022\/11\/Celebracion-Corregimientos-2.jpg 1280w\" sizes=\"(max-width: 1024px) 100vw, 1024px\" \/><\/a><\/p>\n<p>Por motivo de la celebraci\u00f3n, la gerente de Corregimientos, Maryori Londo\u00f1o Grajales manifiesta: \u201c<em>Reconocer la ciudad es tambi\u00e9n mirar sus monta\u00f1as, el hogar de los corregimientos, esos que nos protegen y brindan la sostenibilidad ambiental y el desarrollo productivo de nuestra Medell\u00edn Futuro. Es momento de festejarlos a ellos y a sus habitantes, rostros amables y de inigualable bondad, quienes con amor trabajan todos los d\u00edas para que sus tradiciones dejen huella y permanezcan en el tiempo. <strong>Acomp\u00e1\u00f1anos a vivir esta gran celebraci\u00f3n de los Corregimientos Futuro<\/strong><\/em>\u201d.<\/p>\n<p>En esta gu\u00eda encontrar\u00e1s la <a href=\"https:\/\/www.medellin.gov.co\/es\/wp-content\/uploads\/2022\/11\/PROGRAMACION-CORREGIMIENTOS-FUTURO-CARTA-22-nov.pdf\" target=\"_blank\" rel=\"noopener\"><strong>programaci\u00f3n de la celebraci\u00f3n de los corregimientos <\/strong><\/a>hasta el 17 de diciembre<strong>:<\/strong><\/p>\n<p><strong>Santa Elena<\/strong><\/p>\n<ul>\n<li><strong><em>Noches de Tertulia y Chocolatada<\/em><\/strong><\/li>\n<\/ul>\n<p><strong>18 de noviembre <\/strong><\/p>\n<p><strong>Hora:<\/strong> De 4:00 p. m. a 10:00 p. m.<\/p>\n<p><strong>Lugar:<\/strong> Vereda Mazo &#8211; Junta de Acci\u00f3n Comunal<strong>\u00a0<\/strong><\/p>\n<ul>\n<li><strong>19 de noviembre <\/strong><\/li>\n<\/ul>\n<p><strong>Hora:<\/strong> De 4:00 p. m. a 10:00 p. m.<\/p>\n<p><strong>Lugar:<\/strong> Vereda Piedra Gorda &#8211; Junta de Acci\u00f3n Comunal<\/p>\n<ul>\n<li><strong>20 de noviembre <\/strong><\/li>\n<\/ul>\n<p><strong>Hora:<\/strong> De 1:00 p. m. a 7:00 p. m.<\/p>\n<p><strong>Lugar:<\/strong> Vereda El Llano &#8211; Junta de Acci\u00f3n Comunal<\/p>\n<ul>\n<li><strong><em>Celebraci\u00f3n Santa Elena<\/em><\/strong><\/li>\n<\/ul>\n<p><strong>27 de noviembre <\/strong><\/p>\n<p><strong>Hora:<\/strong> De 2:00 p. m. a 9:00 p. m.<\/p>\n<p>Lugar: Parque principal<\/p>\n<ul>\n<li><strong><em>Actividades recreativas y deportivas<\/em><\/strong><\/li>\n<\/ul>\n<p><strong>3 de diciembre<\/strong><\/p>\n<p><strong>Hora:<\/strong> De 8:00 a. m. a 12:00 m.<\/p>\n<p><strong>Lugar:<\/strong> Casa de la Cultura<\/p>\n<ul>\n<li><strong><em>Taller de sensibilizaci\u00f3n en proyectos de cooperaci\u00f3n internacional<\/em><\/strong><\/li>\n<\/ul>\n<p><strong>6 de diciembre<\/strong><\/p>\n<p><strong>Hora:<\/strong> De 9:30 a. m. a 12:30 p. m.<\/p>\n<p><strong>Lugar:<\/strong> Plaza Mayor Medell\u00edn<\/p>\n<p>*Cupos limitados<\/p>\n<p><strong>San Antonio de Prado<\/strong><\/p>\n<ul>\n<li><strong><em>Celebraci\u00f3n San Antonio de Prado<\/em><\/strong><\/li>\n<\/ul>\n<p><strong>26 de noviembre<\/strong><\/p>\n<p><strong>Hora:<\/strong> De 2:00 p. m. a 9:00 p. m.<\/p>\n<p><strong>Lugar:<\/strong> Parque principal<\/p>\n<ul>\n<li><strong><em>Actividades recreativas y deportivas<\/em><\/strong><\/li>\n<\/ul>\n<p><strong>30 de noviembre <\/strong><\/p>\n<p><strong>Hora:<\/strong> 2:00 p. m.<\/p>\n<p><strong>Lugar:<\/strong> Uva el Para\u00edso<strong><em>\u00a0<\/em><\/strong><\/p>\n<ul>\n<li><strong><em>Un Banco en Mi Comuna<\/em><\/strong><\/li>\n<\/ul>\n<p><strong>3 de diciembre<\/strong><\/p>\n<p><strong>Hora:<\/strong> De 1:00 p. m. a 5:00 p. m.<\/p>\n<p><strong>Lugar:<\/strong> Parque principal<\/p>\n<ul>\n<li><strong><em>Feria cultural y gastron\u00f3mica<\/em><\/strong><\/li>\n<\/ul>\n<p><strong>10 de diciembre<\/strong><\/p>\n<p><strong>Hora:<\/strong> De 2:00 p. m. a 8:00 p. m.<\/p>\n<p><strong>Lugar:<\/strong> Parque principal<\/p>\n<p><strong>Altavista<\/strong><\/p>\n<ul>\n<li><strong><em>Tamborada Corregimientos Futuro<\/em><\/strong><\/li>\n<\/ul>\n<p><strong>24 de noviembre<\/strong><\/p>\n<p><strong>Hora:<\/strong> 12:00 m.<\/p>\n<p><strong>Lugar:<\/strong> Centralidad<\/p>\n<ul>\n<li><strong><em>Un Banco en Mi Comuna<\/em><\/strong><\/li>\n<\/ul>\n<p><strong>25 de noviembre<\/strong><\/p>\n<p><strong>Hora:<\/strong> De 1:00 p. m. a 5:00 p. m.<\/p>\n<p><strong>Lugar:<\/strong> Centralidad<\/p>\n<ul>\n<li><strong><em>Actividades recreativas y deportivas<\/em><\/strong><\/li>\n<\/ul>\n<p><strong>1 de diciembre<\/strong><\/p>\n<p><strong>Hora:<\/strong> 3:00 p. m.<\/p>\n<p><strong>Lugar:<\/strong> Casa de la Justicia<\/p>\n<ul>\n<li><strong><em>Celebraci\u00f3n Altavista<\/em><\/strong><\/li>\n<\/ul>\n<p><strong>3 de diciembre<\/strong><\/p>\n<p><strong>Hora:<\/strong> De 2:00 p. m. a 9:00 p. m.<\/p>\n<p><strong>Lugar:<\/strong> Centralidad<\/p>\n<ul>\n<li><strong><em>Taller de sensibilizaci\u00f3n en proyectos de cooperaci\u00f3n internacional<\/em><\/strong><\/li>\n<\/ul>\n<p><strong>6 de diciembre<\/strong><\/p>\n<p><strong>Hora:<\/strong> De 9:30 a. m. a 12:30 p. m.<\/p>\n<p><strong>Lugar:<\/strong> Plaza Mayor Medell\u00edn<\/p>\n<p>*Cupos limitados<\/p>\n<ul>\n<li><strong><em>Cine en el Ecoparque La Perla<\/em><\/strong><\/li>\n<\/ul>\n<p><strong><em>17 de diciembre<\/em><\/strong><\/p>\n<p><strong>Hora:<\/strong> De 4:00 p. m. a 8:00 p. m.<\/p>\n<p><strong>Lugar:<\/strong> Ecoparque de la Perla<\/p>\n<p><strong>San Sebasti\u00e1n de Palmitas<\/strong><strong>\u00a0<\/strong><\/p>\n<ul>\n<li><strong><em>Actividades recreativas y deportivas<\/em><\/strong><\/li>\n<\/ul>\n<p><strong>17 de noviembre<\/strong><\/p>\n<p><strong>Hora:<\/strong> 9:00 m.<\/p>\n<p><strong>Lugar:<\/strong> Vereda la Aldea<\/p>\n<ul>\n<li><strong><em>Celebraci\u00f3n San Sebasti\u00e1n de Palmitas<\/em><\/strong><\/li>\n<\/ul>\n<p><strong>4 de diciembre<\/strong><\/p>\n<p><strong>Hora:<\/strong> De 2:00 p. m. a 9:00 p. m.<\/p>\n<p><strong>Lugar:<\/strong> Centralidad<\/p>\n<ul>\n<li><strong><em>Taller de sensibilizaci\u00f3n en proyectos de cooperaci\u00f3n internacional<\/em><\/strong><\/li>\n<\/ul>\n<p><strong>6 de diciembre<\/strong><\/p>\n<p><strong>Hora:<\/strong> De 9:30 a. m. a 12:30 p. m.<\/p>\n<p><strong>Lugar:<\/strong> Plaza Mayor Medell\u00edn<\/p>\n<p>*Cupos limitados<\/p>\n<ul>\n<li><strong><em>Concurso de Sancochos<\/em><\/strong><\/li>\n<\/ul>\n<p><strong>11 de diciembre<\/strong><\/p>\n<p><strong>Hora:<\/strong> De 7:00 a. m. a 2:00 p. m.<\/p>\n<p><strong>Lugar:<\/strong> Centralidad<\/p>\n<p><strong>San Crist\u00f3bal<\/strong><em>\u00a0<\/em><\/p>\n<ul>\n<li><strong><em>Actividades recreativas y deportivas<\/em><\/strong><strong>\u00a0<\/strong><\/li>\n<\/ul>\n<p><strong>29 de noviembre <\/strong><\/p>\n<p><strong>Hora:<\/strong> 9:00 a.m.<\/p>\n<p><strong>Lugar:<\/strong> Unidad deportiva de San Crist\u00f3bal<\/p>\n<ul>\n<li><strong><em>Bingo y toma art\u00edstica<\/em><\/strong><\/li>\n<\/ul>\n<p><strong>4 de diciembre<\/strong><\/p>\n<p><strong>Hora:<\/strong> De 10:00 a. m. a 10:00 p. m.<\/p>\n<p><strong>Lugar:<\/strong>\u00a0 Uva Nuevo Occidente<\/p>\n<ul>\n<li><strong>Taller de sensibilizaci\u00f3n en proyectos de cooperaci\u00f3n internacional<\/strong><\/li>\n<\/ul>\n<p><strong>6 de diciembre<\/strong><\/p>\n<p><strong>Hora:<\/strong> De 9:30 a. m. a 12:30 p. m.<\/p>\n<p><strong>Lugar:<\/strong> Plaza Mayor Medell\u00edn<\/p>\n<p>*Cupos limitados<\/p>\n<ul>\n<li><strong><em>Celebraci\u00f3n San Crist\u00f3bal<\/em><\/strong><\/li>\n<\/ul>\n<p><strong>11 de diciembre<\/strong><\/p>\n<p><strong>Hora:<\/strong> De 2:00 p. m. a 9:00 p. m.<\/p>\n<p><strong>Lugar:<\/strong> Parque principal<\/p>\n","protected":false},"excerpt":{"rendered":"<p>El D\u00eda Municipal de los Corregimientos se da mediante el decreto 1845 2012 que reglamenta el acuerdo 11 de 2011, donde el Concejo de Medell\u00edn acord\u00f3 establecer el primer s\u00e1bado del mes de diciembre para &#8230;<\/p>\n","protected":false},"author":21,"featured_media":135583,"comment_status":"open","ping_status":"open","sticky":false,"template":"","format":"standard","meta":[],"categories":[24],"tags":[451,428],"formato_nota":[],"programas_tax":[],"acf":[],"_links":{"self":[{"href":"https:\/\/www.medellin.gov.co\/es\/wp-json\/wp\/v2\/posts\/135578"}],"collection":[{"href":"https:\/\/www.medellin.gov.co\/es\/wp-json\/wp\/v2\/posts"}],"about":[{"href":"https:\/\/www.medellin.gov.co\/es\/wp-json\/wp\/v2\/types\/post"}],"author":[{"embeddable":true,"href":"https:\/\/www.medellin.gov.co\/es\/wp-json\/wp\/v2\/users\/21"}],"replies":[{"embeddable":true,"href":"https:\/\/www.medellin.gov.co\/es\/wp-json\/wp\/v2\/comments?post=135578"}],"version-history":[{"count":2,"href":"https:\/\/www.medellin.gov.co\/es\/wp-json\/wp\/v2\/posts\/135578\/revisions"}],"predecessor-version":[{"id":135585,"href":"https:\/\/www.medellin.gov.co\/es\/wp-json\/wp\/v2\/posts\/135578\/revisions\/135585"}],"wp:featuredmedia":[{"embeddable":true,"href":"https:\/\/www.medellin.gov.co\/es\/wp-json\/wp\/v2\/media\/135583"}],"wp:attachment":[{"href":"https:\/\/www.medellin.gov.co\/es\/wp-json\/wp\/v2\/media?parent=135578"}],"wp:term":[{"taxonomy":"category","embeddable":true,"href":"https:\/\/www.medellin.gov.co\/es\/wp-json\/wp\/v2\/categories?post=135578"},{"taxonomy":"post_tag","embeddable":true,"href":"https:\/\/www.medellin.gov.co\/es\/wp-json\/wp\/v2\/tags?post=135578"},{"taxonomy":"formato_nota","embeddable":true,"href":"https:\/\/www.medellin.gov.co\/es\/wp-json\/wp\/v2\/formato_nota?post=135578"},{"taxonomy":"programas_tax","embeddable":true,"href":"https:\/\/www.medellin.gov.co\/es\/wp-json\/wp\/v2\/programas_tax?post=135578"}],"curies":[{"name":"wp","href":"https:\/\/api.w.org\/{rel}","templated":true}]}}