{"id":135800,"date":"2022-11-25T16:24:39","date_gmt":"2022-11-25T21:24:39","guid":{"rendered":"https:\/\/www.medellin.gov.co\/es\/?p=135800"},"modified":"2022-11-26T18:32:05","modified_gmt":"2022-11-26T23:32:05","slug":"como-adoptar-un-animal-de-compania-en-medellin","status":"publish","type":"post","link":"https:\/\/www.medellin.gov.co\/es\/sala-de-prensa\/noticias\/como-adoptar-un-animal-de-compania-en-medellin\/","title":{"rendered":"\u00bfC\u00f3mo adoptar un animal de compa\u00f1\u00eda en Medell\u00edn?"},"content":{"rendered":"<p><em>Cada vez son m\u00e1s familias las que deciden adoptar un animal de compa\u00f1\u00eda en nuestra ciudad.\u00a0\u00a0 Consultamos con la Secretar\u00eda de Medio Ambiente sobre este proceso y esta fue la orientaci\u00f3n que nos dieron.<\/em><\/p>\n<p><strong>\u00bfQu\u00e9 requisitos se deben cumplir <\/strong><strong>para<\/strong><strong> adoptar un animal de compa\u00f1\u00eda?<\/strong><\/p>\n<p><strong>S.M.A.:<\/strong> <em>\u201cSe debe ser mayor de edad y presentar la c\u00e9dula de ciudadan\u00eda o de extranjer\u00eda o el pasaporte en caso de extranjeros visitantes. Es importante que los miembros de la familia est\u00e9n de acuerdo con la decisi\u00f3n de adoptar y en apoyar las labores de cuidado del nuevo miembro del hogar. Ante todo, tener clara la decisi\u00f3n de acoger en el hogar a un animal de compa\u00f1\u00eda para toda la vida y brindarle el amor, respeto y cuidado que ellos merecen\u201d.<\/em><\/p>\n<p><a href=\"https:\/\/www.medellin.gov.co\/es\/wp-content\/uploads\/2022\/03\/20210219-La-Perla.jpg\"><img loading=\"lazy\" class=\"alignnone size-full wp-image-59937\" src=\"https:\/\/www.medellin.gov.co\/es\/wp-content\/uploads\/2022\/03\/20210219-La-Perla.jpg\" alt=\"\" width=\"1000\" height=\"450\" srcset=\"https:\/\/www.medellin.gov.co\/es\/wp-content\/uploads\/2022\/03\/20210219-La-Perla.jpg 1000w, https:\/\/www.medellin.gov.co\/es\/wp-content\/uploads\/2022\/03\/20210219-La-Perla-300x135.jpg 300w, https:\/\/www.medellin.gov.co\/es\/wp-content\/uploads\/2022\/03\/20210219-La-Perla-150x68.jpg 150w, https:\/\/www.medellin.gov.co\/es\/wp-content\/uploads\/2022\/03\/20210219-La-Perla-768x346.jpg 768w\" sizes=\"(max-width: 1000px) 100vw, 1000px\" \/><\/a><br \/>\nCentro de Bienestar Animal La Perla &#8211; Foto Alcald\u00eda de Medell\u00edn<\/p>\n<p><strong>\u00bfQui\u00e9nes pueden adoptar?<\/strong><\/p>\n<p><strong>S.M.A.:<\/strong> <em>\u201cCualquier persona que sea mayor de edad, que presente su documento de identidad y que garantice que durante toda la vida del animal de compa\u00f1\u00eda ser\u00e1 responsable de su alimentaci\u00f3n, higiene, salud, vacunaciones, desparasitaciones, revisiones veterinarias, tratamientos m\u00e9dicos y de comportamiento. En resumen, ser\u00e1 el encargado de proporcionarle una vida feliz en condiciones de bienestar\u201d.<\/em><\/p>\n<div id=\"attachment_82087\" style=\"width: 1034px\" class=\"wp-caption alignnone\"><a href=\"https:\/\/www.medellin.gov.co\/es\/wp-content\/uploads\/2022\/08\/Casas-Gatos-La-Perla-2.jpg\"><img aria-describedby=\"caption-attachment-82087\" loading=\"lazy\" class=\"size-full wp-image-82087\" src=\"https:\/\/www.medellin.gov.co\/es\/wp-content\/uploads\/2022\/08\/Casas-Gatos-La-Perla-2.jpg\" alt=\"Casas para los gatos de La Perla\" width=\"1024\" height=\"683\" srcset=\"https:\/\/www.medellin.gov.co\/es\/wp-content\/uploads\/2022\/08\/Casas-Gatos-La-Perla-2.jpg 1024w, https:\/\/www.medellin.gov.co\/es\/wp-content\/uploads\/2022\/08\/Casas-Gatos-La-Perla-2-300x200.jpg 300w, https:\/\/www.medellin.gov.co\/es\/wp-content\/uploads\/2022\/08\/Casas-Gatos-La-Perla-2-150x100.jpg 150w, https:\/\/www.medellin.gov.co\/es\/wp-content\/uploads\/2022\/08\/Casas-Gatos-La-Perla-2-768x512.jpg 768w\" sizes=\"(max-width: 1024px) 100vw, 1024px\" \/><\/a><p id=\"caption-attachment-82087\" class=\"wp-caption-text\">Casas para los gatos de La Perla &#8211; Foto Alcald\u00eda de Medell\u00edn<\/p><\/div>\n<p><strong>\u00bfQu\u00e9 tipo de animales de compa\u00f1\u00eda se pueden adoptar?<\/strong><\/p>\n<p><strong>S.M.A.:<\/strong> \u201c<em>Caninos y felinos a partir de los cuatro meses de edad. Se entregan con un plan sanitario completo (esterilizaci\u00f3n, vacunaci\u00f3n, desparasitaci\u00f3n, implantaci\u00f3n de microchip y ex\u00e1menes m\u00e9dicos de salida)\u201d.<\/em><\/p>\n<p><strong>\u00bfEn el caso de las especies mayores, como caballos, vacas y similares, qu\u00e9 otras condiciones adicionales se necesitan para poder adoptar?<\/strong><\/p>\n<p><strong>S.M.A.:<\/strong> <em>\u201cTener el espacio adecuado para ellos, que no sean utilizados para trabajos o consumos y conocer las necesidades y requerimientos propios de su especie\u201d.<\/em><\/p>\n<p><a href=\"https:\/\/www.medellin.gov.co\/es\/wp-content\/uploads\/2022\/03\/20210828-La-Perla-1-1.jpg\"><img loading=\"lazy\" class=\"alignnone size-full wp-image-56489\" src=\"https:\/\/www.medellin.gov.co\/es\/wp-content\/uploads\/2022\/03\/20210828-La-Perla-1-1.jpg\" alt=\"\" width=\"1000\" height=\"450\" srcset=\"https:\/\/www.medellin.gov.co\/es\/wp-content\/uploads\/2022\/03\/20210828-La-Perla-1-1.jpg 1000w, https:\/\/www.medellin.gov.co\/es\/wp-content\/uploads\/2022\/03\/20210828-La-Perla-1-1-300x135.jpg 300w, https:\/\/www.medellin.gov.co\/es\/wp-content\/uploads\/2022\/03\/20210828-La-Perla-1-1-150x68.jpg 150w, https:\/\/www.medellin.gov.co\/es\/wp-content\/uploads\/2022\/03\/20210828-La-Perla-1-1-768x346.jpg 768w\" sizes=\"(max-width: 1000px) 100vw, 1000px\" \/><\/a><br \/>\nCentro de Bienestar Animal La Perla &#8211; Foto Alcald\u00eda de Medell\u00edn<\/p>\n<p><strong>\u00bfQu\u00e9 compromisos legales adquiero al adoptar un animal de compa\u00f1\u00eda?<\/strong><\/p>\n<p><strong>S.M.A.:<\/strong> <em>\u201cComo responsable de la adopci\u00f3n, quien lo hace debe garantizarle criterios de protecci\u00f3n y bienestar animal de conformidad con la legislaci\u00f3n nacional para que el animal no sufra hambre ni sed, no sufra injustificadamente malestar f\u00edsico ni dolor, no le sean provocadas enfermedades por negligencia o descuido, no sea sometido a condiciones de miedo ni estr\u00e9s y pueda manifestar su comportamiento natural\u201d.<\/em><\/p>\n<p><strong>\u00bfSi no cumplo esos requisitos, qu\u00e9 tipo de sanci\u00f3n tengo?<\/strong><\/p>\n<p><em>\u201cExisten dos tipos de sanciones: Una de car\u00e1cter administrativo, la cual implica sanciones pedag\u00f3gicas y multas que son impuestas por la Inspecci\u00f3n de Polic\u00eda de Protecci\u00f3n Animal. Y la otra, conlleva a la comisi\u00f3n del delito de maltrato animal, lo que implica pena privativa de la libertad desde los 12 hasta los 36 meses; inhabilidad especial para el ejercicio de la profesi\u00f3n, oficio, comercio o tenencia de animales y multa que va desde los 5 hasta los 69 SMMLV\u201d.<\/em><\/p>\n<p><a href=\"https:\/\/www.medellin.gov.co\/es\/wp-content\/uploads\/2022\/01\/perro-de-la-perla.jpg\"><img loading=\"lazy\" class=\"alignnone size-full wp-image-44674\" src=\"https:\/\/www.medellin.gov.co\/es\/wp-content\/uploads\/2022\/01\/perro-de-la-perla.jpg\" alt=\"Perro - La Perla\" width=\"1024\" height=\"682\" srcset=\"https:\/\/www.medellin.gov.co\/es\/wp-content\/uploads\/2022\/01\/perro-de-la-perla.jpg 1024w, https:\/\/www.medellin.gov.co\/es\/wp-content\/uploads\/2022\/01\/perro-de-la-perla-300x200.jpg 300w, https:\/\/www.medellin.gov.co\/es\/wp-content\/uploads\/2022\/01\/perro-de-la-perla-150x100.jpg 150w, https:\/\/www.medellin.gov.co\/es\/wp-content\/uploads\/2022\/01\/perro-de-la-perla-768x512.jpg 768w\" sizes=\"(max-width: 1024px) 100vw, 1024px\" \/><\/a><br \/>\nCentro de Bienestar Animal La Perla &#8211; Foto Alcald\u00eda de Medell\u00edn<\/p>\n<p><strong>\u00bfQu\u00e9 beneficios emocionales y legales tiene adoptar un animal de compa\u00f1\u00eda?<\/strong><\/p>\n<p><strong>S.M.A.:<\/strong> <em>\u201cEn lo emocional, e<\/em><em>l animal de compa\u00f1\u00eda en un hogar nos ayuda a mejorar las relaciones entre los integrantes del hogar, refuerzan nuestra autoestima, nos ayuda a disminuir el estr\u00e9s y la sensaci\u00f3n de soledad, mejora nuestra salud y promueve habilidades emocionales y sociales\u201d.<\/em><em>\u00a0<\/em><\/p>\n<p><em>\u201cEn lo legal, se puede acceder sin ning\u00fan costo adicional a un animal de compa\u00f1\u00eda en buen estado de salud, con una revisi\u00f3n etol\u00f3gica y esto es acceder a una oferta institucional financiada con recursos p\u00fablicos\u201d.<\/em><\/p>\n<div id=\"attachment_82086\" style=\"width: 1034px\" class=\"wp-caption alignnone\"><a href=\"https:\/\/www.medellin.gov.co\/es\/wp-content\/uploads\/2022\/08\/Casas-Gatos-La-Perla-1.jpg\"><img aria-describedby=\"caption-attachment-82086\" loading=\"lazy\" class=\"size-full wp-image-82086\" src=\"https:\/\/www.medellin.gov.co\/es\/wp-content\/uploads\/2022\/08\/Casas-Gatos-La-Perla-1.jpg\" alt=\"Casas para los gatos de La Perla\" width=\"1024\" height=\"683\" srcset=\"https:\/\/www.medellin.gov.co\/es\/wp-content\/uploads\/2022\/08\/Casas-Gatos-La-Perla-1.jpg 1024w, https:\/\/www.medellin.gov.co\/es\/wp-content\/uploads\/2022\/08\/Casas-Gatos-La-Perla-1-300x200.jpg 300w, https:\/\/www.medellin.gov.co\/es\/wp-content\/uploads\/2022\/08\/Casas-Gatos-La-Perla-1-150x100.jpg 150w, https:\/\/www.medellin.gov.co\/es\/wp-content\/uploads\/2022\/08\/Casas-Gatos-La-Perla-1-768x512.jpg 768w\" sizes=\"(max-width: 1024px) 100vw, 1024px\" \/><\/a><p id=\"caption-attachment-82086\" class=\"wp-caption-text\">Casas para los gatos de La Perla &#8211; Foto Alcald\u00eda de Medell\u00edn<\/p><\/div>\n<p><strong>\u00bfC\u00f3mo se pide cita en La Perla para conocer los animales que est\u00e1n en proceso de adopci\u00f3n?<\/strong><\/p>\n<p>\u201c<em>No es necesario agendar cita para realizar un proceso de adopci\u00f3n. Simplemente debe presentarse en el Centro de Bienestar Animal La Perla, ubicado en el corregimiento Altavista, en los horarios establecidos de lunes a s\u00e1bado de 7:00 a. m. a 3:00 p. m. y los domingos y festivos de 8:00 a. m. \u00a0a 3:00 p. m.\u201d.<\/em><\/p>\n<p><em>\u201cAdicionalmente pueden visitar los eventos externos que se realizan en diferentes lugares estrat\u00e9gicos de la ciudad. Dicha informaci\u00f3<\/em>n puede ser <em>consultada por medio del <a href=\"https:\/\/www.instagram.com\/laperlamed\/\" target=\"_blank\" rel=\"noopener\">instagram (@laperlamed)\u201d<\/a>.<\/em><\/p>\n<p>Para obtener una informaci\u00f3n m\u00e1s completa sobre el proceso de adopci\u00f3n puede llamar a las l\u00edneas de celular (whatsapp): 3117987303-3117963457 o comunicarse al tel\u00e9fono fijo: 385-55-60.<\/p>\n<p>Igualmente puede escribir al Correo electr\u00f3nico: <a href=\"mailto:adopciones.laperla@medellin.gov.co\">adopciones.laperla@medellin.gov.co<\/a> o en la p\u00e1gina web: <a href=\"https:\/\/www.medellin.gov.co\/Medio_Ambiente\/vistaGeneral.do?cod=14\">https:\/\/www.medellin.gov.co\/Medio_Ambiente\/vistaGeneral.do?cod=14<\/a><\/p>\n<p>Tambi\u00e9n puede dirigirse al Centro de Bienestar Animal La Perla, ubicado en la calle 8A # 112-82 corregimiento Altavista o al Punto de Adopci\u00f3n La Frontera, en la calle 18 Sur # 39A &#8211; 40 en el barrio El Poblado.<\/p>\n","protected":false},"excerpt":{"rendered":"<p>Cada vez son m\u00e1s familias las que deciden adoptar un animal de compa\u00f1\u00eda en nuestra ciudad.\u00a0\u00a0 Consultamos con la Secretar\u00eda de Medio Ambiente sobre este proceso y esta fue la orientaci\u00f3n que nos dieron. \u00bfQu\u00e9 &#8230;<\/p>\n","protected":false},"author":17,"featured_media":47986,"comment_status":"open","ping_status":"open","sticky":false,"template":"","format":"standard","meta":[],"categories":[13],"tags":[446],"formato_nota":[],"programas_tax":[],"acf":[],"_links":{"self":[{"href":"https:\/\/www.medellin.gov.co\/es\/wp-json\/wp\/v2\/posts\/135800"}],"collection":[{"href":"https:\/\/www.medellin.gov.co\/es\/wp-json\/wp\/v2\/posts"}],"about":[{"href":"https:\/\/www.medellin.gov.co\/es\/wp-json\/wp\/v2\/types\/post"}],"author":[{"embeddable":true,"href":"https:\/\/www.medellin.gov.co\/es\/wp-json\/wp\/v2\/users\/17"}],"replies":[{"embeddable":true,"href":"https:\/\/www.medellin.gov.co\/es\/wp-json\/wp\/v2\/comments?post=135800"}],"version-history":[{"count":1,"href":"https:\/\/www.medellin.gov.co\/es\/wp-json\/wp\/v2\/posts\/135800\/revisions"}],"predecessor-version":[{"id":135848,"href":"https:\/\/www.medellin.gov.co\/es\/wp-json\/wp\/v2\/posts\/135800\/revisions\/135848"}],"wp:featuredmedia":[{"embeddable":true,"href":"https:\/\/www.medellin.gov.co\/es\/wp-json\/wp\/v2\/media\/47986"}],"wp:attachment":[{"href":"https:\/\/www.medellin.gov.co\/es\/wp-json\/wp\/v2\/media?parent=135800"}],"wp:term":[{"taxonomy":"category","embeddable":true,"href":"https:\/\/www.medellin.gov.co\/es\/wp-json\/wp\/v2\/categories?post=135800"},{"taxonomy":"post_tag","embeddable":true,"href":"https:\/\/www.medellin.gov.co\/es\/wp-json\/wp\/v2\/tags?post=135800"},{"taxonomy":"formato_nota","embeddable":true,"href":"https:\/\/www.medellin.gov.co\/es\/wp-json\/wp\/v2\/formato_nota?post=135800"},{"taxonomy":"programas_tax","embeddable":true,"href":"https:\/\/www.medellin.gov.co\/es\/wp-json\/wp\/v2\/programas_tax?post=135800"}],"curies":[{"name":"wp","href":"https:\/\/api.w.org\/{rel}","templated":true}]}}