{"id":153096,"date":"2023-01-31T19:57:01","date_gmt":"2023-02-01T00:57:01","guid":{"rendered":"https:\/\/www.medellin.gov.co\/es\/?p=153096"},"modified":"2023-01-31T19:57:01","modified_gmt":"2023-02-01T00:57:01","slug":"medellin-continua-con-una-de-las-cifras-de-desempleo-mas-bajas-en-su-historia-la-cual-se-sostiene-en-un-solo-digito","status":"publish","type":"post","link":"https:\/\/www.medellin.gov.co\/es\/sala-de-prensa\/noticias\/medellin-continua-con-una-de-las-cifras-de-desempleo-mas-bajas-en-su-historia-la-cual-se-sostiene-en-un-solo-digito\/","title":{"rendered":"Medell\u00edn contin\u00faa con una de las cifras de desempleo m\u00e1s bajas en su historia, la cual se sostiene en un s\u00f3lo d\u00edgito"},"content":{"rendered":"<ul>\n<li>Los \u00faltimos dos informes trimestrales del Dane muestran que Medell\u00edn oscila entre el 8.8 % y el 9.3 %, cumpliendo con la meta propuesta de llevar este indicador a un d\u00edgito.<\/li>\n<li>El Distrito tiene el mejor \u00edndice de desempleo entre ciudades capitales con el 9.3 %. Cali tiene un 9.4 %, Bogot\u00e1 un 9.8 % y Santa Marta un 10.1 %.<\/li>\n<li>M\u00e1s de 600.000 empleos se recuperaron en Medell\u00edn desde el pico alto de la pandemia.<\/li>\n<\/ul>\n<!--[if lt IE 9]><script>document.createElement('audio');<\/script><![endif]-->\n\t<div class=\"wp-playlist wp-audio-playlist wp-playlist-light\">\n\t\t\t<div class=\"wp-playlist-current-item\"><\/div>\n\t\t<audio controls=\"controls\" preload=\"none\" width=\"640\"\n\t\t\t><\/audio>\n\t<div class=\"wp-playlist-next\"><\/div>\n\t<div class=\"wp-playlist-prev\"><\/div>\n\t<noscript>\n\t<ol>\n\t\t<li><a href='https:\/\/www.medellin.gov.co\/es\/wp-content\/uploads\/2023\/01\/Alcalde-Empleo-Medellin-01.mp3'>Palabras de Daniel Quintero Calle, alcalde de Medell\u00edn<\/a><\/li><li><a href='https:\/\/www.medellin.gov.co\/es\/wp-content\/uploads\/2023\/01\/Empleo-Medellin-02.mp3'>Palabras de Mauricio Valencia, secretario de Desarrollo Econ\u00f3mico<\/a><\/li>\t<\/ol>\n\t<\/noscript>\n\t<script type=\"application\/json\" class=\"wp-playlist-script\">{\"type\":\"audio\",\"tracklist\":true,\"tracknumbers\":true,\"images\":true,\"artists\":true,\"tracks\":[{\"src\":\"https:\\\/\\\/www.medellin.gov.co\\\/es\\\/wp-content\\\/uploads\\\/2023\\\/01\\\/Alcalde-Empleo-Medellin-01.mp3\",\"type\":\"audio\\\/mpeg\",\"title\":\"Palabras de Daniel Quintero Calle, alcalde de Medell\\u00edn\",\"caption\":\"\",\"description\":\"\\u00abPalabras de Daniel Quintero Calle, alcalde de Medell\\u00edn\\u00bb.\",\"meta\":{\"length_formatted\":\"0:34\"},\"image\":{\"src\":\"https:\\\/\\\/www.medellin.gov.co\\\/es\\\/wp-includes\\\/images\\\/media\\\/audio.png\",\"width\":48,\"height\":64},\"thumb\":{\"src\":\"https:\\\/\\\/www.medellin.gov.co\\\/es\\\/wp-includes\\\/images\\\/media\\\/audio.png\",\"width\":48,\"height\":64}},{\"src\":\"https:\\\/\\\/www.medellin.gov.co\\\/es\\\/wp-content\\\/uploads\\\/2023\\\/01\\\/Empleo-Medellin-02.mp3\",\"type\":\"audio\\\/mpeg\",\"title\":\"Palabras de Mauricio Valencia, secretario de Desarrollo Econ\\u00f3mico\",\"caption\":\"\",\"description\":\"\\u00abPalabras de Mauricio Valencia, secretario de Desarrollo Econ\\u00f3mico\\u00bb.\",\"meta\":{\"length_formatted\":\"0:29\"},\"image\":{\"src\":\"https:\\\/\\\/www.medellin.gov.co\\\/es\\\/wp-includes\\\/images\\\/media\\\/audio.png\",\"width\":48,\"height\":64},\"thumb\":{\"src\":\"https:\\\/\\\/www.medellin.gov.co\\\/es\\\/wp-includes\\\/images\\\/media\\\/audio.png\",\"width\":48,\"height\":64}}]}<\/script>\n<\/div>\n\t\n<p>Seg\u00fan el m\u00e1s reciente informe del Departamento Administrativo Nacional de Estad\u00edstica (DANE), Medell\u00edn registr\u00f3 en el periodo de octubre a diciembre pasados una de las tasas de desempleo m\u00e1s bajas en su historia, manteni\u00e9ndose en un solo d\u00edgito, con 9.3 %. En comparaci\u00f3n con el mismo trimestre de 2021, la tasa tuvo una disminuci\u00f3n de 3.2 puntos porcentuales.<\/p>\n<p>\u201c<em>Es una gran noticia que sigamos con el desempleo en un d\u00edgito. A pesar de que los expertos anunciaban que viene una desaceleraci\u00f3n econ\u00f3mica, Medell\u00edn logra mantener una de las tasas m\u00e1s bajas en su historia y tenemos que seguir luchando para mantenerla en esas cifras. Es una muy buena noticia que estemos por debajo del promedio nacional y de las principales ciudades del pa\u00eds, y vamos a seguir trabajando en ese prop\u00f3sito, con m\u00e1s turismo y m\u00e1s Valle del Software<\/em>\u201d, dijo el alcalde de Medell\u00edn, Daniel Quintero Calle.<\/p>\n<p>Asimismo, seg\u00fan el reporte, la cifra de desempleo juvenil, en personas de 15 a 28 a\u00f1os, tambi\u00e9n disminuy\u00f3 para el \u00faltimo trimestre. Pas\u00f3 de 19.2 %, en 2019, a 37 % en 2020, debido a la pandemia; mientras que en el \u00faltimo trimestre de 2022 disminuy\u00f3 a 16 %.<\/p>\n<div id=\"attachment_153103\" style=\"width: 2570px\" class=\"wp-caption alignnone\"><a href=\"https:\/\/www.medellin.gov.co\/es\/wp-content\/uploads\/2023\/01\/Empleo-Medellin-1-scaled.jpg\" target=\"_blank\" rel=\"noopener\"><img aria-describedby=\"caption-attachment-153103\" loading=\"lazy\" class=\"wp-image-153103 size-full\" title=\"Medell\u00edn contin\u00faa con una de las cifras de desempleo m\u00e1s bajas en su historia, la cual se sostiene en un s\u00f3lo d\u00edgito\" src=\"https:\/\/www.medellin.gov.co\/es\/wp-content\/uploads\/2023\/01\/Empleo-Medellin-1-scaled.jpg\" alt=\"Medell\u00edn contin\u00faa con una de las cifras de desempleo m\u00e1s bajas en su historia, la cual se sostiene en un s\u00f3lo d\u00edgito\" width=\"2560\" height=\"1707\" srcset=\"https:\/\/www.medellin.gov.co\/es\/wp-content\/uploads\/2023\/01\/Empleo-Medellin-1-scaled.jpg 2560w, https:\/\/www.medellin.gov.co\/es\/wp-content\/uploads\/2023\/01\/Empleo-Medellin-1-300x200.jpg 300w, https:\/\/www.medellin.gov.co\/es\/wp-content\/uploads\/2023\/01\/Empleo-Medellin-1-1024x683.jpg 1024w, https:\/\/www.medellin.gov.co\/es\/wp-content\/uploads\/2023\/01\/Empleo-Medellin-1-150x100.jpg 150w, https:\/\/www.medellin.gov.co\/es\/wp-content\/uploads\/2023\/01\/Empleo-Medellin-1-768x512.jpg 768w, https:\/\/www.medellin.gov.co\/es\/wp-content\/uploads\/2023\/01\/Empleo-Medellin-1-1536x1024.jpg 1536w, https:\/\/www.medellin.gov.co\/es\/wp-content\/uploads\/2023\/01\/Empleo-Medellin-1-2048x1365.jpg 2048w\" sizes=\"(max-width: 2560px) 100vw, 2560px\" \/><\/a><p id=\"caption-attachment-153103\" class=\"wp-caption-text\">Medell\u00edn contin\u00faa con una de las cifras de desempleo m\u00e1s bajas en su historia, la cual se sostiene en un s\u00f3lo d\u00edgito &#8211; Foto Alcald\u00eda de Medell\u00edn<\/p><\/div>\n<p>\u201c<em>Medell\u00edn contin\u00faa con un excelente momento en t\u00e9rminos econ\u00f3micos, en t\u00e9rminos de empleo. Esto demuestra el compromiso de los emprendedores y empresarios en generar empleos que traen calidad de vida para los ciudadanos; y muy importante que las estrategias de turismo y la consolidaci\u00f3n de Medell\u00edn Valle del Software nos permitan disfrutar de estos resultados<\/em>\u201d, se\u00f1al\u00f3 el secretario de Desarrollo Econ\u00f3mico, Mauricio Valencia.<\/p>\n<p>En comparaci\u00f3n con el mismo trimestre de 2021, la ciudad increment\u00f3 6.3 puntos porcentuales en la cifra de personas ocupadas, evidenciando una sostenida recuperaci\u00f3n en el mercado laboral, pasando de 1.758.928 a 2.001.883. El n\u00famero de desocupados disminuy\u00f3 en 45.552 personas, pasando de 243.338 a 197.786. Medell\u00edn y el \u00e1rea metropolitana se posicionan con la menor tasa de informalidad laboral.<\/p>\n<p>La Administraci\u00f3n Distrital trabaja por dar incentivos a los emprendedores y empresarios, para que creen nuevos puestos de trabajo y juntos se genere desarrollo econ\u00f3mico y social en la ciudad.<\/p>\n","protected":false},"excerpt":{"rendered":"<p>Los \u00faltimos dos informes trimestrales del Dane muestran que Medell\u00edn oscila entre el 8.8 % y el 9.3 %, cumpliendo con la meta propuesta de llevar este indicador a un d\u00edgito. El Distrito tiene el &#8230;<\/p>\n","protected":false},"author":21,"featured_media":153099,"comment_status":"open","ping_status":"open","sticky":false,"template":"","format":"standard","meta":[],"categories":[3],"tags":[451,433],"formato_nota":[],"programas_tax":[],"acf":[],"_links":{"self":[{"href":"https:\/\/www.medellin.gov.co\/es\/wp-json\/wp\/v2\/posts\/153096"}],"collection":[{"href":"https:\/\/www.medellin.gov.co\/es\/wp-json\/wp\/v2\/posts"}],"about":[{"href":"https:\/\/www.medellin.gov.co\/es\/wp-json\/wp\/v2\/types\/post"}],"author":[{"embeddable":true,"href":"https:\/\/www.medellin.gov.co\/es\/wp-json\/wp\/v2\/users\/21"}],"replies":[{"embeddable":true,"href":"https:\/\/www.medellin.gov.co\/es\/wp-json\/wp\/v2\/comments?post=153096"}],"version-history":[{"count":1,"href":"https:\/\/www.medellin.gov.co\/es\/wp-json\/wp\/v2\/posts\/153096\/revisions"}],"predecessor-version":[{"id":153138,"href":"https:\/\/www.medellin.gov.co\/es\/wp-json\/wp\/v2\/posts\/153096\/revisions\/153138"}],"wp:featuredmedia":[{"embeddable":true,"href":"https:\/\/www.medellin.gov.co\/es\/wp-json\/wp\/v2\/media\/153099"}],"wp:attachment":[{"href":"https:\/\/www.medellin.gov.co\/es\/wp-json\/wp\/v2\/media?parent=153096"}],"wp:term":[{"taxonomy":"category","embeddable":true,"href":"https:\/\/www.medellin.gov.co\/es\/wp-json\/wp\/v2\/categories?post=153096"},{"taxonomy":"post_tag","embeddable":true,"href":"https:\/\/www.medellin.gov.co\/es\/wp-json\/wp\/v2\/tags?post=153096"},{"taxonomy":"formato_nota","embeddable":true,"href":"https:\/\/www.medellin.gov.co\/es\/wp-json\/wp\/v2\/formato_nota?post=153096"},{"taxonomy":"programas_tax","embeddable":true,"href":"https:\/\/www.medellin.gov.co\/es\/wp-json\/wp\/v2\/programas_tax?post=153096"}],"curies":[{"name":"wp","href":"https:\/\/api.w.org\/{rel}","templated":true}]}}