{"id":162073,"date":"2022-10-10T14:19:26","date_gmt":"2022-10-10T19:19:26","guid":{"rendered":"https:\/\/www.medellin.gov.co\/es\/?p=162073"},"modified":"2023-02-27T16:20:10","modified_gmt":"2023-02-27T21:20:10","slug":"comandante-de-la-policia-metropolitana-destaco-la-tecnologia-de-medellin-como-la-mejor-del-pais-contra-el-delito","status":"publish","type":"post","link":"https:\/\/www.medellin.gov.co\/es\/sala-de-prensa\/noticias\/comandante-de-la-policia-metropolitana-destaco-la-tecnologia-de-medellin-como-la-mejor-del-pais-contra-el-delito\/","title":{"rendered":"Comandante de la Polic\u00eda Metropolitana destac\u00f3 la tecnolog\u00eda de Medell\u00edn como la mejor del pa\u00eds contra el delito"},"content":{"rendered":"<!--[if lt IE 9]><script>document.createElement('audio');<\/script><![endif]-->\n\t<div class=\"wp-playlist wp-audio-playlist wp-playlist-light\">\n\t\t\t<div class=\"wp-playlist-current-item\"><\/div>\n\t\t<audio controls=\"controls\" preload=\"none\" width=\"640\"\n\t\t\t><\/audio>\n\t<div class=\"wp-playlist-next\"><\/div>\n\t<div class=\"wp-playlist-prev\"><\/div>\n\t<noscript>\n\t<ol>\n\t\t<li><a href='https:\/\/www.medellin.gov.co\/es\/wp-content\/uploads\/2023\/02\/Tecnologia-Contra-el-Delito-01.mp3'>Palabras de Brigadier General Carlos Alberto Rojas, Comandante de la Polic\u00eda Metropolitana<\/a><\/li>\t<\/ol>\n\t<\/noscript>\n\t<script type=\"application\/json\" class=\"wp-playlist-script\">{\"type\":\"audio\",\"tracklist\":true,\"tracknumbers\":true,\"images\":true,\"artists\":true,\"tracks\":[{\"src\":\"https:\\\/\\\/www.medellin.gov.co\\\/es\\\/wp-content\\\/uploads\\\/2023\\\/02\\\/Tecnologia-Contra-el-Delito-01.mp3\",\"type\":\"audio\\\/mpeg\",\"title\":\"Palabras de Brigadier General Carlos Alberto Rojas, Comandante de la Polic\\u00eda Metropolitana\",\"caption\":\"\",\"description\":\"\\u00abPalabras de Brigadier General Carlos Alberto Rojas, Comandante de la Polic\\u00eda Metropolitana\\u00bb.\",\"meta\":{\"year\":\"2022\",\"length_formatted\":\"1:00\"},\"image\":{\"src\":\"https:\\\/\\\/www.medellin.gov.co\\\/es\\\/wp-includes\\\/images\\\/media\\\/audio.png\",\"width\":48,\"height\":64},\"thumb\":{\"src\":\"https:\\\/\\\/www.medellin.gov.co\\\/es\\\/wp-includes\\\/images\\\/media\\\/audio.png\",\"width\":48,\"height\":64}}]}<\/script>\n<\/div>\n\t\n<p>En la primera participaci\u00f3n en un Consejo de Gobierno de Medell\u00edn, el Brigadier General Carlos Alberto Rojas, Comandante de la Polic\u00eda Metropolitana, destac\u00f3 las cifras de reducci\u00f3n de homicidios, adem\u00e1s de las herramientas tecnol\u00f3gicas que tiene actualmente la ciudad. \u201cLa reducci\u00f3n que tenemos en 2022 en materia de homicidios es tener la mejor cifra en 10 a\u00f1os, es decir, en estos dos a\u00f1os se ha hecho m\u00e1s que en los \u00faltimos 10\u201d, dijo el alto oficial.<\/p>\n<p>El General Rojas, adem\u00e1s, present\u00f3 una nueva herramienta, asociada al Sistema Integrado de Emergencias y Seguridad de la ciudad, con el cual se permite georreferenciar a todas las unidades uniformadas en el territorio e identificar sus especialidades.<\/p>\n<p>\u201c<em>En la experiencia de estos 32 a\u00f1os de trabajo puedo decir que Medell\u00edn es la ciudad del pa\u00eds con mejor tecnolog\u00eda y esto nos ha permitido tener el mejor despliegue investigativo y estar a la par con todos los medios tecnol\u00f3gicos para sacar adelante la seguridad y la convivencia<\/em>\u201d, explic\u00f3 el Brigadier General.<\/p>\n<p>Como propuesta, el comandante de la Polic\u00eda Metropolitana, expuso al Consejo de Gobierno, la necesidad de crear una aplicaci\u00f3n interactiva que permita a la ciudadan\u00eda realizar denuncias en tiempo real y tener una conexi\u00f3n directa con los sistemas disponibles, propuesta que actualmente se trabaja en conjunto con la Secretar\u00eda de Seguridad y Convivencia de Medell\u00edn.<\/p>\n","protected":false},"excerpt":{"rendered":"<p>En la primera participaci\u00f3n en un Consejo de Gobierno de Medell\u00edn, el Brigadier General Carlos Alberto Rojas, Comandante de la Polic\u00eda Metropolitana, destac\u00f3 las cifras de reducci\u00f3n de homicidios, adem\u00e1s de las herramientas tecnol\u00f3gicas que &#8230;<\/p>\n","protected":false},"author":21,"featured_media":96937,"comment_status":"open","ping_status":"open","sticky":false,"template":"","format":"standard","meta":[],"categories":[21],"tags":[619],"formato_nota":[],"programas_tax":[],"acf":[],"_links":{"self":[{"href":"https:\/\/www.medellin.gov.co\/es\/wp-json\/wp\/v2\/posts\/162073"}],"collection":[{"href":"https:\/\/www.medellin.gov.co\/es\/wp-json\/wp\/v2\/posts"}],"about":[{"href":"https:\/\/www.medellin.gov.co\/es\/wp-json\/wp\/v2\/types\/post"}],"author":[{"embeddable":true,"href":"https:\/\/www.medellin.gov.co\/es\/wp-json\/wp\/v2\/users\/21"}],"replies":[{"embeddable":true,"href":"https:\/\/www.medellin.gov.co\/es\/wp-json\/wp\/v2\/comments?post=162073"}],"version-history":[{"count":1,"href":"https:\/\/www.medellin.gov.co\/es\/wp-json\/wp\/v2\/posts\/162073\/revisions"}],"predecessor-version":[{"id":162078,"href":"https:\/\/www.medellin.gov.co\/es\/wp-json\/wp\/v2\/posts\/162073\/revisions\/162078"}],"wp:featuredmedia":[{"embeddable":true,"href":"https:\/\/www.medellin.gov.co\/es\/wp-json\/wp\/v2\/media\/96937"}],"wp:attachment":[{"href":"https:\/\/www.medellin.gov.co\/es\/wp-json\/wp\/v2\/media?parent=162073"}],"wp:term":[{"taxonomy":"category","embeddable":true,"href":"https:\/\/www.medellin.gov.co\/es\/wp-json\/wp\/v2\/categories?post=162073"},{"taxonomy":"post_tag","embeddable":true,"href":"https:\/\/www.medellin.gov.co\/es\/wp-json\/wp\/v2\/tags?post=162073"},{"taxonomy":"formato_nota","embeddable":true,"href":"https:\/\/www.medellin.gov.co\/es\/wp-json\/wp\/v2\/formato_nota?post=162073"},{"taxonomy":"programas_tax","embeddable":true,"href":"https:\/\/www.medellin.gov.co\/es\/wp-json\/wp\/v2\/programas_tax?post=162073"}],"curies":[{"name":"wp","href":"https:\/\/api.w.org\/{rel}","templated":true}]}}