{"id":162080,"date":"2023-02-27T16:33:08","date_gmt":"2023-02-27T21:33:08","guid":{"rendered":"https:\/\/www.medellin.gov.co\/es\/?p=162080"},"modified":"2023-02-27T16:33:59","modified_gmt":"2023-02-27T21:33:59","slug":"la-alcaldia-de-medellin-entrego-planes-de-negocio-e-insumos-que-benefician-a-263-personas-con-discapacidad","status":"publish","type":"post","link":"https:\/\/www.medellin.gov.co\/es\/sala-de-prensa\/noticias\/la-alcaldia-de-medellin-entrego-planes-de-negocio-e-insumos-que-benefician-a-263-personas-con-discapacidad\/","title":{"rendered":"La Alcald\u00eda de Medell\u00edn entreg\u00f3 planes de negocio e insumos que benefician a 263 personas con discapacidad"},"content":{"rendered":"<ul>\n<li>Estas personas recibieron acompa\u00f1amiento en la compra de insumos para fortalecer sus ideas de negocio. El presupuesto destinado a fortalecer estos emprendimientos es de m\u00e1s de $648.000.000.<\/li>\n<li>Adem\u00e1s, quienes se benefician del proyecto reciben atenci\u00f3n psicosocial, acompa\u00f1amiento, orientaci\u00f3n, formaci\u00f3n y seguimiento a sus emprendimientos.<\/li>\n<li>En la vigencia de 2020-2022, se han apoyado las ideas innovadoras de 709 emprendedores de las comunas y corregimientos del Distrito de Medell\u00edn.<\/li>\n<\/ul>\n<!--[if lt IE 9]><script>document.createElement('audio');<\/script><![endif]-->\n\t<div class=\"wp-playlist wp-audio-playlist wp-playlist-light\">\n\t\t\t<div class=\"wp-playlist-current-item\"><\/div>\n\t\t<audio controls=\"controls\" preload=\"none\" width=\"640\"\n\t\t\t><\/audio>\n\t<div class=\"wp-playlist-next\"><\/div>\n\t<div class=\"wp-playlist-prev\"><\/div>\n\t<noscript>\n\t<ol>\n\t\t<li><a href='https:\/\/www.medellin.gov.co\/es\/wp-content\/uploads\/2023\/02\/Personas-con-Discapacidad-01.mp3'>Palabras de Isabel Cadavid, secretaria de Inclusi\u00f3n Social, Familia y Derechos Humanos<\/a><\/li><li><a href='https:\/\/www.medellin.gov.co\/es\/wp-content\/uploads\/2023\/02\/Personas-con-Discapacidad-02.mp3'>Palabras de Luis Enrique Salazar, beneficiario del Equipo de Discapacidad<\/a><\/li>\t<\/ol>\n\t<\/noscript>\n\t<script type=\"application\/json\" class=\"wp-playlist-script\">{\"type\":\"audio\",\"tracklist\":true,\"tracknumbers\":true,\"images\":true,\"artists\":true,\"tracks\":[{\"src\":\"https:\\\/\\\/www.medellin.gov.co\\\/es\\\/wp-content\\\/uploads\\\/2023\\\/02\\\/Personas-con-Discapacidad-01.mp3\",\"type\":\"audio\\\/mpeg\",\"title\":\"Palabras de Isabel Cadavid, secretaria de Inclusi\\u00f3n Social, Familia y Derechos Humanos\",\"caption\":\"\",\"description\":\"\\u00abPalabras de Isabel Cadavid, secretaria de Inclusi\\u00f3n Social, Familia y Derechos Humanos\\u00bb.\",\"meta\":{\"year\":\"2023\",\"length_formatted\":\"0:37\"},\"image\":{\"src\":\"https:\\\/\\\/www.medellin.gov.co\\\/es\\\/wp-includes\\\/images\\\/media\\\/audio.png\",\"width\":48,\"height\":64},\"thumb\":{\"src\":\"https:\\\/\\\/www.medellin.gov.co\\\/es\\\/wp-includes\\\/images\\\/media\\\/audio.png\",\"width\":48,\"height\":64}},{\"src\":\"https:\\\/\\\/www.medellin.gov.co\\\/es\\\/wp-content\\\/uploads\\\/2023\\\/02\\\/Personas-con-Discapacidad-02.mp3\",\"type\":\"audio\\\/mpeg\",\"title\":\"Palabras de Luis Enrique Salazar, beneficiario del Equipo de Discapacidad\",\"caption\":\"\",\"description\":\"\\u00abPalabras de Luis Enrique Salazar, beneficiario del Equipo de Discapacidad\\u00bb.\",\"meta\":{\"year\":\"2023\",\"length_formatted\":\"1:16\"},\"image\":{\"src\":\"https:\\\/\\\/www.medellin.gov.co\\\/es\\\/wp-includes\\\/images\\\/media\\\/audio.png\",\"width\":48,\"height\":64},\"thumb\":{\"src\":\"https:\\\/\\\/www.medellin.gov.co\\\/es\\\/wp-includes\\\/images\\\/media\\\/audio.png\",\"width\":48,\"height\":64}}]}<\/script>\n<\/div>\n\t\n<p>Con el prop\u00f3sito de apoyar la creaci\u00f3n, fortalecimiento y acompa\u00f1amiento de emprendimientos productivos, la Administraci\u00f3n Distrital seleccion\u00f3 a 263 personas con discapacidad y sus cuidadores para recibir un plan de emprendimiento que les permitir\u00e1 poner en marcha sus unidades de negocio.<\/p>\n<p>El valor asignado a cada beneficiario es para la compra de insumos entre 2 y 4 millones de pesos. Con esta estrategia, se busca aportar a la construcci\u00f3n del futuro de sus familias, permiti\u00e9ndoles desarrollar, adem\u00e1s, habilidades sociales, adaptativas y laborales a trav\u00e9s de capacitaciones donde adquieren competencias que conducen hacia su crecimiento personal, familiar y social.<\/p>\n<p>\u201c<em>Desde la Medell\u00edn que todos y todas estamos construyendo, continuamos trabajando por nuestras poblaciones m\u00e1s vulnerables. Es por eso que entregamos estos planes de emprendimiento a aquellas personas en condici\u00f3n de discapacidad, sus familiares, cuidadores y cuidadoras. Con este kit, ellos pueden reforzar el emprendimiento que ya ven\u00edan desarrollando. Es una retribuci\u00f3n a su constancia, progreso y a una idea de negocio que dio resultados positivos. Desde Medell\u00edn Futuro continuamos trabajando por derribar las fronteras y apoyar aquellas ideas de negocio que puedan sacar adelante a todas las familias<\/em>\u201d, expres\u00f3 la secretaria de Inclusi\u00f3n Social, Familia y Derechos Humanos, Isabel Cadavid.<\/p>\n<p>Entre los emprendimientos aprobados figuran venta y fabricaci\u00f3n de alimentos, barber\u00edas y peluquer\u00edas, confecci\u00f3n de prendas de vestir, lencer\u00eda para el hogar, artesan\u00edas, papeler\u00edas, mec\u00e1nica, entre otros.<\/p>\n<div id=\"attachment_162081\" style=\"width: 1290px\" class=\"wp-caption alignnone\"><a href=\"https:\/\/www.medellin.gov.co\/es\/wp-content\/uploads\/2023\/02\/Personas-con-Discapacidad-2.jpg\" target=\"_blank\" rel=\"noopener\"><img aria-describedby=\"caption-attachment-162081\" loading=\"lazy\" class=\"wp-image-162081 size-full\" title=\"La Alcald\u00eda de Medell\u00edn entreg\u00f3 planes de negocio e insumos que benefician a 263 personas con discapacidad\" src=\"https:\/\/www.medellin.gov.co\/es\/wp-content\/uploads\/2023\/02\/Personas-con-Discapacidad-2.jpg\" alt=\"La Alcald\u00eda de Medell\u00edn entreg\u00f3 planes de negocio e insumos que benefician a 263 personas con discapacidad\" width=\"1280\" height=\"853\" srcset=\"https:\/\/www.medellin.gov.co\/es\/wp-content\/uploads\/2023\/02\/Personas-con-Discapacidad-2.jpg 1280w, https:\/\/www.medellin.gov.co\/es\/wp-content\/uploads\/2023\/02\/Personas-con-Discapacidad-2-300x200.jpg 300w, https:\/\/www.medellin.gov.co\/es\/wp-content\/uploads\/2023\/02\/Personas-con-Discapacidad-2-1024x682.jpg 1024w, https:\/\/www.medellin.gov.co\/es\/wp-content\/uploads\/2023\/02\/Personas-con-Discapacidad-2-150x100.jpg 150w, https:\/\/www.medellin.gov.co\/es\/wp-content\/uploads\/2023\/02\/Personas-con-Discapacidad-2-768x512.jpg 768w\" sizes=\"(max-width: 1280px) 100vw, 1280px\" \/><\/a><p id=\"caption-attachment-162081\" class=\"wp-caption-text\">La Alcald\u00eda de Medell\u00edn entreg\u00f3 planes de negocio e insumos que benefician a 263 personas con discapacidad &#8211; Foto Alcald\u00eda de Medell\u00edn<\/p><\/div>\n<p>La entrega de este plan es una de las etapas del proyecto de emprendimiento a personas con discapacidad y cuidadores de la Administraci\u00f3n Distrital, a trav\u00e9s del Equipo de Discapacidad, que busca brindar atenci\u00f3n psicosocial, acompa\u00f1amiento, orientaci\u00f3n, formaci\u00f3n y seguimiento a esta poblaci\u00f3n en sus emprendimientos, proporcionando planes de negocio personalizados y abastecimiento en insumos.<\/p>\n<p>Con esta iniciativa, durante el a\u00f1o 2022 se realiz\u00f3 una inversi\u00f3n de $2.140 millones, beneficiando a un total de 530 personas con discapacidad y personas cuidadoras en los diferentes componentes del proyecto, a trav\u00e9s de recursos de Presupuesto Participativo y recursos ordinarios. En total, durante la vigencia 2020-2022, se han apoyado las ideas innovadoras de 709 emprendedores.<\/p>\n<p>La Alcald\u00eda de Medell\u00edn trabaja para facilitar la integraci\u00f3n laboral a trav\u00e9s de estos planes de emprendimiento, que favorecen a poblaci\u00f3n con discapacidad f\u00edsica, auditiva, intelectual y psicosocial.<\/p>\n<p>\u201c<em>He recibido la formaci\u00f3n del curso de emprendimiento. Aprend\u00ed mucho sobre c\u00f3mo utilizar estos insumos que me est\u00e1n proporcionando: cargadores, sim cards, manos libres, varios accesorios para celulares y recargas. Esta ayuda la voy a poner a producir para que se multiplique. Va a ser un gran beneficio para m\u00ed y para mi familia. Me motiva cada d\u00eda m\u00e1s a seguir adelante, para poder ayudar a otras personas que tambi\u00e9n lo necesiten<\/em>\u201d, dijo Luis Enrique Salazar, beneficiario del Equipo de Discapacidad.<\/p>\n<p>Los interesados en pertenecer al proyecto y obtener el beneficio para el a\u00f1o en curso, pueden hacerlo durante las jornadas de postulaci\u00f3n a los proyectos del Equipo de Discapacidad, que ir\u00e1n hasta el 6 de marzo. Para inscribirse, est\u00e1 habilitada la sede del Equipo de Discapacidad en Bel\u00e9n Las Playas (carrera 72 # 11 &#8211; 11) o de manera virtual a trav\u00e9s de <a href=\"http:\/\/www.medellin.gov.co\/postulacionbeneficios\">www.medellin.gov.co\/postulacionbeneficios<\/a>. Es necesario reunir los documentos solicitados, escanearlos, diligenciar la informaci\u00f3n solicitada para aplicar y subir los soportes digitales a la p\u00e1gina.<\/p>\n","protected":false},"excerpt":{"rendered":"<p>Estas personas recibieron acompa\u00f1amiento en la compra de insumos para fortalecer sus ideas de negocio. El presupuesto destinado a fortalecer estos emprendimientos es de m\u00e1s de $648.000.000. Adem\u00e1s, quienes se benefician del proyecto reciben atenci\u00f3n &#8230;<\/p>\n","protected":false},"author":21,"featured_media":162085,"comment_status":"open","ping_status":"open","sticky":false,"template":"","format":"standard","meta":[],"categories":[1],"tags":[451],"formato_nota":[],"programas_tax":[],"acf":[],"_links":{"self":[{"href":"https:\/\/www.medellin.gov.co\/es\/wp-json\/wp\/v2\/posts\/162080"}],"collection":[{"href":"https:\/\/www.medellin.gov.co\/es\/wp-json\/wp\/v2\/posts"}],"about":[{"href":"https:\/\/www.medellin.gov.co\/es\/wp-json\/wp\/v2\/types\/post"}],"author":[{"embeddable":true,"href":"https:\/\/www.medellin.gov.co\/es\/wp-json\/wp\/v2\/users\/21"}],"replies":[{"embeddable":true,"href":"https:\/\/www.medellin.gov.co\/es\/wp-json\/wp\/v2\/comments?post=162080"}],"version-history":[{"count":2,"href":"https:\/\/www.medellin.gov.co\/es\/wp-json\/wp\/v2\/posts\/162080\/revisions"}],"predecessor-version":[{"id":162092,"href":"https:\/\/www.medellin.gov.co\/es\/wp-json\/wp\/v2\/posts\/162080\/revisions\/162092"}],"wp:featuredmedia":[{"embeddable":true,"href":"https:\/\/www.medellin.gov.co\/es\/wp-json\/wp\/v2\/media\/162085"}],"wp:attachment":[{"href":"https:\/\/www.medellin.gov.co\/es\/wp-json\/wp\/v2\/media?parent=162080"}],"wp:term":[{"taxonomy":"category","embeddable":true,"href":"https:\/\/www.medellin.gov.co\/es\/wp-json\/wp\/v2\/categories?post=162080"},{"taxonomy":"post_tag","embeddable":true,"href":"https:\/\/www.medellin.gov.co\/es\/wp-json\/wp\/v2\/tags?post=162080"},{"taxonomy":"formato_nota","embeddable":true,"href":"https:\/\/www.medellin.gov.co\/es\/wp-json\/wp\/v2\/formato_nota?post=162080"},{"taxonomy":"programas_tax","embeddable":true,"href":"https:\/\/www.medellin.gov.co\/es\/wp-json\/wp\/v2\/programas_tax?post=162080"}],"curies":[{"name":"wp","href":"https:\/\/api.w.org\/{rel}","templated":true}]}}