{"id":162521,"date":"2023-02-27T23:35:24","date_gmt":"2023-02-28T04:35:24","guid":{"rendered":"https:\/\/www.medellin.gov.co\/es\/?p=162521"},"modified":"2023-02-28T09:43:59","modified_gmt":"2023-02-28T14:43:59","slug":"ya-disfruto-del-cafe-pendiente-en-el-hospital-san-vicente-fundacion","status":"publish","type":"post","link":"https:\/\/www.medellin.gov.co\/es\/sala-de-prensa\/noticias\/ya-disfruto-del-cafe-pendiente-en-el-hospital-san-vicente-fundacion\/","title":{"rendered":"\u00bfYa disfrut\u00f3 del Caf\u00e9 Pendiente en el Hospital San Vicente Fundaci\u00f3n?"},"content":{"rendered":"<blockquote><p><em>\u201c<a href=\"https:\/\/www.youtube.com\/watch?v=j6dbuEsry4M\" target=\"_blank\" rel=\"noopener\">Caf\u00e9 Pendiente<\/a>\u201d es una iniciativa de amor, humanismo y solidaridad, que se desarrolla en el <a href=\"https:\/\/www.sanvicentefundacion.com\/\" target=\"_blank\" rel=\"noopener\">Hospital San Vicente Fundaci\u00f3n de Medell\u00edn<\/a> y fue reconocida por el programa <a href=\"https:\/\/www.medellin.gov.co\/es\/secretaria-de-salud\/medellin-me-cuida\/\">Medell\u00edn Me Cuida<\/a> por <\/em><em>las buenas pr\u00e1cticas en la humanizaci\u00f3n de los servicios de salud, por medio<\/em> d<em>el cuidado y el amor que brinda a los pacientes y a sus familias.<\/em><\/p><\/blockquote>\n<p><em>\u201cEn el momento en que yo supe de \u2018<a href=\"https:\/\/www.youtube.com\/watch?v=j6dbuEsry4M\" target=\"_blank\" rel=\"noopener\">Caf\u00e9 Pendiente<\/a>\u2019 me pregunt\u00e9: \u00bfeso qu\u00e9 es? Y me dijo: si usted no tiene la forma de comprarse un cafecito por ah\u00ed con un pancito, o algo as\u00ed, puede ir a cualquiera de estas cafeter\u00edas que hay ac\u00e1 en el hospital\u00a0 y puede pedir \u2018<a href=\"https:\/\/www.youtube.com\/watch?v=j6dbuEsry4M\" target=\"_blank\" rel=\"noopener\">Caf\u00e9 Pendiente<\/a>\u2019. Me fui y lo ped\u00ed, y lo que me dieron fue un desayuno pr\u00e1cticamente: mi chocolate con leche (como me gusta a m\u00ed), mi arepita, mi huevito y mi quesito.\u00a0 Para uno es mucha ayuda, porque en ese momento yo me encontraba sin poder hacer nada\u201d.<\/em><em>\u00a0<\/em><\/p>\n<p>Es el relato de Estela Guzm\u00e1n Salazar, una mujer sencilla y de tono jovial, quien durante m\u00e1s de un a\u00f1o y medio acompa\u00f1\u00f3 a su hijo en el <a href=\"https:\/\/www.sanvicentefundacion.com\/\" target=\"_blank\" rel=\"noopener\">Hospital San Vicente Fundaci\u00f3n<\/a>. Ella es el rostro de una de las m\u00faltiples historias de incertidumbre y esperanza que se esconden detr\u00e1s de los pacientes y sus acompa\u00f1antes que habitan -de manera hospitalaria o ambulatoria- en los quir\u00f3fanos, habitaciones, consultorios y zonas verdes de esta entidad privada, de naturaleza social, cuyos principios fundacionales son el sentido social, el humanismo, la generosidad y la caridad cristiana.<\/p>\n<p><div class=\"iframe-container\"><iframe title=\"YouTube video player\" src=\"https:\/\/www.youtube.com\/embed\/1eonVv99fn8\" width=\"100%\" height=\"315\" frameborder=\"0\" allowfullscreen=\"allowfullscreen\"><span data-mce-type=\"bookmark\" style=\"display: inline-block; width: 0px; overflow: hidden; line-height: 0;\" class=\"mce_SELRES_start\">\ufeff<\/span><\/iframe><\/div><\/p>\n<p><em><a href=\"https:\/\/www.youtube.com\/watch?v=j6dbuEsry4M\" target=\"_blank\" rel=\"noopener\">Caf\u00e9 Pendiente<\/a><\/em> es una iniciativa que se convierte en el mejor testimonio de estos principios, porque apela a la generosidad\u00a0 y a la confianza de las personas. Esta se hace efectiva al interior de las cafeter\u00edas que est\u00e1n ubicadas en el hospital y de ella, se pueden beneficiar los acompa\u00f1antes de pacientes hospitalizados, ambulatorios y sus acompa\u00f1antes.<\/p>\n<p><strong>\u00bfC\u00f3mo surgi\u00f3 esta propuesta?<\/strong><\/p>\n<p><a href=\"https:\/\/es.wikipedia.org\/wiki\/Caf%C3%A9_pendiente\" target=\"_blank\" rel=\"noopener\"><em>Caf\u00e9 Pendiente<\/em> naci\u00f3 en el a\u00f1o 2008 en N\u00e1poles -Italia-<\/a> para favorecer a personas sin recursos econ\u00f3micos e invitarlos a tomarse \u00a0un caf\u00e9 que pag\u00f3 otro consumidor.<\/p>\n<div id=\"attachment_162534\" style=\"width: 1034px\" class=\"wp-caption alignnone\"><a href=\"https:\/\/www.medellin.gov.co\/es\/wp-content\/uploads\/2023\/02\/Uncafe_pendiente_2.jpg\" target=\"_blank\" rel=\"noopener\"><img aria-describedby=\"caption-attachment-162534\" loading=\"lazy\" class=\"wp-image-162534 size-large\" title=\"Caf\u00e9 Pendiente. Foto Hospital San Vicente Fundaci\u00f3n \" src=\"https:\/\/www.medellin.gov.co\/es\/wp-content\/uploads\/2023\/02\/Uncafe_pendiente_2-1024x574.jpg\" alt=\"Caf\u00e9 Pendiente. Foto Hospital San Vicente Fundaci\u00f3n \" width=\"1024\" height=\"574\" srcset=\"https:\/\/www.medellin.gov.co\/es\/wp-content\/uploads\/2023\/02\/Uncafe_pendiente_2-1024x574.jpg 1024w, https:\/\/www.medellin.gov.co\/es\/wp-content\/uploads\/2023\/02\/Uncafe_pendiente_2-300x168.jpg 300w, https:\/\/www.medellin.gov.co\/es\/wp-content\/uploads\/2023\/02\/Uncafe_pendiente_2-150x84.jpg 150w, https:\/\/www.medellin.gov.co\/es\/wp-content\/uploads\/2023\/02\/Uncafe_pendiente_2-768x431.jpg 768w, https:\/\/www.medellin.gov.co\/es\/wp-content\/uploads\/2023\/02\/Uncafe_pendiente_2.jpg 1280w\" sizes=\"(max-width: 1024px) 100vw, 1024px\" \/><\/a><p id=\"caption-attachment-162534\" class=\"wp-caption-text\">Caf\u00e9 Pendiente. Foto Hospital San Vicente Fundaci\u00f3n<\/p><\/div>\n<p>En el <a href=\"https:\/\/www.sanvicentefundacion.com\/\" target=\"_blank\" rel=\"noopener\">Hospital San Vicente Fundaci\u00f3n<\/a>, la alimentaci\u00f3n se identifica como una de las principales necesidades sin resolver por la mayor\u00eda de los acompa\u00f1antes de los pacientes. Es por ello, que adem\u00e1s de las estrategias ya existentes y con el liderazgo del \u00e1rea de Trabajo Social, se implement\u00f3 desde mayo del 2022 la iniciativa <em><a href=\"https:\/\/www.youtube.com\/watch?v=j6dbuEsry4M\" target=\"_blank\" rel=\"noopener\">Caf\u00e9 Pendiente<\/a><\/em>.<\/p>\n<p><em>\u201cNosotros como Trabajo Social somos las personas encargadas de la atenci\u00f3n de los familiares de los pacientes y quienes detectamos las necesidades que hay con las familias. Entonces, viendo otras formas de poder ayudar a las personas, porque son pacientes que vienen de pueblos, de otros municipios, de otras ciudades o de la misma ciudad que tienen necesidades, mirando alternativas conocimos a \u2018<a href=\"https:\/\/www.youtube.com\/watch?v=j6dbuEsry4M\" target=\"_blank\" rel=\"noopener\">Caf\u00e9 Pendiente<\/a>\u2019 y nos pareci\u00f3 muy interesante\u201d.<\/em><em>\u00a0<\/em><\/p>\n<div id=\"attachment_162531\" style=\"width: 1034px\" class=\"wp-caption alignnone\"><a href=\"https:\/\/www.medellin.gov.co\/es\/wp-content\/uploads\/2023\/02\/Uncafe_pendiente_MariaLilianaCardoma_2.jpg\" target=\"_blank\" rel=\"noopener\"><img aria-describedby=\"caption-attachment-162531\" loading=\"lazy\" class=\"wp-image-162531 size-large\" title=\"Mar\u00eda Liliana Cardona Arboleda, trabajadora social del Hospital San Vicente Fundaci\u00f3n\" src=\"https:\/\/www.medellin.gov.co\/es\/wp-content\/uploads\/2023\/02\/Uncafe_pendiente_MariaLilianaCardoma_2-1024x652.jpg\" alt=\"Mar\u00eda Liliana Cardona Arboleda, trabajadora social del Hospital San Vicente Fundaci\u00f3n\" width=\"1024\" height=\"652\" srcset=\"https:\/\/www.medellin.gov.co\/es\/wp-content\/uploads\/2023\/02\/Uncafe_pendiente_MariaLilianaCardoma_2-1024x652.jpg 1024w, https:\/\/www.medellin.gov.co\/es\/wp-content\/uploads\/2023\/02\/Uncafe_pendiente_MariaLilianaCardoma_2-300x191.jpg 300w, https:\/\/www.medellin.gov.co\/es\/wp-content\/uploads\/2023\/02\/Uncafe_pendiente_MariaLilianaCardoma_2-150x96.jpg 150w, https:\/\/www.medellin.gov.co\/es\/wp-content\/uploads\/2023\/02\/Uncafe_pendiente_MariaLilianaCardoma_2-768x489.jpg 768w, https:\/\/www.medellin.gov.co\/es\/wp-content\/uploads\/2023\/02\/Uncafe_pendiente_MariaLilianaCardoma_2.jpg 1280w\" sizes=\"(max-width: 1024px) 100vw, 1024px\" \/><\/a><p id=\"caption-attachment-162531\" class=\"wp-caption-text\">Mar\u00eda Liliana Cardona Arboleda, trabajadora social del Hospital San Vicente Fundaci\u00f3n<\/p><\/div>\n<p><em>\u201cEntonces nos preguntamos: \u00bfc\u00f3mo la enmarcamos ac\u00e1 en el contexto hospitalario? Y despu\u00e9s de reunirnos y analizar, vimos que hab\u00eda que hablar con todas las cafeter\u00edas del hospital y contarles cu\u00e1l era la intenci\u00f3n de nosotros y mirar si ellos eran nuestros aliados para poder ofrecer el \u00ab<a href=\"https:\/\/www.youtube.com\/watch?v=j6dbuEsry4M\" target=\"_blank\" rel=\"noopener\">Caf\u00e9 Pendiente<\/a>\u00bb a las personas<\/em>\u201d, afirma Mar\u00eda Liliana Cardona Arboleda, trabajadora social del <a href=\"https:\/\/www.sanvicentefundacion.com\/\" target=\"_blank\" rel=\"noopener\">Hospital San Vicente Fundaci\u00f3n<\/a>.<strong>\u00a0<\/strong><\/p>\n<p><strong>\u00bfC\u00f3mo funciona <em><a href=\"https:\/\/www.youtube.com\/watch?v=j6dbuEsry4M\" target=\"_blank\" rel=\"noopener\">Caf\u00e9 Pendiente<\/a><\/em>?<\/strong><\/p>\n<p>A trav\u00e9s de <em><a href=\"https:\/\/www.youtube.com\/watch?v=j6dbuEsry4M\" target=\"_blank\" rel=\"noopener\">Caf\u00e9 Pendiente<\/a><\/em>\u00a0cualquier persona se puede acercar a una de las cinco cafeter\u00edas del hospital y dejar pagado un producto para compartir con las personas que lo requieran en un momento determinado. Los recursos est\u00e1n disponibles de acuerdo al horario de la prestaci\u00f3n del servicio de cada una de las cafeter\u00edas, por ejemplo, una de ellas tiene atenci\u00f3n las 24 horas del d\u00eda, los 7 d\u00edas de la semana.<\/p>\n<p><div class=\"iframe-container\"><iframe title=\"YouTube video player\" src=\"https:\/\/www.youtube.com\/embed\/j6dbuEsry4M\" width=\"100%\" height=\"315\" frameborder=\"0\" allowfullscreen=\"allowfullscreen\"><span data-mce-type=\"bookmark\" style=\"display: inline-block; width: 0px; overflow: hidden; line-height: 0;\" class=\"mce_SELRES_start\">\ufeff<\/span><\/iframe><\/div><\/p>\n<p>Las personas que quieran donar un producto (un l\u00edquido o algo de comer) simplemente dicen: \u201c<em>quiero donar un \u2018<a href=\"https:\/\/www.youtube.com\/watch?v=j6dbuEsry4M\" target=\"_blank\" rel=\"noopener\">Caf\u00e9 Pendiente<\/a>\u2019. Quiero donar este tinto y este croissant\u201d. <\/em>\u00a0La persona que lo necesite se acerca a la cafeter\u00eda, pide <em>Caf\u00e9 Pendiente <\/em>y si hay en el \u00a0momento, le entregan lo que est\u00e9 disponible.<\/p>\n<p>Para dar a conocer la iniciativa y tejer una red de solidaridad en torno a ella es necesario el trabajo articulado de diferentes \u00e1reas del hospital. As\u00ed lo explica Mar\u00eda Liliana: <em>\u201ccon ayuda de comunicaciones, se ha difundido la informaci\u00f3n a trav\u00e9s de las redes sociales y de nuestra p\u00e1gina. De \u2018<a href=\"https:\/\/www.youtube.com\/watch?v=j6dbuEsry4M\" target=\"_blank\" rel=\"noopener\">Caf\u00e9 Pendiente<\/a>\u2019 hablamos en las reuniones o en las rondas que hacemos\u201d.<\/em><\/p>\n<div id=\"attachment_162544\" style=\"width: 1034px\" class=\"wp-caption alignnone\"><a href=\"https:\/\/www.medellin.gov.co\/es\/wp-content\/uploads\/2023\/02\/Uncafe_pendiente_6.jpg\" target=\"_blank\" rel=\"noopener\"><img aria-describedby=\"caption-attachment-162544\" loading=\"lazy\" class=\"wp-image-162544 size-large\" title=\"Caf\u00e9 Pendiente. Foto Hospital San Vicente Fundaci\u00f3n\" src=\"https:\/\/www.medellin.gov.co\/es\/wp-content\/uploads\/2023\/02\/Uncafe_pendiente_6-1024x574.jpg\" alt=\"Caf\u00e9 Pendiente. Foto Hospital San Vicente Fundaci\u00f3n\" width=\"1024\" height=\"574\" srcset=\"https:\/\/www.medellin.gov.co\/es\/wp-content\/uploads\/2023\/02\/Uncafe_pendiente_6-1024x574.jpg 1024w, https:\/\/www.medellin.gov.co\/es\/wp-content\/uploads\/2023\/02\/Uncafe_pendiente_6-300x168.jpg 300w, https:\/\/www.medellin.gov.co\/es\/wp-content\/uploads\/2023\/02\/Uncafe_pendiente_6-150x84.jpg 150w, https:\/\/www.medellin.gov.co\/es\/wp-content\/uploads\/2023\/02\/Uncafe_pendiente_6-768x431.jpg 768w, https:\/\/www.medellin.gov.co\/es\/wp-content\/uploads\/2023\/02\/Uncafe_pendiente_6.jpg 1280w\" sizes=\"(max-width: 1024px) 100vw, 1024px\" \/><\/a><p id=\"caption-attachment-162544\" class=\"wp-caption-text\">Caf\u00e9 Pendiente. Foto Hospital San Vicente Fundaci\u00f3n<\/p><\/div>\n<p>Cualquier persona puede direccionar y cuando ve a alguien que lo necesita, le dice<em>: \u201cac\u00e9rquese a la cafeter\u00eda y reclame el \u2018<a href=\"https:\/\/www.youtube.com\/watch?v=j6dbuEsry4M\" target=\"_blank\" rel=\"noopener\">Caf\u00e9 Pendiente<\/a>\u2019. En las mismas cafeter\u00edas, las vendedoras tambi\u00e9n est\u00e1n permanentemente informando y les comentan a las personas. Hay unos tableros en cada cafeter\u00eda que dicen lo que est\u00e1 disponible y muchas personas preguntan: \u00bfQu\u00e9 es eso? Les cuentan y entonces donan\u201d.<\/em><\/p>\n<p><em>\u201cEn las intervenciones nosotros no solamente direccionamos a que vayan y reclamen, sino que si vemos que son familias que pueden donar les decimos: \u2018vaya, si quiere, hay una iniciativa en la cual usted puede donar\u2019. No solamente se direcciona a que reclamen, sino que tambi\u00e9n se hace a que donen.\u201d<\/em><\/p>\n<p><strong><a href=\"https:\/\/www.medellin.gov.co\/es\/secretaria-de-salud\/medellin-me-cuida\/\">Medell\u00edn Me Cuida<\/a> con Amor y humanismo<\/strong><\/p>\n<p>Hablar del <a href=\"https:\/\/www.sanvicentefundacion.com\/\" target=\"_blank\" rel=\"noopener\">Hospital San Vicente Fundaci\u00f3n<\/a> es sin duda enunciar bienestar humano, \u00e9tica, inclusi\u00f3n social y excelencia en la pr\u00e1ctica cl\u00ednica; \u00a0pero sobre todo humanismo y\u00a0 amor por el servicio<strong>.<\/strong><strong>\u00a0<\/strong><\/p>\n<p><em>Caf\u00e9 Pendiente<\/em> es el reflejo de esos principios fundacionales y as\u00ed <a href=\"https:\/\/www.sanvicentefundacion.com\/noticias\/un-cafe-pendiente-iniciativa-de-trabajo-social-que-gano-premio\" target=\"_blank\" rel=\"noopener\">lo exalt\u00f3 la Alcald\u00eda de Medell\u00edn por medio de la Secretar\u00eda de Salud, a trav\u00e9s del programa Medell\u00edn Me Cuida con Amor<\/a> que el 13 de diciembre de 2022 entreg\u00f3 siete galardones a IPS de nuestra capital como reconocimiento a las buenas pr\u00e1cticas en la humanizaci\u00f3n de los servicios de salud, al ser referentes para la ciudad, por alcanzar altos niveles de desempe\u00f1o y por ubicar a los usuarios y a las familias como el centro del sistema de salud.<\/p>\n<div id=\"attachment_162539\" style=\"width: 1034px\" class=\"wp-caption alignnone\"><a href=\"https:\/\/www.medellin.gov.co\/es\/wp-content\/uploads\/2023\/02\/Uncafe_pendiente_3.jpg\" target=\"_blank\" rel=\"noopener\"><img aria-describedby=\"caption-attachment-162539\" loading=\"lazy\" class=\"wp-image-162539 size-large\" title=\"Galard\u00f3n Medell\u00edn Me Cuida con Amor. Foto Hospital San Vicente Fundaci\u00f3n\" src=\"https:\/\/www.medellin.gov.co\/es\/wp-content\/uploads\/2023\/02\/Uncafe_pendiente_3-1024x683.jpg\" alt=\"Galard\u00f3n Medell\u00edn Me Cuida con Amor. Foto Hospital San Vicente Fundaci\u00f3n\" width=\"1024\" height=\"683\" srcset=\"https:\/\/www.medellin.gov.co\/es\/wp-content\/uploads\/2023\/02\/Uncafe_pendiente_3-1024x683.jpg 1024w, https:\/\/www.medellin.gov.co\/es\/wp-content\/uploads\/2023\/02\/Uncafe_pendiente_3-300x200.jpg 300w, https:\/\/www.medellin.gov.co\/es\/wp-content\/uploads\/2023\/02\/Uncafe_pendiente_3-150x100.jpg 150w, https:\/\/www.medellin.gov.co\/es\/wp-content\/uploads\/2023\/02\/Uncafe_pendiente_3-768x512.jpg 768w, https:\/\/www.medellin.gov.co\/es\/wp-content\/uploads\/2023\/02\/Uncafe_pendiente_3.jpg 1280w\" sizes=\"(max-width: 1024px) 100vw, 1024px\" \/><\/a><p id=\"caption-attachment-162539\" class=\"wp-caption-text\">Galard\u00f3n Medell\u00edn Me Cuida con Amor. Foto Hospital San Vicente Fundaci\u00f3n<\/p><\/div>\n<p>Uno de esos galardones -en el nivel hospitalario, categor\u00eda plata- lo obtuvo la iniciativa <em><a href=\"https:\/\/www.youtube.com\/watch?v=j6dbuEsry4M\" target=\"_blank\" rel=\"noopener\">Caf\u00e9 Pendiente<\/a><\/em>\u00a0del <a href=\"https:\/\/www.sanvicentefundacion.com\/\" target=\"_blank\" rel=\"noopener\">Hospital San Vicente Fundaci\u00f3n<\/a>, la cual se encontraba entre las 25 estrategias postuladas.<\/p>\n<p>Este reconocimiento identifica, sistematiza y resalta las buenas pr\u00e1cticas en humanizaci\u00f3n, que hayan generado resultados significativos en la prestaci\u00f3n de los servicios de salud y que contribuyan con el bienestar, como un aporte a la b\u00fasqueda de soluciones creativas e innovadoras que se conviertan en referentes y dinamizadoras de grandes transformaciones.<\/p>\n<div id=\"attachment_162537\" style=\"width: 1034px\" class=\"wp-caption alignnone\"><a href=\"https:\/\/www.medellin.gov.co\/es\/wp-content\/uploads\/2023\/02\/Uncafe_pendiente_4.jpg\" target=\"_blank\" rel=\"noopener\"><img aria-describedby=\"caption-attachment-162537\" loading=\"lazy\" class=\"wp-image-162537 size-large\" title=\"Galard\u00f3n Medell\u00edn Me Cuida con Amor. Foto Hospital San Vicente Fundaci\u00f3n\" src=\"https:\/\/www.medellin.gov.co\/es\/wp-content\/uploads\/2023\/02\/Uncafe_pendiente_4-1024x682.jpg\" alt=\"Galard\u00f3n Medell\u00edn Me Cuida con Amor. Foto Hospital San Vicente Fundaci\u00f3n\" width=\"1024\" height=\"682\" srcset=\"https:\/\/www.medellin.gov.co\/es\/wp-content\/uploads\/2023\/02\/Uncafe_pendiente_4-1024x682.jpg 1024w, https:\/\/www.medellin.gov.co\/es\/wp-content\/uploads\/2023\/02\/Uncafe_pendiente_4-300x200.jpg 300w, https:\/\/www.medellin.gov.co\/es\/wp-content\/uploads\/2023\/02\/Uncafe_pendiente_4-150x100.jpg 150w, https:\/\/www.medellin.gov.co\/es\/wp-content\/uploads\/2023\/02\/Uncafe_pendiente_4-768x512.jpg 768w, https:\/\/www.medellin.gov.co\/es\/wp-content\/uploads\/2023\/02\/Uncafe_pendiente_4.jpg 1280w\" sizes=\"(max-width: 1024px) 100vw, 1024px\" \/><\/a><p id=\"caption-attachment-162537\" class=\"wp-caption-text\">Trabajadores sociales del Hospital San Vicente Fundaci\u00f3n. Foto Hospital San Vicente Fundaci\u00f3n<\/p><\/div>\n<p><strong>\u00bfC\u00f3mo medir la solidaridad?<\/strong><\/p>\n<p>M\u00e1s que cuantitativa, la medici\u00f3n de <em><a href=\"https:\/\/www.youtube.com\/watch?v=j6dbuEsry4M\" target=\"_blank\" rel=\"noopener\">Caf\u00e9 Pendiente<\/a><\/em>\u00a0es cualitativa por el impacto que genera en las personas y por la contribuci\u00f3n al bienestar y al mejoramiento de la calidad de vida de quienes se encuentran en una situaci\u00f3n vulnerable. Sin embargo, mensualmente las cafeter\u00edas entregan un reporte de caf\u00e9s entregados y hasta el 31 de enero de 2023, la cifra era de 1384 productos recibidos.<\/p>\n<p><em>\u201cEs tan bonito el proceso porque hemos tenido respuestas de familias que cuando conocen la iniciativa dicen: \u2018\u00bfEs en serio? \u00bfAlguien ya don\u00f3 por m\u00ed? \u00bfAlguien ya hizo eso por m\u00ed?\u2019 Ellos sienten que son tenidos en cuenta, que el hospital se est\u00e1 preocupando por ellos y hay un impacto\u201d.<\/em><strong>\u00a0<\/strong><\/p>\n<div id=\"attachment_162542\" style=\"width: 1034px\" class=\"wp-caption alignnone\"><a href=\"https:\/\/www.medellin.gov.co\/es\/wp-content\/uploads\/2023\/02\/Uncafe_pendiente_5.jpg\" target=\"_blank\" rel=\"noopener\"><img aria-describedby=\"caption-attachment-162542\" loading=\"lazy\" class=\"wp-image-162542 size-large\" title=\"Caf\u00e9 Pendiente. Foto Hospital San Vicente Fundaci\u00f3n \" src=\"https:\/\/www.medellin.gov.co\/es\/wp-content\/uploads\/2023\/02\/Uncafe_pendiente_5-1024x574.jpg\" alt=\"Caf\u00e9 Pendiente. Foto Hospital San Vicente Fundaci\u00f3n \" width=\"1024\" height=\"574\" srcset=\"https:\/\/www.medellin.gov.co\/es\/wp-content\/uploads\/2023\/02\/Uncafe_pendiente_5-1024x574.jpg 1024w, https:\/\/www.medellin.gov.co\/es\/wp-content\/uploads\/2023\/02\/Uncafe_pendiente_5-300x168.jpg 300w, https:\/\/www.medellin.gov.co\/es\/wp-content\/uploads\/2023\/02\/Uncafe_pendiente_5-150x84.jpg 150w, https:\/\/www.medellin.gov.co\/es\/wp-content\/uploads\/2023\/02\/Uncafe_pendiente_5-768x431.jpg 768w, https:\/\/www.medellin.gov.co\/es\/wp-content\/uploads\/2023\/02\/Uncafe_pendiente_5.jpg 1280w\" sizes=\"(max-width: 1024px) 100vw, 1024px\" \/><\/a><p id=\"caption-attachment-162542\" class=\"wp-caption-text\">Caf\u00e9 Pendiente. Foto Hospital San Vicente Fundaci\u00f3n<\/p><\/div>\n<p><em>\u201cAc\u00e1 a este hospital llegan muchas personas que necesitan el caf\u00e9 y no necesariamente desde la carencia econ\u00f3mica. Por ejemplo: tuvo que salir a urgencias con su mam\u00e1 porque le dio un infarto. Usted sale a la carrera, sin billetera. Simplemente cogi\u00f3 un carro y se vino para ac\u00e1 a esperar. Se supone que econ\u00f3micamente no tendr\u00eda la necesidad, pero en ese momento s\u00ed la tiene\u00a0 porque no trajo nada\u201d.<\/em><em>\u00a0<\/em><\/p>\n<p><em>\u201cMe quiero comer algo, estoy con hambre, estoy angustiada, tengo que esperar para que me definan qu\u00e9 fue lo que pas\u00f3 con mi familiar y poder acercarme y solicitar el caf\u00e9 es suplir una necesidad. Eso se ver\u00e1 reflejado en que en alg\u00fan momento sea esa persona la que done posteriormente para quienes\u00a0 lo requieran. Se vuelve como un c\u00edrculo bonito: bueno, me ayudaron, yo tambi\u00e9n voy ayudar\u201d.<\/em><em>\u00a0<\/em><\/p>\n<p><em>\u201cEl verdadero impacto es la alegr\u00eda del otro al recibirlo\u201d, <\/em>concluye contundentemente Mar\u00eda Liliana Cardona Arboleda, una carism\u00e1tica y extrovertida trabajadora social, cuyo entusiasmo florece en cada palabra cuando habla de la iniciativa <em><a href=\"https:\/\/www.youtube.com\/watch?v=j6dbuEsry4M\" target=\"_blank\" rel=\"noopener\">Caf\u00e9 Pendiente<\/a><\/em>.<\/p>\n","protected":false},"excerpt":{"rendered":"<p>\u201cCaf\u00e9 Pendiente\u201d es una iniciativa de amor, humanismo y solidaridad, que se desarrolla en el Hospital San Vicente Fundaci\u00f3n de Medell\u00edn y fue reconocida por el programa Medell\u00edn Me Cuida por las buenas pr\u00e1cticas en &#8230;<\/p>\n","protected":false},"author":17,"featured_media":162526,"comment_status":"open","ping_status":"open","sticky":false,"template":"","format":"standard","meta":[],"categories":[531,18],"tags":[435,452],"formato_nota":[],"programas_tax":[],"acf":[],"_links":{"self":[{"href":"https:\/\/www.medellin.gov.co\/es\/wp-json\/wp\/v2\/posts\/162521"}],"collection":[{"href":"https:\/\/www.medellin.gov.co\/es\/wp-json\/wp\/v2\/posts"}],"about":[{"href":"https:\/\/www.medellin.gov.co\/es\/wp-json\/wp\/v2\/types\/post"}],"author":[{"embeddable":true,"href":"https:\/\/www.medellin.gov.co\/es\/wp-json\/wp\/v2\/users\/17"}],"replies":[{"embeddable":true,"href":"https:\/\/www.medellin.gov.co\/es\/wp-json\/wp\/v2\/comments?post=162521"}],"version-history":[{"count":3,"href":"https:\/\/www.medellin.gov.co\/es\/wp-json\/wp\/v2\/posts\/162521\/revisions"}],"predecessor-version":[{"id":162547,"href":"https:\/\/www.medellin.gov.co\/es\/wp-json\/wp\/v2\/posts\/162521\/revisions\/162547"}],"wp:featuredmedia":[{"embeddable":true,"href":"https:\/\/www.medellin.gov.co\/es\/wp-json\/wp\/v2\/media\/162526"}],"wp:attachment":[{"href":"https:\/\/www.medellin.gov.co\/es\/wp-json\/wp\/v2\/media?parent=162521"}],"wp:term":[{"taxonomy":"category","embeddable":true,"href":"https:\/\/www.medellin.gov.co\/es\/wp-json\/wp\/v2\/categories?post=162521"},{"taxonomy":"post_tag","embeddable":true,"href":"https:\/\/www.medellin.gov.co\/es\/wp-json\/wp\/v2\/tags?post=162521"},{"taxonomy":"formato_nota","embeddable":true,"href":"https:\/\/www.medellin.gov.co\/es\/wp-json\/wp\/v2\/formato_nota?post=162521"},{"taxonomy":"programas_tax","embeddable":true,"href":"https:\/\/www.medellin.gov.co\/es\/wp-json\/wp\/v2\/programas_tax?post=162521"}],"curies":[{"name":"wp","href":"https:\/\/api.w.org\/{rel}","templated":true}]}}