{"id":162874,"date":"2023-02-28T12:30:36","date_gmt":"2023-02-28T17:30:36","guid":{"rendered":"https:\/\/www.medellin.gov.co\/es\/?p=162874"},"modified":"2024-11-08T11:00:13","modified_gmt":"2024-11-08T16:00:13","slug":"atencion-jovenes-de-medellin-la-i-u-colegio-mayor-de-antioquia-lanza-su-nuevo-pregrado-de-licenciatura-en-ciencias-sociales","status":"publish","type":"post","link":"https:\/\/www.medellin.gov.co\/es\/sala-de-prensa\/noticias\/atencion-jovenes-de-medellin-la-i-u-colegio-mayor-de-antioquia-lanza-su-nuevo-pregrado-de-licenciatura-en-ciencias-sociales\/","title":{"rendered":"Atenci\u00f3n j\u00f3venes de Medell\u00edn La I.U. Colegio Mayor de Antioquia lanza su nuevo pregrado de Licenciatura en Ciencias Sociales"},"content":{"rendered":"<ul>\n<li>Los interesados se pueden inscribir desde el 6 de marzo y hasta el 14 de junio.<\/li>\n<li>Para el registro se puede ingresar a <a href=\"http:\/\/www.colmayor.edu.co\" target=\"_blank\" rel=\"noopener\">www.colmayor.edu.co<\/a>.<\/li>\n<li>El 90 % de los estudiantes de la instituci\u00f3n cuentan con apoyo econ\u00f3mico como Matr\u00edcula Cero y Presupuesto Participativo.<\/li>\n<\/ul>\n<!--[if lt IE 9]><script>document.createElement('audio');<\/script><![endif]-->\n\t<div class=\"wp-playlist wp-audio-playlist wp-playlist-light\">\n\t\t\t<div class=\"wp-playlist-current-item\"><\/div>\n\t\t<audio controls=\"controls\" preload=\"none\" width=\"640\"\n\t\t\t><\/audio>\n\t<div class=\"wp-playlist-next\"><\/div>\n\t<div class=\"wp-playlist-prev\"><\/div>\n\t<noscript>\n\t<ol>\n\t\t<li><a href='https:\/\/www.medellin.gov.co\/es\/wp-content\/uploads\/2023\/02\/pregrado-licenciatura.mp3'>Palabras de Juan David G\u00f3mez Fl\u00f3rez, rector de la Instituci\u00f3n Universitaria Colegio Mayor de Antioquia.<\/a><\/li>\t<\/ol>\n\t<\/noscript>\n\t<script type=\"application\/json\" class=\"wp-playlist-script\">{\"type\":\"audio\",\"tracklist\":true,\"tracknumbers\":true,\"images\":true,\"artists\":true,\"tracks\":[{\"src\":\"https:\\\/\\\/www.medellin.gov.co\\\/es\\\/wp-content\\\/uploads\\\/2023\\\/02\\\/pregrado-licenciatura.mp3\",\"type\":\"audio\\\/mpeg\",\"title\":\"Palabras de Juan David G\\u00f3mez Fl\\u00f3rez, rector de la Instituci\\u00f3n Universitaria Colegio Mayor de Antioquia.\",\"caption\":\"\",\"description\":\"\\u00abpregrado-licenciatura\\u00bb. Lanzamiento: 2023.\",\"meta\":{\"year\":\"2023\",\"length_formatted\":\"2:18\"},\"image\":{\"src\":\"https:\\\/\\\/www.medellin.gov.co\\\/es\\\/wp-includes\\\/images\\\/media\\\/audio.png\",\"width\":48,\"height\":64},\"thumb\":{\"src\":\"https:\\\/\\\/www.medellin.gov.co\\\/es\\\/wp-includes\\\/images\\\/media\\\/audio.png\",\"width\":48,\"height\":64}}]}<\/script>\n<\/div>\n\t\n<p>Para fortalecer la educaci\u00f3n superior p\u00fablica y en su compromiso con la formaci\u00f3n integral de los estudiantes de Medell\u00edn y del pa\u00eds, la Instituci\u00f3n Universitaria Colegio Mayor de Antioquia estrena nuevo programa acad\u00e9mico, bajo la Resoluci\u00f3n # 002554 del 21 de febrero de 2023 otorgada por el Ministerio de Educaci\u00f3n Nacional.<\/p>\n<p>Se trata de la Licenciatura en Ciencias Sociales, con modalidad presencial y duraci\u00f3n de ocho semestres. Su prop\u00f3sito es formar maestros y maestras con conocimiento y dominio cient\u00edfico &#8211; cr\u00edtico de la pedagog\u00eda. Los interesados pueden inscribirse en la p\u00e1gina web <a href=\"http:\/\/www.colmayor.edu.co\" target=\"_blank\" rel=\"noopener\">www.colmayor.edu.co<\/a>.<\/p>\n<p><em>\u201cEs, sin duda alguna, un gran logro para toda la comunidad institucional. Este es el resultado del trabajo continuo, por m\u00e1s de dos a\u00f1os, de docentes, investigadores y expertos, para construir un programa con calidad para todos los estudiantes del pa\u00eds\u201d,<\/em> afirm\u00f3 el rector de la Instituci\u00f3n Universitaria Colegio Mayor de Antioquia, Juan David G\u00f3mez Fl\u00f3rez.<\/p>\n<p>Con este, son 21 programas de pregrado y posgrado ofertados por la Instituci\u00f3n Universitaria Colegio Mayor de Antioquia en las facultades de Arquitectura e Ingenier\u00eda, Administraci\u00f3n, Salud, Ciencias Sociales y Educaci\u00f3n.<\/p>\n<p>Es importante resaltar que el 90 % de los estudiantes cuentan con beneficios econ\u00f3micos como Matr\u00edcula Cero y Presupuesto Participativo.<\/p>\n<div id=\"attachment_162879\" style=\"width: 1210px\" class=\"wp-caption alignnone\"><a href=\"https:\/\/www.medellin.gov.co\/es\/wp-content\/uploads\/2023\/02\/pregrado-licenciatura-2.jpg\" target=\"_blank\" rel=\"noopener\"><img aria-describedby=\"caption-attachment-162879\" loading=\"lazy\" class=\"wp-image-162879 size-full\" title=\"Pregrado de Licenciatura en Ciencias Sociales\" src=\"https:\/\/www.medellin.gov.co\/es\/wp-content\/uploads\/2023\/02\/pregrado-licenciatura-2.jpg\" alt=\"Pregrado de Licenciatura en Ciencias Sociales\" width=\"1200\" height=\"675\" srcset=\"https:\/\/www.medellin.gov.co\/es\/wp-content\/uploads\/2023\/02\/pregrado-licenciatura-2.jpg 1200w, https:\/\/www.medellin.gov.co\/es\/wp-content\/uploads\/2023\/02\/pregrado-licenciatura-2-300x169.jpg 300w, https:\/\/www.medellin.gov.co\/es\/wp-content\/uploads\/2023\/02\/pregrado-licenciatura-2-1024x576.jpg 1024w, https:\/\/www.medellin.gov.co\/es\/wp-content\/uploads\/2023\/02\/pregrado-licenciatura-2-150x84.jpg 150w, https:\/\/www.medellin.gov.co\/es\/wp-content\/uploads\/2023\/02\/pregrado-licenciatura-2-768x432.jpg 768w\" sizes=\"(max-width: 1200px) 100vw, 1200px\" \/><\/a><p id=\"caption-attachment-162879\" class=\"wp-caption-text\">Pregrado de Licenciatura en Ciencias Sociales &#8211; Foto: Alcald\u00eda de Medell\u00edn<\/p><\/div>\n<p><em>\u201cLos egresados de la Licenciatura en Ciencias Sociales podr\u00e1n desempe\u00f1arse como profesionales y docentes de las instituciones educativas p\u00fablicas y privadas en \u00e1reas como historia, geograf\u00eda y constituci\u00f3n\u201d,<\/em> se\u00f1al\u00f3 la coordinadora Acad\u00e9mica y de Extensi\u00f3n de la Facultad de Ciencias Sociales y Educaci\u00f3n, Diana Paulina Herrera Londo\u00f1o.<\/p>\n<p>El programa cuenta con el convenio marco con MOVA (Centro de Innovaci\u00f3n del Maestro) y la Secretar\u00eda de Educaci\u00f3n de Medell\u00edn para ser desarrollado en las 229 instituciones educativas de la ciudad.<\/p>\n<p>La Instituci\u00f3n Universitaria Colegio Mayor de Antioquia es reconocida por la calidad acad\u00e9mica; la pertinencia e innovaci\u00f3n de sus programas; y por fomentar procesos de generaci\u00f3n, transformaci\u00f3n y difusi\u00f3n del conocimiento, que contribuyen al desarrollo econ\u00f3mico y social de la regi\u00f3n y del pa\u00eds.<\/p>\n","protected":false},"excerpt":{"rendered":"<p>Los interesados se pueden inscribir desde el 6 de marzo y hasta el 14 de junio. Para el registro se puede ingresar a www.colmayor.edu.co. El 90 % de los estudiantes de la instituci\u00f3n cuentan con &#8230;<\/p>\n","protected":false},"author":4,"featured_media":162878,"comment_status":"open","ping_status":"open","sticky":false,"template":"","format":"standard","meta":[],"categories":[4],"tags":[431],"formato_nota":[],"programas_tax":[],"acf":[],"_links":{"self":[{"href":"https:\/\/www.medellin.gov.co\/es\/wp-json\/wp\/v2\/posts\/162874"}],"collection":[{"href":"https:\/\/www.medellin.gov.co\/es\/wp-json\/wp\/v2\/posts"}],"about":[{"href":"https:\/\/www.medellin.gov.co\/es\/wp-json\/wp\/v2\/types\/post"}],"author":[{"embeddable":true,"href":"https:\/\/www.medellin.gov.co\/es\/wp-json\/wp\/v2\/users\/4"}],"replies":[{"embeddable":true,"href":"https:\/\/www.medellin.gov.co\/es\/wp-json\/wp\/v2\/comments?post=162874"}],"version-history":[{"count":2,"href":"https:\/\/www.medellin.gov.co\/es\/wp-json\/wp\/v2\/posts\/162874\/revisions"}],"predecessor-version":[{"id":362932,"href":"https:\/\/www.medellin.gov.co\/es\/wp-json\/wp\/v2\/posts\/162874\/revisions\/362932"}],"wp:featuredmedia":[{"embeddable":true,"href":"https:\/\/www.medellin.gov.co\/es\/wp-json\/wp\/v2\/media\/162878"}],"wp:attachment":[{"href":"https:\/\/www.medellin.gov.co\/es\/wp-json\/wp\/v2\/media?parent=162874"}],"wp:term":[{"taxonomy":"category","embeddable":true,"href":"https:\/\/www.medellin.gov.co\/es\/wp-json\/wp\/v2\/categories?post=162874"},{"taxonomy":"post_tag","embeddable":true,"href":"https:\/\/www.medellin.gov.co\/es\/wp-json\/wp\/v2\/tags?post=162874"},{"taxonomy":"formato_nota","embeddable":true,"href":"https:\/\/www.medellin.gov.co\/es\/wp-json\/wp\/v2\/formato_nota?post=162874"},{"taxonomy":"programas_tax","embeddable":true,"href":"https:\/\/www.medellin.gov.co\/es\/wp-json\/wp\/v2\/programas_tax?post=162874"}],"curies":[{"name":"wp","href":"https:\/\/api.w.org\/{rel}","templated":true}]}}