{"id":168489,"date":"2023-03-14T13:39:04","date_gmt":"2023-03-14T18:39:04","guid":{"rendered":"https:\/\/www.medellin.gov.co\/es\/?p=168489"},"modified":"2023-03-14T13:39:04","modified_gmt":"2023-03-14T18:39:04","slug":"la-alcaldia-de-medellin-abrio-nueva-sede-de-buen-comienzo-para-atencion-exclusiva-de-ninas-y-ninos-indigenas","status":"publish","type":"post","link":"https:\/\/www.medellin.gov.co\/es\/sala-de-prensa\/noticias\/la-alcaldia-de-medellin-abrio-nueva-sede-de-buen-comienzo-para-atencion-exclusiva-de-ninas-y-ninos-indigenas\/","title":{"rendered":"La Alcald\u00eda de Medell\u00edn abri\u00f3 nueva sede de Buen Comienzo para atenci\u00f3n exclusiva de ni\u00f1as y ni\u00f1os ind\u00edgenas"},"content":{"rendered":"<ul>\n<li>El centro infantil Burudai Chi Wawara tiene cupo para 76 ni\u00f1os y ni\u00f1as. A\u00fan hay disponibilidad.<\/li>\n<li>Los agentes educativos son ind\u00edgenas y orientan experiencias inspiradas en la cultura, costumbres y tradiciones.<\/li>\n<li>La minuta de alimentaci\u00f3n se construy\u00f3 con base en productos aut\u00f3ctonos como la yuca, el pl\u00e1tano, la avena y el ma\u00edz.<\/li>\n<\/ul>\n<!--[if lt IE 9]><script>document.createElement('audio');<\/script><![endif]-->\n\t<div class=\"wp-playlist wp-audio-playlist wp-playlist-light\">\n\t\t\t<div class=\"wp-playlist-current-item\"><\/div>\n\t\t<audio controls=\"controls\" preload=\"none\" width=\"640\"\n\t\t\t><\/audio>\n\t<div class=\"wp-playlist-next\"><\/div>\n\t<div class=\"wp-playlist-prev\"><\/div>\n\t<noscript>\n\t<ol>\n\t\t<li><a href='https:\/\/www.medellin.gov.co\/es\/wp-content\/uploads\/2023\/03\/sede-bueno-comienzo-01.mp3'>Palabras de Hugo D\u00edaz, director de la Unidad Administrativa Especial Buen Comienzo.<\/a><\/li><li><a href='https:\/\/www.medellin.gov.co\/es\/wp-content\/uploads\/2023\/03\/sede-bueno-comienzo-02.mp3'>Palabras de Olga Vaquiaza, agente educativa ember\u00e1.<\/a><\/li><li><a href='https:\/\/www.medellin.gov.co\/es\/wp-content\/uploads\/2023\/03\/sede-bueno-comienzo-03.mp3'>Palabras de Luis Fernando Yauripoma, director t\u00e9cnico de la Gerencia \u00c9tnica.<\/a><\/li>\t<\/ol>\n\t<\/noscript>\n\t<script type=\"application\/json\" class=\"wp-playlist-script\">{\"type\":\"audio\",\"tracklist\":true,\"tracknumbers\":true,\"images\":true,\"artists\":true,\"tracks\":[{\"src\":\"https:\\\/\\\/www.medellin.gov.co\\\/es\\\/wp-content\\\/uploads\\\/2023\\\/03\\\/sede-bueno-comienzo-01.mp3\",\"type\":\"audio\\\/mpeg\",\"title\":\"Palabras de Hugo D\\u00edaz, director de la Unidad Administrativa Especial Buen Comienzo.\",\"caption\":\"\",\"description\":\"Palabras de Hugo D\\u00edaz, director de la Unidad Administrativa Especial Buen Comienzo.\",\"meta\":{\"length_formatted\":\"0:40\"},\"image\":{\"src\":\"https:\\\/\\\/www.medellin.gov.co\\\/es\\\/wp-includes\\\/images\\\/media\\\/audio.png\",\"width\":48,\"height\":64},\"thumb\":{\"src\":\"https:\\\/\\\/www.medellin.gov.co\\\/es\\\/wp-includes\\\/images\\\/media\\\/audio.png\",\"width\":48,\"height\":64}},{\"src\":\"https:\\\/\\\/www.medellin.gov.co\\\/es\\\/wp-content\\\/uploads\\\/2023\\\/03\\\/sede-bueno-comienzo-02.mp3\",\"type\":\"audio\\\/mpeg\",\"title\":\"Palabras de Olga Vaquiaza, agente educativa ember\\u00e1.\",\"caption\":\"\",\"description\":\"Palabras de Olga Vaquiaza, agente educativa ember\\u00e1.\",\"meta\":{\"length_formatted\":\"0:50\"},\"image\":{\"src\":\"https:\\\/\\\/www.medellin.gov.co\\\/es\\\/wp-includes\\\/images\\\/media\\\/audio.png\",\"width\":48,\"height\":64},\"thumb\":{\"src\":\"https:\\\/\\\/www.medellin.gov.co\\\/es\\\/wp-includes\\\/images\\\/media\\\/audio.png\",\"width\":48,\"height\":64}},{\"src\":\"https:\\\/\\\/www.medellin.gov.co\\\/es\\\/wp-content\\\/uploads\\\/2023\\\/03\\\/sede-bueno-comienzo-03.mp3\",\"type\":\"audio\\\/mpeg\",\"title\":\"Palabras de Luis Fernando Yauripoma, director t\\u00e9cnico de la Gerencia \\u00c9tnica.\",\"caption\":\"\",\"description\":\"Palabras de Luis Fernando Yauripoma, director t\\u00e9cnico de la Gerencia \\u00c9tnica.\",\"meta\":{\"year\":\"2023\",\"length_formatted\":\"3:06\"},\"image\":{\"src\":\"https:\\\/\\\/www.medellin.gov.co\\\/es\\\/wp-includes\\\/images\\\/media\\\/audio.png\",\"width\":48,\"height\":64},\"thumb\":{\"src\":\"https:\\\/\\\/www.medellin.gov.co\\\/es\\\/wp-includes\\\/images\\\/media\\\/audio.png\",\"width\":48,\"height\":64}}]}<\/script>\n<\/div>\n\t\n<p>La Alcald\u00eda de Medell\u00edn abri\u00f3 un nuevo centro infantil de Buen Comienzo con enfoque de atenci\u00f3n diferencial, basado en la preservaci\u00f3n y fortalecimiento de la cultura ind\u00edgena Ember\u00e1, en donde ni\u00f1os y ni\u00f1as reciben atenci\u00f3n de calidad concentrada en sus tradiciones. La nueva sede tiene capacidad para 76 ni\u00f1os y ni\u00f1as de esa comunidad ind\u00edgena.<\/p>\n<p>En la sede Burudai Chi Wawara (abrazar la ni\u00f1ez), ubicada en el sector de Niquitao, comuna 10 de Medell\u00edn, hay seis agentes educativos Ember\u00e1 quienes hablan y comparten las experiencias pedag\u00f3gicas en su lengua nativa. As\u00ed mismo, las actividades est\u00e1n inspiradas en sus tradiciones y cotidianidad. El espa\u00f1ol ser\u00e1 la segunda lengua, tambi\u00e9n promovida, con el fin de que los ni\u00f1os y ni\u00f1as aprendan a comunicarse con las personas que no hacen parte de su comunidad.<\/p>\n<p><em>\u201cDamos inicio a la prestaci\u00f3n del servicio en el centro infantil en el sector de Niquitao, dotado especialmente para que los ni\u00f1os y ni\u00f1as ind\u00edgenas reciban atenci\u00f3n de calidad y pertinencia. Los agentes educativos estar\u00e1n en toda la disposici\u00f3n para recibir a los ni\u00f1os que viven en el sector y que son de la comunidad ind\u00edgena, y que hoy requieren de nuestra atenci\u00f3n, y que la brindaremos con todo el amor y cari\u00f1o, ac\u00e1, en Buen Comienzo\u201d,<\/em> afirm\u00f3 el director de la Unidad Administrativa Especial Buen Comienzo, Hugo D\u00edaz.<\/p>\n<p>Con respecto a la alimentaci\u00f3n, profesionales en nutrici\u00f3n de Buen Comienzo, tras un minucioso estudio de la cultura, construyeron la minuta incluyendo productos aut\u00f3ctonos como la yuca y el pl\u00e1tano en diferentes presentaciones, bebidas como la chuchula de pl\u00e1tano,\u00a0 la avena, el ma\u00edz, granos y la omisi\u00f3n de otros alimentos.<\/p>\n<div id=\"attachment_168497\" style=\"width: 1610px\" class=\"wp-caption alignnone\"><a href=\"https:\/\/www.medellin.gov.co\/es\/wp-content\/uploads\/2023\/03\/sede-poblacion-indigena-2.jpeg\" target=\"_blank\" rel=\"noopener\"><img aria-describedby=\"caption-attachment-168497\" loading=\"lazy\" class=\"wp-image-168497 size-full\" title=\"Sede de Buen Comienzo\" src=\"https:\/\/www.medellin.gov.co\/es\/wp-content\/uploads\/2023\/03\/sede-poblacion-indigena-2.jpeg\" alt=\"Sede de Buen Comienzo\" width=\"1600\" height=\"1200\" srcset=\"https:\/\/www.medellin.gov.co\/es\/wp-content\/uploads\/2023\/03\/sede-poblacion-indigena-2.jpeg 1600w, https:\/\/www.medellin.gov.co\/es\/wp-content\/uploads\/2023\/03\/sede-poblacion-indigena-2-300x225.jpeg 300w, https:\/\/www.medellin.gov.co\/es\/wp-content\/uploads\/2023\/03\/sede-poblacion-indigena-2-1024x768.jpeg 1024w, https:\/\/www.medellin.gov.co\/es\/wp-content\/uploads\/2023\/03\/sede-poblacion-indigena-2-150x113.jpeg 150w, https:\/\/www.medellin.gov.co\/es\/wp-content\/uploads\/2023\/03\/sede-poblacion-indigena-2-768x576.jpeg 768w, https:\/\/www.medellin.gov.co\/es\/wp-content\/uploads\/2023\/03\/sede-poblacion-indigena-2-1536x1152.jpeg 1536w\" sizes=\"(max-width: 1600px) 100vw, 1600px\" \/><\/a><p id=\"caption-attachment-168497\" class=\"wp-caption-text\">Sede de Buen Comienzo &#8211; Foto: Alcald\u00eda de Medell\u00edn<\/p><\/div>\n<p><em>\u201cComunidades ind\u00edgenas, un saludo. Les hago una invitaci\u00f3n muy grande a aquellos ni\u00f1os y ni\u00f1as que viven en Medell\u00edn y que todos los d\u00edas vemos en la calle. Les invito a esta casa grande para que los ni\u00f1os reciban el conocimiento, la ense\u00f1anza; a que jueguen, porque hemos visto una necesidad grande en los ni\u00f1os y ni\u00f1as ind\u00edgenas, y queremos trabajar con todos ellos a trav\u00e9s de estrategias con las que se les va ense\u00f1ar actividades de rutina; alimentaci\u00f3n; mucho juego y aprendizaje; y somos nosotros los que vamos a ense\u00f1ar. Habemos muchas personas presentes ind\u00edgenas. Reitero la palabra y es invitar a las comunidades ind\u00edgenas vivientes en Medell\u00edn para que vengan a esta casa grande\u201d<\/em>, manifest\u00f3 Olga Vaquiaza, agente educativa ember\u00e1.<\/p>\n<p>Considerando la poblaci\u00f3n, en la sede se aplica la modalidad flexible, que consiste en permitir el ingreso y salida de los ni\u00f1os y ni\u00f1as de acuerdo con la necesidad de cada familia.<\/p>\n<p><em>\u201cAdem\u00e1s de este nuevo centro infantil para ni\u00f1os y ni\u00f1as ind\u00edgenas, desde la Gerencia \u00c9tnica se ha desarrollado una serie de acciones y estrategias tendientes a brindar atenci\u00f3n diferenciada a la poblaci\u00f3n ind\u00edgena de la ciudad, dentro de las cuales cabe destacar: 3.404 atenciones, acompa\u00f1amiento de traductores en procesos administrativos y judiciales, activaci\u00f3n de rutas para el acceso a diferentes servicios de la Administraci\u00f3n Distrital. Y la formulaci\u00f3n del Plan Ind\u00edgena de Medell\u00edn, el cual tendr\u00e1 los programas, proyectos, acciones y estrategias para la intervenci\u00f3n de la poblaci\u00f3n originaria del Distrito de Medell\u00edn, a la luz del Acuerdo 130 de 2019\u201d, <\/em>expres\u00f3 el director t\u00e9cnico de la Gerencia \u00c9tnica, Luis Fernando Yauripoma.<\/p>\n<p>La invitaci\u00f3n a la ciudadan\u00eda es a compartir la informaci\u00f3n del centro infantil para que m\u00e1s ni\u00f1os y ni\u00f1as ind\u00edgenas asistan y reciban atenci\u00f3n de calidad. Actualmente, hay cupos disponibles y el proceso de inscripci\u00f3n y matr\u00edcula, aunque es el habitual, se realiza con excepcional orientaci\u00f3n y acompa\u00f1amiento. Los interesados pueden acercarse al centro infantil, ubicado en la carrera 44 # 42-21, en Niquitao.<\/p>\n","protected":false},"excerpt":{"rendered":"<p>El centro infantil Burudai Chi Wawara tiene cupo para 76 ni\u00f1os y ni\u00f1as. A\u00fan hay disponibilidad. Los agentes educativos son ind\u00edgenas y orientan experiencias inspiradas en la cultura, costumbres y tradiciones. La minuta de alimentaci\u00f3n &#8230;<\/p>\n","protected":false},"author":4,"featured_media":168496,"comment_status":"open","ping_status":"open","sticky":false,"template":"","format":"standard","meta":[],"categories":[533],"tags":[451,455],"formato_nota":[],"programas_tax":[],"acf":[],"_links":{"self":[{"href":"https:\/\/www.medellin.gov.co\/es\/wp-json\/wp\/v2\/posts\/168489"}],"collection":[{"href":"https:\/\/www.medellin.gov.co\/es\/wp-json\/wp\/v2\/posts"}],"about":[{"href":"https:\/\/www.medellin.gov.co\/es\/wp-json\/wp\/v2\/types\/post"}],"author":[{"embeddable":true,"href":"https:\/\/www.medellin.gov.co\/es\/wp-json\/wp\/v2\/users\/4"}],"replies":[{"embeddable":true,"href":"https:\/\/www.medellin.gov.co\/es\/wp-json\/wp\/v2\/comments?post=168489"}],"version-history":[{"count":1,"href":"https:\/\/www.medellin.gov.co\/es\/wp-json\/wp\/v2\/posts\/168489\/revisions"}],"predecessor-version":[{"id":168498,"href":"https:\/\/www.medellin.gov.co\/es\/wp-json\/wp\/v2\/posts\/168489\/revisions\/168498"}],"wp:featuredmedia":[{"embeddable":true,"href":"https:\/\/www.medellin.gov.co\/es\/wp-json\/wp\/v2\/media\/168496"}],"wp:attachment":[{"href":"https:\/\/www.medellin.gov.co\/es\/wp-json\/wp\/v2\/media?parent=168489"}],"wp:term":[{"taxonomy":"category","embeddable":true,"href":"https:\/\/www.medellin.gov.co\/es\/wp-json\/wp\/v2\/categories?post=168489"},{"taxonomy":"post_tag","embeddable":true,"href":"https:\/\/www.medellin.gov.co\/es\/wp-json\/wp\/v2\/tags?post=168489"},{"taxonomy":"formato_nota","embeddable":true,"href":"https:\/\/www.medellin.gov.co\/es\/wp-json\/wp\/v2\/formato_nota?post=168489"},{"taxonomy":"programas_tax","embeddable":true,"href":"https:\/\/www.medellin.gov.co\/es\/wp-json\/wp\/v2\/programas_tax?post=168489"}],"curies":[{"name":"wp","href":"https:\/\/api.w.org\/{rel}","templated":true}]}}