{"id":168886,"date":"2023-03-15T18:06:29","date_gmt":"2023-03-15T23:06:29","guid":{"rendered":"https:\/\/www.medellin.gov.co\/es\/?p=168886"},"modified":"2023-03-17T08:46:36","modified_gmt":"2023-03-17T13:46:36","slug":"reduccion-historica-del-embarazo-adolescente","status":"publish","type":"post","link":"https:\/\/www.medellin.gov.co\/es\/sala-de-prensa\/noticias\/reduccion-historica-del-embarazo-adolescente\/","title":{"rendered":"Reducci\u00f3n hist\u00f3rica del embarazo adolescente"},"content":{"rendered":"<p>En Medell\u00edn se ha logrado reducir progresivamente las cifras de embarazo en edades de 10 a 19 a\u00f1os gracias a la gesti\u00f3n intersectorial para la Prevenci\u00f3n del Embarazo Adolescente (PREA), que desde el 2020 lidera el Despacho de la Gestora Social.<\/p>\n<p>De acuerdo con las cifras del Registro \u00danico de Afiliados (RUAF),de 4.303 casos registrados en 2019, se pas\u00f3 a 2.488 en 2022.<\/p>\n<p>Con la estrategia \u2018Yo decido cu\u00e1ndo<em>\u2019<\/em>, los ni\u00f1os, ni\u00f1as, adolescentes y j\u00f3venes de la ciudad cuentan con las oportunidades, herramientas y redes de apoyo en su entorno familiar, escolar y comunitario para construir un proyecto de vida sustentable en el tiempo, sin estar condicionados por un embarazo a temprana edad.<\/p>\n<p>La orientaci\u00f3n y acompa\u00f1amiento que se les brinda desde un enfoque pedag\u00f3gico y creativo, les da tambi\u00e9n mayor conciencia y confianza sobre su sexualidad. Estas son algunas de las estrategias implementadas desde la Administraci\u00f3n Distrital:<\/p>\n<p>Noviembre 11 de 2022<\/p>\n<p><a href=\"https:\/\/www.medellin.gov.co\/es\/sala-de-prensa\/noticias\/gracias-a-estrategias-de-prevencion-medellin-tiene-una-reduccion-historica-del-39-en-embarazo-adolescente\/#:~:text=En%20Medell%C3%ADn%2C%20la%20reducci%C3%B3n%20del,lo%20registrado%20hace%20tres%20a%C3%B1os.\"><strong>Gracias a estrategias de prevenci\u00f3n, Medell\u00edn tiene una reducci\u00f3n hist\u00f3rica del 39 % en embarazo adolescente<\/strong><\/a><\/p>\n<p>Diciembre 1 de 2022<\/p>\n<p><strong><a href=\"https:\/\/www.medellin.gov.co\/es\/sala-de-prensa\/noticias\/con-un-concierto-de-blessd-medellin-hizo-reconocimiento-a-los-ganadores-de-la-segunda-convocatoria-de-estimulos-para-prevenir-el-embarazo-adolescente\/#:~:text=La%20Alcald%C3%ADa%20de%20Medell%C3%ADn%2C%20con,cu%C3%A1ndo%E2%80%9D%2C%20que%20ha%20permitido%20este\">Con un concierto de Blessd, Medell\u00edn hizo reconocimiento a los ganadores de la segunda convocatoria de est\u00edmulos para prevenir el embarazo adolescente<\/a><\/strong><\/p>\n<p>Septiembre 28 de 2022<\/p>\n<p><a href=\"https:\/\/www.medellin.gov.co\/es\/sala-de-prensa\/noticias\/medellin-refuerza-entornos-seguros-para-la-primera-infancia-con-el-nuevo-equipo-de-50-gestores-territoriales\/\"><strong>Medell\u00edn refuerza entornos seguros para la primera infancia con el nuevo equipo de 50 gestores territoriales<\/strong><\/a><\/p>\n<p>Agosto 30 de 2022<\/p>\n<p><strong><a href=\"https:\/\/www.medellin.gov.co\/es\/sala-de-prensa\/noticias\/con-5-372-sensibilizaciones-la-alcaldia-de-medellin-aporta-a-la-prevencion-de-la-violencia-sexual-contra-ninos-y-adolescentes\/\">Con 5.372 sensibilizaciones, la Alcald\u00eda de Medell\u00edn aporta a la prevenci\u00f3n de la violencia sexual contra ni\u00f1os y adolescentes<\/a><br \/>\n<\/strong><\/p>\n<p>Julio 26 de 2022<\/p>\n<p><strong><a href=\"https:\/\/www.medellin.gov.co\/es\/sala-de-prensa\/noticias\/200-psicologos-de-instituciones-educativas-oficiales-de-medellin-ampliaran-sus-conocimientos-en-prevencion-del-embarazo-adolescente\/\">200 psic\u00f3logos de instituciones educativas oficiales de Medell\u00edn ampliar\u00e1n sus conocimientos en prevenci\u00f3n del embarazo adolescente<\/a><br \/>\n<\/strong><\/p>\n<p>Junio 15 de 2022<\/p>\n<p><strong><a href=\"https:\/\/www.medellin.gov.co\/es\/sala-de-prensa\/noticias\/con-la-entrega-de-30-000-preservativos-la-alcaldia-de-medellin-promueve-los-derechos-sexuales-y-la-prevencion-del-embarazo-adolescente\/\">Con la entrega de 30.000 preservativos, la Alcald\u00eda de Medell\u00edn promueve los derechos sexuales y la prevenci\u00f3n del embarazo adolescente<\/a><\/strong><\/p>\n<p>&nbsp;<\/p>\n<h2>Conoce por qu\u00e9 Medell\u00edn est\u00e1 mejor que nunca en estos art\u00edculos<\/h2>\n<h3><a href=\"https:\/\/www.medellin.gov.co\/es\/sala-de-prensa\/noticias\/reduccion-historica-de-homicidios-en-medellin\/\">Reducci\u00f3n hist\u00f3rica de homicidios en Medell\u00edn<\/a><\/h3>\n<p><a href=\"https:\/\/www.medellin.gov.co\/es\/sala-de-prensa\/noticias\/reduccion-historica-de-homicidios-en-medellin\/\">Ver m\u00e1s<\/a><\/p>\n<h3><a href=\"https:\/\/www.medellin.gov.co\/es\/sala-de-prensa\/noticias\/reduccion-historica-de-desempleo-en-medellin\/\">Reducci\u00f3n hist\u00f3rica de desempleo en Medell\u00edn<\/a><\/h3>\n<p><a href=\"https:\/\/www.medellin.gov.co\/es\/sala-de-prensa\/noticias\/reduccion-historica-de-desempleo-en-medellin\/\">Ver m\u00e1s<\/a><\/p>\n<h3><a href=\"https:\/\/www.medellin.gov.co\/es\/sala-de-prensa\/noticias\/medellin-es-1-en-dotar-con-un-equipo-de-computo-a-cada-estudiante-de-las-instituciones-educativas-oficiales\/\">Medell\u00edn es # 1 en dotar con un equipo de c\u00f3mputo a cada estudiante de las instituciones educativas oficiales<\/a><\/h3>\n<p><a href=\"https:\/\/www.medellin.gov.co\/es\/sala-de-prensa\/noticias\/medellin-es-1-en-dotar-con-un-equipo-de-computo-a-cada-estudiante-de-las-instituciones-educativas-oficiales\/\">Ver m\u00e1s<\/a><\/p>\n<h3><a href=\"https:\/\/www.medellin.gov.co\/es\/sala-de-prensa\/noticias\/medellin-se-posiciona-como-el-segundo-destino-turistico-de-colombia-y-se-certifica-como-destino-turistico-inteligente\/\">Medell\u00edn se posiciona como el segundo destino tur\u00edstico de Colombia y se certifica como Destino Tur\u00edstico Inteligente<\/a><\/h3>\n<p><a href=\"https:\/\/www.medellin.gov.co\/es\/sala-de-prensa\/noticias\/medellin-se-posiciona-como-el-segundo-destino-turistico-de-colombia-y-se-certifica-como-destino-turistico-inteligente\/\">Ver m\u00e1s<\/a><\/p>\n<h3><a href=\"https:\/\/www.medellin.gov.co\/es\/sala-de-prensa\/noticias\/hidroituango-se-recupero-y-es-la-esperanza-energetica-de-colombia\/\">Hidroituango se recuper\u00f3 y es la esperanza energ\u00e9tica de Colombia<strong>\u00a0<\/strong><\/a><\/h3>\n<p><a href=\"https:\/\/www.medellin.gov.co\/es\/sala-de-prensa\/noticias\/hidroituango-se-recupero-y-es-la-esperanza-energetica-de-colombia\/\">Ver m\u00e1s<\/a><\/p>\n<h3><a href=\"https:\/\/www.medellin.gov.co\/es\/sala-de-prensa\/noticias\/medellin-ciudad-de-eventos-y-certamenes\/\">Medell\u00edn, ciudad de eventos y cert\u00e1menes<\/a><\/h3>\n<p><a href=\"https:\/\/www.medellin.gov.co\/es\/sala-de-prensa\/noticias\/medellin-ciudad-de-eventos-y-certamenes\/\">Ver m\u00e1s<\/a><\/p>\n<h3><a href=\"https:\/\/www.medellin.gov.co\/es\/sala-de-prensa\/noticias\/medellin-fortalece-su-sistema-de-movilidad-con-el-metro-de-la-80\/\">Medell\u00edn fortalece su sistema de movilidad con el Metro de La 80<\/a><\/h3>\n<p><a href=\"https:\/\/www.medellin.gov.co\/es\/sala-de-prensa\/noticias\/medellin-fortalece-su-sistema-de-movilidad-con-el-metro-de-la-80\/\">Ver m\u00e1s<\/a><\/p>\n<h3><a href=\"https:\/\/www.medellin.gov.co\/es\/sala-de-prensa\/noticias\/medellin-construye-y-recupera-obras\/\">Medell\u00edn construye y recupera obras<\/a><\/h3>\n<p><a href=\"https:\/\/www.medellin.gov.co\/es\/sala-de-prensa\/noticias\/medellin-construye-y-recupera-obras\/\">Ver m\u00e1s<\/a><\/p>\n<h3><a href=\"https:\/\/www.medellin.gov.co\/es\/sala-de-prensa\/noticias\/medellin-combate-la-desnutricion-cronica-infantil\/\">Medell\u00edn combate la desnutrici\u00f3n cr\u00f3nica infantil<\/a><\/h3>\n<p><a href=\"https:\/\/www.medellin.gov.co\/es\/sala-de-prensa\/noticias\/medellin-combate-la-desnutricion-cronica-infantil\/\">Ver m\u00e1s<\/a><\/p>\n<h3><a href=\"https:\/\/www.medellin.gov.co\/es\/sala-de-prensa\/noticias\/medellin-ciudad-lider-en-indices-de-transparencia\/\">Medell\u00edn, ciudad l\u00edder en \u00edndices de transparencia<\/a><\/h3>\n<p><a href=\"https:\/\/www.medellin.gov.co\/es\/sala-de-prensa\/noticias\/medellin-ciudad-lider-en-indices-de-transparencia\/\">Ver m\u00e1s<\/a><\/p>\n<h3><a href=\"https:\/\/www.medellin.gov.co\/es\/sala-de-prensa\/noticias\/en-medellin-robocop-apoya-la-seguridad-ciudadana\/\">En Medell\u00edn Robocop apoya la seguridad ciudadana<\/a><\/h3>\n<p><a href=\"https:\/\/www.medellin.gov.co\/es\/sala-de-prensa\/noticias\/en-medellin-robocop-apoya-la-seguridad-ciudadana\/\">Ver m\u00e1s<\/a><\/p>\n","protected":false},"excerpt":{"rendered":"<p>En Medell\u00edn se ha logrado reducir progresivamente las cifras de embarazo en edades de 10 a 19 a\u00f1os gracias a la gesti\u00f3n intersectorial para la Prevenci\u00f3n del Embarazo Adolescente (PREA), que desde el 2020 lidera &#8230;<\/p>\n","protected":false},"author":4,"featured_media":130094,"comment_status":"open","ping_status":"open","sticky":false,"template":"","format":"standard","meta":[],"categories":[18],"tags":[451,452],"formato_nota":[],"programas_tax":[],"acf":[],"_links":{"self":[{"href":"https:\/\/www.medellin.gov.co\/es\/wp-json\/wp\/v2\/posts\/168886"}],"collection":[{"href":"https:\/\/www.medellin.gov.co\/es\/wp-json\/wp\/v2\/posts"}],"about":[{"href":"https:\/\/www.medellin.gov.co\/es\/wp-json\/wp\/v2\/types\/post"}],"author":[{"embeddable":true,"href":"https:\/\/www.medellin.gov.co\/es\/wp-json\/wp\/v2\/users\/4"}],"replies":[{"embeddable":true,"href":"https:\/\/www.medellin.gov.co\/es\/wp-json\/wp\/v2\/comments?post=168886"}],"version-history":[{"count":2,"href":"https:\/\/www.medellin.gov.co\/es\/wp-json\/wp\/v2\/posts\/168886\/revisions"}],"predecessor-version":[{"id":169549,"href":"https:\/\/www.medellin.gov.co\/es\/wp-json\/wp\/v2\/posts\/168886\/revisions\/169549"}],"wp:featuredmedia":[{"embeddable":true,"href":"https:\/\/www.medellin.gov.co\/es\/wp-json\/wp\/v2\/media\/130094"}],"wp:attachment":[{"href":"https:\/\/www.medellin.gov.co\/es\/wp-json\/wp\/v2\/media?parent=168886"}],"wp:term":[{"taxonomy":"category","embeddable":true,"href":"https:\/\/www.medellin.gov.co\/es\/wp-json\/wp\/v2\/categories?post=168886"},{"taxonomy":"post_tag","embeddable":true,"href":"https:\/\/www.medellin.gov.co\/es\/wp-json\/wp\/v2\/tags?post=168886"},{"taxonomy":"formato_nota","embeddable":true,"href":"https:\/\/www.medellin.gov.co\/es\/wp-json\/wp\/v2\/formato_nota?post=168886"},{"taxonomy":"programas_tax","embeddable":true,"href":"https:\/\/www.medellin.gov.co\/es\/wp-json\/wp\/v2\/programas_tax?post=168886"}],"curies":[{"name":"wp","href":"https:\/\/api.w.org\/{rel}","templated":true}]}}