{"id":174212,"date":"2023-04-04T10:26:44","date_gmt":"2023-04-04T15:26:44","guid":{"rendered":"https:\/\/www.medellin.gov.co\/es\/?p=174212"},"modified":"2023-04-04T10:26:44","modified_gmt":"2023-04-04T15:26:44","slug":"el-hospital-general-de-medellin-ahora-cuenta-con-un-sistema-de-autogeneracion-de-energia-solar","status":"publish","type":"post","link":"https:\/\/www.medellin.gov.co\/es\/sala-de-prensa\/noticias\/el-hospital-general-de-medellin-ahora-cuenta-con-un-sistema-de-autogeneracion-de-energia-solar\/","title":{"rendered":"El Hospital General de Medell\u00edn ahora cuenta con un sistema de autogeneraci\u00f3n de energ\u00eda solar"},"content":{"rendered":"<ul>\n<li>En la instituci\u00f3n fueron instalados 464 paneles solares de 600 vatios cada uno.<\/li>\n<li>El sistema, de 278 kilovatios de potencia, generar\u00e1 una reducci\u00f3n de huella de carbono estimada en 50 toneladas de CO2 al a\u00f1o.<\/li>\n<li>Con los paneles, se aprovechan los rayos solares, es decir, una fuente natural que produce energ\u00eda limpia.<\/li>\n<\/ul>\n<!--[if lt IE 9]><script>document.createElement('audio');<\/script><![endif]-->\n\t<div class=\"wp-playlist wp-audio-playlist wp-playlist-light\">\n\t\t\t<div class=\"wp-playlist-current-item\"><\/div>\n\t\t<audio controls=\"controls\" preload=\"none\" width=\"640\"\n\t\t\t><\/audio>\n\t<div class=\"wp-playlist-next\"><\/div>\n\t<div class=\"wp-playlist-prev\"><\/div>\n\t<noscript>\n\t<ol>\n\t\t<li><a href='https:\/\/www.medellin.gov.co\/es\/wp-content\/uploads\/2023\/04\/Mario-Fernando-Cordoba-Audio.mp3'>Mario Fernando C\u00f3rdoba Audio<\/a><\/li><li><a href='https:\/\/www.medellin.gov.co\/es\/wp-content\/uploads\/2023\/04\/Hamser-Asprilla-Audio.mp3'>Hamser Asprilla Audio<\/a><\/li>\t<\/ol>\n\t<\/noscript>\n\t<script type=\"application\/json\" class=\"wp-playlist-script\">{\"type\":\"audio\",\"tracklist\":true,\"tracknumbers\":true,\"images\":true,\"artists\":true,\"tracks\":[{\"src\":\"https:\\\/\\\/www.medellin.gov.co\\\/es\\\/wp-content\\\/uploads\\\/2023\\\/04\\\/Mario-Fernando-Cordoba-Audio.mp3\",\"type\":\"audio\\\/mpeg\",\"title\":\"Mario Fernando C\\u00f3rdoba Audio\",\"caption\":\"Palabras de Mario Fernando C\\u00f3rdoba P\\u00e9rez, gerente del Hospital General de Medell\\u00edn\",\"description\":\"\\u00abMario Fernando C\\u00f3rdoba P\\u00e9rez, gerente del HGM\\u00bb.\",\"meta\":{\"year\":\"2023\",\"length_formatted\":\"0:28\"},\"image\":{\"src\":\"https:\\\/\\\/www.medellin.gov.co\\\/es\\\/wp-includes\\\/images\\\/media\\\/audio.png\",\"width\":48,\"height\":64},\"thumb\":{\"src\":\"https:\\\/\\\/www.medellin.gov.co\\\/es\\\/wp-includes\\\/images\\\/media\\\/audio.png\",\"width\":48,\"height\":64}},{\"src\":\"https:\\\/\\\/www.medellin.gov.co\\\/es\\\/wp-content\\\/uploads\\\/2023\\\/04\\\/Hamser-Asprilla-Audio.mp3\",\"type\":\"audio\\\/mpeg\",\"title\":\"Hamser Asprilla Audio\",\"caption\":\"Palabras de Hamser Asprilla, ingeniero ambiental del Hospital General de Medell\\u00edn\",\"description\":\"\\u00abHamser Asprilla, ingeniero ambiental del HGM\\u00bb. \",\"meta\":{\"year\":\"2023\",\"length_formatted\":\"1:29\"},\"image\":{\"src\":\"https:\\\/\\\/www.medellin.gov.co\\\/es\\\/wp-includes\\\/images\\\/media\\\/audio.png\",\"width\":48,\"height\":64},\"thumb\":{\"src\":\"https:\\\/\\\/www.medellin.gov.co\\\/es\\\/wp-includes\\\/images\\\/media\\\/audio.png\",\"width\":48,\"height\":64}}]}<\/script>\n<\/div>\n\t\n<p><span style=\"font-weight: 400;\">Con la instalaci\u00f3n de paneles solares de 600 vatios cada uno, el Hospital General de Medell\u00edn avanza en la migraci\u00f3n hacia energ\u00edas limpias y renovables de fuentes no convencionales, lo que\u00a0 trae beneficios econ\u00f3micos y ambientales para el cuidado del planeta.<\/span><\/p>\n<p><span style=\"font-weight: 400;\">Este sistema, de 278 kilovatios de potencia, permitir\u00e1 que la instituci\u00f3n prestadora de servicios de salud reduzca su huella de carbono. As\u00ed, contribuye al cuidado del medio ambiente, aporta al desarrollo sostenible de la ciudad y ahorra, en promedio, $180 millones anuales.<\/span><\/p>\n<div id=\"attachment_174219\" style=\"width: 1034px\" class=\"wp-caption alignnone\"><a href=\"https:\/\/www.medellin.gov.co\/es\/wp-content\/uploads\/2023\/04\/PanelessolaresHGM-3.jpeg\" target=\"_blank\" rel=\"noopener\"><img aria-describedby=\"caption-attachment-174219\" loading=\"lazy\" class=\"wp-image-174219 size-large\" src=\"https:\/\/www.medellin.gov.co\/es\/wp-content\/uploads\/2023\/04\/PanelessolaresHGM-3-1024x576.jpeg\" alt=\"Hospital General de Medell\u00edn\" width=\"1024\" height=\"576\" srcset=\"https:\/\/www.medellin.gov.co\/es\/wp-content\/uploads\/2023\/04\/PanelessolaresHGM-3-1024x576.jpeg 1024w, https:\/\/www.medellin.gov.co\/es\/wp-content\/uploads\/2023\/04\/PanelessolaresHGM-3-300x169.jpeg 300w, https:\/\/www.medellin.gov.co\/es\/wp-content\/uploads\/2023\/04\/PanelessolaresHGM-3-150x84.jpeg 150w, https:\/\/www.medellin.gov.co\/es\/wp-content\/uploads\/2023\/04\/PanelessolaresHGM-3-768x432.jpeg 768w, https:\/\/www.medellin.gov.co\/es\/wp-content\/uploads\/2023\/04\/PanelessolaresHGM-3.jpeg 1280w\" sizes=\"(max-width: 1024px) 100vw, 1024px\" \/><\/a><p id=\"caption-attachment-174219\" class=\"wp-caption-text\">Paneles solares Hospital General de Medell\u00edn<\/p><\/div>\n<p><i><span style=\"font-weight: 400;\">\u201cEl Hospital General de Medell\u00edn Luz Castro de Guti\u00e9rrez, consciente de nuestro compromiso con el medio ambiente, consciente de nuestro compromiso de ciudad, ha instalado 464 paneles solares. Estos, adem\u00e1s de darnos ahorro de energ\u00eda el\u00e9ctrica, le evitar\u00e1n a nuestro Valle de Aburr\u00e1 la emisi\u00f3n de, aproximadamente, 50 toneladas de CO2 al a\u00f1o\u201d,<\/span><\/i><span style=\"font-weight: 400;\"> expres\u00f3 el gerente del hospital, Mario Fernando C\u00f3rdoba P\u00e9rez.\u00a0<\/span><\/p>\n<p><span style=\"font-weight: 400;\">La instituci\u00f3n est\u00e1 certificada bajo la Norma NTC ISO 14001 y, de esta forma, confirma su compromiso con el medio ambiente, al trabajar para prevenir y minimizar el impacto ambiental negativo asociado con el uso de los recursos, y la generaci\u00f3n de residuos, vertimientos y emisiones.<\/span><\/p>\n<div id=\"attachment_174217\" style=\"width: 1034px\" class=\"wp-caption alignnone\"><a href=\"https:\/\/www.medellin.gov.co\/es\/wp-content\/uploads\/2023\/04\/PanelessolaresHGM-2.jpeg\" target=\"_blank\" rel=\"noopener\"><img aria-describedby=\"caption-attachment-174217\" loading=\"lazy\" class=\"wp-image-174217 size-large\" src=\"https:\/\/www.medellin.gov.co\/es\/wp-content\/uploads\/2023\/04\/PanelessolaresHGM-2-1024x576.jpeg\" alt=\"Hospital General de Medell\u00edn\" width=\"1024\" height=\"576\" srcset=\"https:\/\/www.medellin.gov.co\/es\/wp-content\/uploads\/2023\/04\/PanelessolaresHGM-2-1024x576.jpeg 1024w, https:\/\/www.medellin.gov.co\/es\/wp-content\/uploads\/2023\/04\/PanelessolaresHGM-2-300x169.jpeg 300w, https:\/\/www.medellin.gov.co\/es\/wp-content\/uploads\/2023\/04\/PanelessolaresHGM-2-150x84.jpeg 150w, https:\/\/www.medellin.gov.co\/es\/wp-content\/uploads\/2023\/04\/PanelessolaresHGM-2-768x432.jpeg 768w, https:\/\/www.medellin.gov.co\/es\/wp-content\/uploads\/2023\/04\/PanelessolaresHGM-2.jpeg 1280w\" sizes=\"(max-width: 1024px) 100vw, 1024px\" \/><\/a><p id=\"caption-attachment-174217\" class=\"wp-caption-text\">Paneles solares Hospital General de Medell\u00edn<\/p><\/div>\n<p><i><span style=\"font-weight: 400;\">\u201cLa implementaci\u00f3n de este proyecto presenta grandes beneficios ambientales, como la reducci\u00f3n de las emisiones atmosf\u00e9ricas que se puedan dar a ra\u00edz de otros sistemas convencionales de consumo y generaci\u00f3n de energ\u00eda, por lo que en la ejecuci\u00f3n y puesta en marcha se ver\u00e1 reflejada, de manera significativa, la disminuci\u00f3n de nuestra huella de carbono y el aporte que podemos hacer en torno a las emisiones de CO2 en un periodo de tiempo\u201d,<\/span><\/i><span style=\"font-weight: 400;\"> afirm\u00f3 Hamser Asprilla, ingeniero ambiental del Hospital General de Medell\u00edn.<\/span><\/p>\n<p><span style=\"font-weight: 400;\">Una de las ventajas de los paneles es que se aprovecha la energ\u00eda de los rayos solares, es decir una fuente natural considerada inagotable; adem\u00e1s, se produce energ\u00eda limpia, pues no requieren procesos qu\u00edmicos, ni combusti\u00f3n, respondiendo de esta manera a una gesti\u00f3n productiva y sana, de tal manera que los recursos naturales se conserven y se utilicen eficientemente.<\/span><b><\/b><\/p>\n","protected":false},"excerpt":{"rendered":"<p>En la instituci\u00f3n fueron instalados 464 paneles solares de 600 vatios cada uno. El sistema, de 278 kilovatios de potencia, generar\u00e1 una reducci\u00f3n de huella de carbono estimada en 50 toneladas de CO2 al a\u00f1o. &#8230;<\/p>\n","protected":false},"author":17,"featured_media":174221,"comment_status":"open","ping_status":"open","sticky":false,"template":"","format":"standard","meta":[],"categories":[18,17],"tags":[441,436,452],"formato_nota":[],"programas_tax":[],"acf":[],"_links":{"self":[{"href":"https:\/\/www.medellin.gov.co\/es\/wp-json\/wp\/v2\/posts\/174212"}],"collection":[{"href":"https:\/\/www.medellin.gov.co\/es\/wp-json\/wp\/v2\/posts"}],"about":[{"href":"https:\/\/www.medellin.gov.co\/es\/wp-json\/wp\/v2\/types\/post"}],"author":[{"embeddable":true,"href":"https:\/\/www.medellin.gov.co\/es\/wp-json\/wp\/v2\/users\/17"}],"replies":[{"embeddable":true,"href":"https:\/\/www.medellin.gov.co\/es\/wp-json\/wp\/v2\/comments?post=174212"}],"version-history":[{"count":1,"href":"https:\/\/www.medellin.gov.co\/es\/wp-json\/wp\/v2\/posts\/174212\/revisions"}],"predecessor-version":[{"id":174222,"href":"https:\/\/www.medellin.gov.co\/es\/wp-json\/wp\/v2\/posts\/174212\/revisions\/174222"}],"wp:featuredmedia":[{"embeddable":true,"href":"https:\/\/www.medellin.gov.co\/es\/wp-json\/wp\/v2\/media\/174221"}],"wp:attachment":[{"href":"https:\/\/www.medellin.gov.co\/es\/wp-json\/wp\/v2\/media?parent=174212"}],"wp:term":[{"taxonomy":"category","embeddable":true,"href":"https:\/\/www.medellin.gov.co\/es\/wp-json\/wp\/v2\/categories?post=174212"},{"taxonomy":"post_tag","embeddable":true,"href":"https:\/\/www.medellin.gov.co\/es\/wp-json\/wp\/v2\/tags?post=174212"},{"taxonomy":"formato_nota","embeddable":true,"href":"https:\/\/www.medellin.gov.co\/es\/wp-json\/wp\/v2\/formato_nota?post=174212"},{"taxonomy":"programas_tax","embeddable":true,"href":"https:\/\/www.medellin.gov.co\/es\/wp-json\/wp\/v2\/programas_tax?post=174212"}],"curies":[{"name":"wp","href":"https:\/\/api.w.org\/{rel}","templated":true}]}}