{"id":174225,"date":"2023-04-04T11:15:39","date_gmt":"2023-04-04T16:15:39","guid":{"rendered":"https:\/\/www.medellin.gov.co\/es\/?p=174225"},"modified":"2023-04-04T11:15:39","modified_gmt":"2023-04-04T16:15:39","slug":"con-intervenciones-en-popular-guayabal-y-candelaria-medellin-sigue-camino-a-convertirse-en-una-ciudad-libre-de-huecos","status":"publish","type":"post","link":"https:\/\/www.medellin.gov.co\/es\/sala-de-prensa\/noticias\/con-intervenciones-en-popular-guayabal-y-candelaria-medellin-sigue-camino-a-convertirse-en-una-ciudad-libre-de-huecos\/","title":{"rendered":"Con intervenciones en Popular, Guayabal y Candelaria, Medell\u00edn sigue camino a convertirse en una ciudad libre de huecos"},"content":{"rendered":"<ul>\n<li>200 trabajadores, acompa\u00f1ados de maquinaria pesada, siguen recorriendo la ciudad en horarios diurnos y nocturnos para mejorar la malla vial.<\/li>\n<li>Ahora los esfuerzos se concentrar\u00e1n en la comuna 2 (Santa Cruz), donde se tiene un reporte de 134 huecos a intervenir.<\/li>\n<\/ul>\n<!--[if lt IE 9]><script>document.createElement('audio');<\/script><![endif]-->\n\t<div class=\"wp-playlist wp-audio-playlist wp-playlist-light\">\n\t\t\t<div class=\"wp-playlist-current-item\"><\/div>\n\t\t<audio controls=\"controls\" preload=\"none\" width=\"640\"\n\t\t\t><\/audio>\n\t<div class=\"wp-playlist-next\"><\/div>\n\t<div class=\"wp-playlist-prev\"><\/div>\n\t<noscript>\n\t<ol>\n\t\t<li><a href='https:\/\/www.medellin.gov.co\/es\/wp-content\/uploads\/2023\/04\/intervenciones_Popular_Guayabal_Candelaria.mp3'>intervenciones_Popular_Guayabal_Candelaria<\/a><\/li>\t<\/ol>\n\t<\/noscript>\n\t<script type=\"application\/json\" class=\"wp-playlist-script\">{\"type\":\"audio\",\"tracklist\":true,\"tracknumbers\":true,\"images\":true,\"artists\":true,\"tracks\":[{\"src\":\"https:\\\/\\\/www.medellin.gov.co\\\/es\\\/wp-content\\\/uploads\\\/2023\\\/04\\\/intervenciones_Popular_Guayabal_Candelaria.mp3\",\"type\":\"audio\\\/mpeg\",\"title\":\"intervenciones_Popular_Guayabal_Candelaria\",\"caption\":\"Palabras del supervisor del contrato de malla vial del Distrito, Gustavo Arenas\",\"description\":\"\\u00abPalabras del supervisor del contrato de malla vial del Distrito, Gustavo Arenas\\u00bb\",\"meta\":{\"genre\":\"Blues\",\"length_formatted\":\"0:32\"},\"image\":{\"src\":\"https:\\\/\\\/www.medellin.gov.co\\\/es\\\/wp-includes\\\/images\\\/media\\\/audio.png\",\"width\":48,\"height\":64},\"thumb\":{\"src\":\"https:\\\/\\\/www.medellin.gov.co\\\/es\\\/wp-includes\\\/images\\\/media\\\/audio.png\",\"width\":48,\"height\":64}}]}<\/script>\n<\/div>\n\t\n<p>177 huecos fueron intervenidos durante los \u00faltimos siete d\u00edas en la comuna 1 de Medell\u00edn (Popular), gracias a las acciones dirigidas que se est\u00e1n realizando por instrucci\u00f3n del alcalde Daniel Quintero Calle. 200 trabajadores de la Secretar\u00eda de Infraestructura F\u00edsica, acompa\u00f1ados por maquinaria pesada, hicieron presencia en las v\u00edas de Popular en horarios diurnos y nocturnos para que este sector de la ciudad se convierta en el tercero en quedar libre de huecos.<\/p>\n<div id=\"attachment_174228\" style=\"width: 1034px\" class=\"wp-caption alignnone\"><a href=\"https:\/\/www.medellin.gov.co\/es\/wp-content\/uploads\/2023\/04\/obras_infraestructura_3.jpg\" target=\"_blank\" rel=\"noopener\"><img aria-describedby=\"caption-attachment-174228\" loading=\"lazy\" class=\"wp-image-174228 size-large\" src=\"https:\/\/www.medellin.gov.co\/es\/wp-content\/uploads\/2023\/04\/obras_infraestructura_3-1024x682.jpg\" alt=\"Intervenciones en la malla vial de las comunas Popular, Guayabal y Candelaria\" width=\"1024\" height=\"682\" srcset=\"https:\/\/www.medellin.gov.co\/es\/wp-content\/uploads\/2023\/04\/obras_infraestructura_3-1024x682.jpg 1024w, https:\/\/www.medellin.gov.co\/es\/wp-content\/uploads\/2023\/04\/obras_infraestructura_3-300x200.jpg 300w, https:\/\/www.medellin.gov.co\/es\/wp-content\/uploads\/2023\/04\/obras_infraestructura_3-150x100.jpg 150w, https:\/\/www.medellin.gov.co\/es\/wp-content\/uploads\/2023\/04\/obras_infraestructura_3-768x512.jpg 768w, https:\/\/www.medellin.gov.co\/es\/wp-content\/uploads\/2023\/04\/obras_infraestructura_3.jpg 1280w\" sizes=\"(max-width: 1024px) 100vw, 1024px\" \/><\/a><p id=\"caption-attachment-174228\" class=\"wp-caption-text\">Intervenciones en la malla vial de las comunas Popular, Guayabal y Candelaria<\/p><\/div>\n<p>Ahora los trabajos, que hacen parte de las estrategias de seguridad vial y de movilidad, se desplazar\u00e1n a la comuna 2 (Santa Cruz), donde se tienen reportados 134 huecos.<\/p>\n<p>\u201cEn la comuna 1 estamos tapando los huecos. Nos dieron un reporte inicial de 121 huecos. Desde que el Alcalde implement\u00f3 este trabajo en la comuna 1 nos reportaron 119 huecos m\u00e1s y en la actualidad ya llevamos 177. Vamos a terminarlos hasta cumplir con la meta establecida\u201d, explic\u00f3 el supervisor del contrato de malla vial del Distrito, Gustavo Arenas.<\/p>\n<div id=\"attachment_174229\" style=\"width: 1034px\" class=\"wp-caption alignnone\"><a href=\"https:\/\/www.medellin.gov.co\/es\/wp-content\/uploads\/2023\/04\/obras_infraestructura_2.jpg\" target=\"_blank\" rel=\"noopener\"><img aria-describedby=\"caption-attachment-174229\" loading=\"lazy\" class=\"wp-image-174229 size-large\" src=\"https:\/\/www.medellin.gov.co\/es\/wp-content\/uploads\/2023\/04\/obras_infraestructura_2-1024x768.jpg\" alt=\"Intervenciones en la malla vial de las comunas Popular, Guayabal y Candelaria\" width=\"1024\" height=\"768\" srcset=\"https:\/\/www.medellin.gov.co\/es\/wp-content\/uploads\/2023\/04\/obras_infraestructura_2-1024x768.jpg 1024w, https:\/\/www.medellin.gov.co\/es\/wp-content\/uploads\/2023\/04\/obras_infraestructura_2-300x225.jpg 300w, https:\/\/www.medellin.gov.co\/es\/wp-content\/uploads\/2023\/04\/obras_infraestructura_2-150x113.jpg 150w, https:\/\/www.medellin.gov.co\/es\/wp-content\/uploads\/2023\/04\/obras_infraestructura_2-768x576.jpg 768w, https:\/\/www.medellin.gov.co\/es\/wp-content\/uploads\/2023\/04\/obras_infraestructura_2.jpg 1280w\" sizes=\"(max-width: 1024px) 100vw, 1024px\" \/><\/a><p id=\"caption-attachment-174229\" class=\"wp-caption-text\">Intervenciones en la malla vial de las comunas Popular, Guayabal y Candelaria<\/p><\/div>\n<p><span style=\"font-size: 16px;\">Barrios como La Avanzada, Carpinelo, Granizal, Santo Domingo, Mosc\u00fa, Villa Guadalupe y San Pablo, entre otros, quedaron con sus v\u00edas en buen estado. Habitantes y conductores que transitan por el sector agradecen las intervenciones.<\/span>\u201cFeliz. Muy contento con esto porque esto reduce la accidentalidad, reduce los da\u00f1os mec\u00e1nicos en todo tipo de veh\u00edculos y da m\u00e1s fluidez\u201d, agreg\u00f3 Juan Murillo, jefe operativo de la ruta Popular 1.<\/p>\n<div id=\"attachment_174227\" style=\"width: 1034px\" class=\"wp-caption alignnone\"><a href=\"https:\/\/www.medellin.gov.co\/es\/wp-content\/uploads\/2023\/04\/obras_infraestructura_4.jpg\" target=\"_blank\" rel=\"noopener\"><img aria-describedby=\"caption-attachment-174227\" loading=\"lazy\" class=\"wp-image-174227 size-large\" src=\"https:\/\/www.medellin.gov.co\/es\/wp-content\/uploads\/2023\/04\/obras_infraestructura_4-1024x682.jpg\" alt=\"Intervenciones en la malla vial de las comunas Popular, Guayabal y Candelaria\" width=\"1024\" height=\"682\" srcset=\"https:\/\/www.medellin.gov.co\/es\/wp-content\/uploads\/2023\/04\/obras_infraestructura_4-1024x682.jpg 1024w, https:\/\/www.medellin.gov.co\/es\/wp-content\/uploads\/2023\/04\/obras_infraestructura_4-300x200.jpg 300w, https:\/\/www.medellin.gov.co\/es\/wp-content\/uploads\/2023\/04\/obras_infraestructura_4-150x100.jpg 150w, https:\/\/www.medellin.gov.co\/es\/wp-content\/uploads\/2023\/04\/obras_infraestructura_4-768x512.jpg 768w, https:\/\/www.medellin.gov.co\/es\/wp-content\/uploads\/2023\/04\/obras_infraestructura_4.jpg 1280w\" sizes=\"(max-width: 1024px) 100vw, 1024px\" \/><\/a><p id=\"caption-attachment-174227\" class=\"wp-caption-text\">Intervenciones en la malla vial de las comunas Popular, Guayabal y Candelaria<\/p><\/div>\n<p>Para este 2023 se tiene prevista la intervenci\u00f3n de unos 8.000 huecos en toda la ciudad. Los trabajos implicar\u00e1n algunos cierres parciales programados, pero sin afectar la movilidad vehicular.<\/p>\n","protected":false},"excerpt":{"rendered":"<p>200 trabajadores, acompa\u00f1ados de maquinaria pesada, siguen recorriendo la ciudad en horarios diurnos y nocturnos para mejorar la malla vial. Ahora los esfuerzos se concentrar\u00e1n en la comuna 2 (Santa Cruz), donde se tiene un &#8230;<\/p>\n","protected":false},"author":17,"featured_media":174230,"comment_status":"open","ping_status":"open","sticky":false,"template":"","format":"standard","meta":[],"categories":[11],"tags":[447,442],"formato_nota":[],"programas_tax":[],"acf":[],"_links":{"self":[{"href":"https:\/\/www.medellin.gov.co\/es\/wp-json\/wp\/v2\/posts\/174225"}],"collection":[{"href":"https:\/\/www.medellin.gov.co\/es\/wp-json\/wp\/v2\/posts"}],"about":[{"href":"https:\/\/www.medellin.gov.co\/es\/wp-json\/wp\/v2\/types\/post"}],"author":[{"embeddable":true,"href":"https:\/\/www.medellin.gov.co\/es\/wp-json\/wp\/v2\/users\/17"}],"replies":[{"embeddable":true,"href":"https:\/\/www.medellin.gov.co\/es\/wp-json\/wp\/v2\/comments?post=174225"}],"version-history":[{"count":2,"href":"https:\/\/www.medellin.gov.co\/es\/wp-json\/wp\/v2\/posts\/174225\/revisions"}],"predecessor-version":[{"id":174269,"href":"https:\/\/www.medellin.gov.co\/es\/wp-json\/wp\/v2\/posts\/174225\/revisions\/174269"}],"wp:featuredmedia":[{"embeddable":true,"href":"https:\/\/www.medellin.gov.co\/es\/wp-json\/wp\/v2\/media\/174230"}],"wp:attachment":[{"href":"https:\/\/www.medellin.gov.co\/es\/wp-json\/wp\/v2\/media?parent=174225"}],"wp:term":[{"taxonomy":"category","embeddable":true,"href":"https:\/\/www.medellin.gov.co\/es\/wp-json\/wp\/v2\/categories?post=174225"},{"taxonomy":"post_tag","embeddable":true,"href":"https:\/\/www.medellin.gov.co\/es\/wp-json\/wp\/v2\/tags?post=174225"},{"taxonomy":"formato_nota","embeddable":true,"href":"https:\/\/www.medellin.gov.co\/es\/wp-json\/wp\/v2\/formato_nota?post=174225"},{"taxonomy":"programas_tax","embeddable":true,"href":"https:\/\/www.medellin.gov.co\/es\/wp-json\/wp\/v2\/programas_tax?post=174225"}],"curies":[{"name":"wp","href":"https:\/\/api.w.org\/{rel}","templated":true}]}}