{"id":174235,"date":"2023-04-04T11:36:03","date_gmt":"2023-04-04T16:36:03","guid":{"rendered":"https:\/\/www.medellin.gov.co\/es\/?p=174235"},"modified":"2023-04-04T17:22:14","modified_gmt":"2023-04-04T22:22:14","slug":"administracion-distrital-fortalece-a-emprendedores-para-que-logren-ventas-por-mas-de-un-millon-de-dolares-e-ingresen-a-mercados-internacionales","status":"publish","type":"post","link":"https:\/\/www.medellin.gov.co\/es\/sala-de-prensa\/noticias\/administracion-distrital-fortalece-a-emprendedores-para-que-logren-ventas-por-mas-de-un-millon-de-dolares-e-ingresen-a-mercados-internacionales\/","title":{"rendered":"Administraci\u00f3n Distrital fortalece a emprendedores para que logren ventas por m\u00e1s de un mill\u00f3n de d\u00f3lares e ingresen a mercados internacionales"},"content":{"rendered":"<ul>\n<li>Diez emprendimientos apoyados por <a href=\"https:\/\/www.rutanmedellin.org\/\" target=\"_blank\" rel=\"noopener\">Ruta N<\/a> participaron en Startco, la plataforma de difusi\u00f3n de startups m\u00e1s grande de la regi\u00f3n.<\/li>\n<li>Ocho emprendedores de Medell\u00edn reciben capacitaci\u00f3n para viajar a Reino Unido, con una agenda comercial que les permita entrar al mercado europeo.<\/li>\n<li>De esta manera, se contin\u00faa impulsando el talento local para hacer de Medell\u00edn la ciudad m\u00e1s f\u00e1cil para innovar y emprender.<\/li>\n<\/ul>\n<!--[if lt IE 9]><script>document.createElement('audio');<\/script><![endif]-->\n\t<div class=\"wp-playlist wp-audio-playlist wp-playlist-light\">\n\t\t\t<div class=\"wp-playlist-current-item\"><\/div>\n\t\t<audio controls=\"controls\" preload=\"none\" width=\"640\"\n\t\t\t><\/audio>\n\t<div class=\"wp-playlist-next\"><\/div>\n\t<div class=\"wp-playlist-prev\"><\/div>\n\t<noscript>\n\t<ol>\n\t\t<li><a href='https:\/\/www.medellin.gov.co\/es\/wp-content\/uploads\/2023\/04\/Johanna-Guzman-audio.mp3'>Johanna Guzm\u00e1n (audio)<\/a><\/li><li><a href='https:\/\/www.medellin.gov.co\/es\/wp-content\/uploads\/2023\/04\/Federico-Perez-audio.mp3'>Federico P\u00e9rez (audio)<\/a><\/li>\t<\/ol>\n\t<\/noscript>\n\t<script type=\"application\/json\" class=\"wp-playlist-script\">{\"type\":\"audio\",\"tracklist\":true,\"tracknumbers\":true,\"images\":true,\"artists\":true,\"tracks\":[{\"src\":\"https:\\\/\\\/www.medellin.gov.co\\\/es\\\/wp-content\\\/uploads\\\/2023\\\/04\\\/Johanna-Guzman-audio.mp3\",\"type\":\"audio\\\/mpeg\",\"title\":\"Johanna Guzm\\u00e1n (audio)\",\"caption\":\"Palabras de Johanna Guzm\\u00e1n, articuladora del Portafolio Financiar de Ruta N\",\"description\":\"\\u00abJohanna Guzm\\u00e1n, articuladora del Portafolio Financiar de Ruta N\\u00bb. \",\"meta\":{\"year\":\"2023\",\"length_formatted\":\"0:50\"},\"image\":{\"src\":\"https:\\\/\\\/www.medellin.gov.co\\\/es\\\/wp-includes\\\/images\\\/media\\\/audio.png\",\"width\":48,\"height\":64},\"thumb\":{\"src\":\"https:\\\/\\\/www.medellin.gov.co\\\/es\\\/wp-includes\\\/images\\\/media\\\/audio.png\",\"width\":48,\"height\":64}},{\"src\":\"https:\\\/\\\/www.medellin.gov.co\\\/es\\\/wp-content\\\/uploads\\\/2023\\\/04\\\/Federico-Perez-audio.mp3\",\"type\":\"audio\\\/mpeg\",\"title\":\"Federico P\\u00e9rez (audio)\",\"caption\":\"Palabras del CEO y fundador de Platinum Capital, Federico P\\u00e9rez\",\"description\":\"\\u00abCEO y fundador de Platinum Capital, Federico P\\u00e9rez\\u00bb. \",\"meta\":{\"year\":\"2023\",\"length_formatted\":\"0:55\"},\"image\":{\"src\":\"https:\\\/\\\/www.medellin.gov.co\\\/es\\\/wp-includes\\\/images\\\/media\\\/audio.png\",\"width\":48,\"height\":64},\"thumb\":{\"src\":\"https:\\\/\\\/www.medellin.gov.co\\\/es\\\/wp-includes\\\/images\\\/media\\\/audio.png\",\"width\":48,\"height\":64}}]}<\/script>\n<\/div>\n\t\n<p>La Administraci\u00f3n Distrital, en alianza con <a href=\"https:\/\/www.rutanmedellin.org\/\" target=\"_blank\" rel=\"noopener\">Ruta N<\/a>, apoya a emprendedores de la ciudad para que logren que sus negocios ingresen al mercado internacional. En marzo, se acompa\u00f1aron diez emprendimientos de Medell\u00edn que participaron en <a href=\"https:\/\/startco.com.co\/\" target=\"_blank\" rel=\"noopener\">StartCo 2023<\/a>, la plataforma de difusi\u00f3n de startups m\u00e1s grande de la regi\u00f3n. All\u00ed, alcanzaron expectativas de ventas por m\u00e1s de un mill\u00f3n de d\u00f3lares.<\/p>\n<p>Con la asistencia a <a href=\"https:\/\/startco.com.co\/\" target=\"_blank\" rel=\"noopener\">StartCo<\/a>, los representantes de los emprendimientos buscaron tejer redes de negocios, consolidar alianzas y escuchar a los expertos para mejorar las proyecciones de sus ideas. All\u00ed, identificaron oportunidades para mejorar sus indicadores e impulsar sus negocios, gracias a la retroalimentaci\u00f3n de los inversionistas.<\/p>\n<p>Uno de los emprendimientos es <a href=\"https:\/\/www.ecosistemajaguar.com\/\" target=\"_blank\" rel=\"noopener\">Ecosistema Jaguar<\/a>, una idea que desarrolla proyectos que buscan impactos positivos en la ruralidad y en la cadena agroalimentaria de Latinoam\u00e9rica. Durante su participaci\u00f3n en <a href=\"https:\/\/startco.com.co\/\" target=\"_blank\" rel=\"noopener\">StartCo<\/a>, retom\u00f3 conversaciones con clientes antiguos y tuvo una expectativa de ventas cercanas a los $400 millones.<\/p>\n<div id=\"attachment_174237\" style=\"width: 1034px\" class=\"wp-caption alignnone\"><a href=\"https:\/\/www.medellin.gov.co\/es\/wp-content\/uploads\/2023\/04\/Emprendedores_Medellin_1.jpg\" target=\"_blank\" rel=\"noopener\"><img aria-describedby=\"caption-attachment-174237\" loading=\"lazy\" class=\"wp-image-174237 size-large\" src=\"https:\/\/www.medellin.gov.co\/es\/wp-content\/uploads\/2023\/04\/Emprendedores_Medellin_1-1024x576.jpg\" alt=\"Emprendimientos apoyados por el Distrito participaron en StartCo\" width=\"1024\" height=\"576\" srcset=\"https:\/\/www.medellin.gov.co\/es\/wp-content\/uploads\/2023\/04\/Emprendedores_Medellin_1-1024x576.jpg 1024w, https:\/\/www.medellin.gov.co\/es\/wp-content\/uploads\/2023\/04\/Emprendedores_Medellin_1-300x169.jpg 300w, https:\/\/www.medellin.gov.co\/es\/wp-content\/uploads\/2023\/04\/Emprendedores_Medellin_1-150x84.jpg 150w, https:\/\/www.medellin.gov.co\/es\/wp-content\/uploads\/2023\/04\/Emprendedores_Medellin_1-768x432.jpg 768w, https:\/\/www.medellin.gov.co\/es\/wp-content\/uploads\/2023\/04\/Emprendedores_Medellin_1.jpg 1280w\" sizes=\"(max-width: 1024px) 100vw, 1024px\" \/><\/a><p id=\"caption-attachment-174237\" class=\"wp-caption-text\">Emprendimientos apoyados por el Distrito participaron en StartCo<\/p><\/div>\n<p>\u201cUno de los resultados m\u00e1s importantes de <a href=\"https:\/\/startco.com.co\/\" target=\"_blank\" rel=\"noopener\">StartCo<\/a> es que los emprendimientos se conectaron con nuevos clientes y recibieron retroalimentaci\u00f3n de los inversionistas que visitaron su stand. Este evento es muy importante para conectar a nuestras empresas y apoyar su crecimiento dentro del ecosistema\u201d, indic\u00f3 Johanna Guzm\u00e1n, articuladora del Portafolio Financiar de <a href=\"https:\/\/www.rutanmedellin.org\/\" target=\"_blank\" rel=\"noopener\">Ruta N<\/a>.<\/p>\n<p>Igualmente, durante el mes, se hizo el evento In Country Event de LIF, que cont\u00f3 con la participaci\u00f3n de nueve iniciativas colombianas, de las cuales ocho nacieron en Medell\u00edn. Los Lifers seleccionados recibieron formaci\u00f3n intensiva por 32 horas en habilidades de negocios, asistieron a charlas de 12 conferencistas y propusieron tres soluciones innovadoras en un reto de agricultura.<\/p>\n<div id=\"attachment_174238\" style=\"width: 1034px\" class=\"wp-caption alignnone\"><a href=\"https:\/\/www.medellin.gov.co\/es\/wp-content\/uploads\/2023\/04\/Emprendedores_Medellin_2.jpg\" target=\"_blank\" rel=\"noopener\"><img aria-describedby=\"caption-attachment-174238\" loading=\"lazy\" class=\"wp-image-174238 size-large\" src=\"https:\/\/www.medellin.gov.co\/es\/wp-content\/uploads\/2023\/04\/Emprendedores_Medellin_2-1024x662.jpg\" alt=\"Emprendimientos apoyados por el Distrito participaron en StartCo\" width=\"1024\" height=\"662\" srcset=\"https:\/\/www.medellin.gov.co\/es\/wp-content\/uploads\/2023\/04\/Emprendedores_Medellin_2-1024x662.jpg 1024w, https:\/\/www.medellin.gov.co\/es\/wp-content\/uploads\/2023\/04\/Emprendedores_Medellin_2-300x194.jpg 300w, https:\/\/www.medellin.gov.co\/es\/wp-content\/uploads\/2023\/04\/Emprendedores_Medellin_2-150x97.jpg 150w, https:\/\/www.medellin.gov.co\/es\/wp-content\/uploads\/2023\/04\/Emprendedores_Medellin_2-768x496.jpg 768w, https:\/\/www.medellin.gov.co\/es\/wp-content\/uploads\/2023\/04\/Emprendedores_Medellin_2.jpg 1280w\" sizes=\"(max-width: 1024px) 100vw, 1024px\" \/><\/a><p id=\"caption-attachment-174238\" class=\"wp-caption-text\">Emprendimientos apoyados por el Distrito participaron en StartCo<\/p><\/div>\n<p>Los Lifers de Colombia siguen con su formaci\u00f3n, luego de participar en el evento y cerrar\u00e1n con una experiencia de inmersi\u00f3n en Londres, en donde conocer\u00e1n el ecosistema de innovaci\u00f3n del Reino Unido e intercambiar\u00e1n experiencias para cerrar posibles negocios y encontrar oportunidades.<\/p>\n<p>Este programa se desarrolla desde 2015, gracias a la alianza entre <a href=\"https:\/\/raeng.org.uk\/\" target=\"_blank\" rel=\"noopener\">UK Royal Academy of Engineering<\/a>, la <a href=\"https:\/\/www.gov.uk\/world\/organisations\/british-embassy-colombia.es-419\" target=\"_blank\" rel=\"noopener\">Embajada de Reino Unido en Colombia<\/a> y <a href=\"https:\/\/www.rutanmedellin.org\/\" target=\"_blank\" rel=\"noopener\">Ruta N<\/a>. Esta iniciativa internacional de aceleraci\u00f3n busca desarrollar la capacidad empresarial de investigadores e ingenieros innovadores que tengan negocios y\/o soluciones comercializables, que impacten uno de los 17 Objetivos de Desarrollo Sostenible (ODS) y que resuelvan problemas sociales y econ\u00f3micos.<\/p>\n<p>\u201cEn el programa LIF hemos tenido acceso a mentores de primer nivel, a capacitaciones y a conexiones con otros emprendedores innovadores. Estamos a la espera del evento In Country Event del Reino Unido, en donde vamos a interactuar con diferentes actores del ecosistema de este pa\u00eds: inversionistas, fondos de impacto y otros emprendedores de todo el mundo que nos ayudar\u00e1n a escalar y catalizar nuestros emprendimientos hacia el pr\u00f3ximo nivel\u201d, explic\u00f3 el CEO y fundador de Platinum Capital, Federico P\u00e9rez.<\/p>\n<p>Con <a href=\"https:\/\/startco.com.co\/\" target=\"_blank\" rel=\"noopener\">StartCo<\/a> y LIF, dos eventos acompa\u00f1ados y apoyados por <a href=\"https:\/\/www.rutanmedellin.org\/\" target=\"_blank\" rel=\"noopener\">Ruta N<\/a>, la corporaci\u00f3n sigue apost\u00e1ndole a su prop\u00f3sito superior: mejorar la calidad de vida de las y los habitantes de Medell\u00edn por medio de la ciencia, la tecnolog\u00eda y la innovaci\u00f3n.<\/p>\n","protected":false},"excerpt":{"rendered":"<p>Diez emprendimientos apoyados por Ruta N participaron en Startco, la plataforma de difusi\u00f3n de startups m\u00e1s grande de la regi\u00f3n. Ocho emprendedores de Medell\u00edn reciben capacitaci\u00f3n para viajar a Reino Unido, con una agenda comercial &#8230;<\/p>\n","protected":false},"author":17,"featured_media":174241,"comment_status":"open","ping_status":"open","sticky":false,"template":"","format":"standard","meta":[],"categories":[3,17],"tags":[433,434],"formato_nota":[],"programas_tax":[],"acf":[],"_links":{"self":[{"href":"https:\/\/www.medellin.gov.co\/es\/wp-json\/wp\/v2\/posts\/174235"}],"collection":[{"href":"https:\/\/www.medellin.gov.co\/es\/wp-json\/wp\/v2\/posts"}],"about":[{"href":"https:\/\/www.medellin.gov.co\/es\/wp-json\/wp\/v2\/types\/post"}],"author":[{"embeddable":true,"href":"https:\/\/www.medellin.gov.co\/es\/wp-json\/wp\/v2\/users\/17"}],"replies":[{"embeddable":true,"href":"https:\/\/www.medellin.gov.co\/es\/wp-json\/wp\/v2\/comments?post=174235"}],"version-history":[{"count":2,"href":"https:\/\/www.medellin.gov.co\/es\/wp-json\/wp\/v2\/posts\/174235\/revisions"}],"predecessor-version":[{"id":174276,"href":"https:\/\/www.medellin.gov.co\/es\/wp-json\/wp\/v2\/posts\/174235\/revisions\/174276"}],"wp:featuredmedia":[{"embeddable":true,"href":"https:\/\/www.medellin.gov.co\/es\/wp-json\/wp\/v2\/media\/174241"}],"wp:attachment":[{"href":"https:\/\/www.medellin.gov.co\/es\/wp-json\/wp\/v2\/media?parent=174235"}],"wp:term":[{"taxonomy":"category","embeddable":true,"href":"https:\/\/www.medellin.gov.co\/es\/wp-json\/wp\/v2\/categories?post=174235"},{"taxonomy":"post_tag","embeddable":true,"href":"https:\/\/www.medellin.gov.co\/es\/wp-json\/wp\/v2\/tags?post=174235"},{"taxonomy":"formato_nota","embeddable":true,"href":"https:\/\/www.medellin.gov.co\/es\/wp-json\/wp\/v2\/formato_nota?post=174235"},{"taxonomy":"programas_tax","embeddable":true,"href":"https:\/\/www.medellin.gov.co\/es\/wp-json\/wp\/v2\/programas_tax?post=174235"}],"curies":[{"name":"wp","href":"https:\/\/api.w.org\/{rel}","templated":true}]}}