{"id":174250,"date":"2023-04-04T11:50:24","date_gmt":"2023-04-04T16:50:24","guid":{"rendered":"https:\/\/www.medellin.gov.co\/es\/?p=174250"},"modified":"2023-04-04T11:50:43","modified_gmt":"2023-04-04T16:50:43","slug":"habitantes-de-11-comunas-conocieron-el-plan-de-mejoramiento-de-la-infraestructura-de-la-red-de-metrosalud","status":"publish","type":"post","link":"https:\/\/www.medellin.gov.co\/es\/sala-de-prensa\/noticias\/habitantes-de-11-comunas-conocieron-el-plan-de-mejoramiento-de-la-infraestructura-de-la-red-de-metrosalud\/","title":{"rendered":"Habitantes de 11 comunas conocieron el plan de mejoramiento de la infraestructura de la red de Metrosalud"},"content":{"rendered":"<ul>\n<li>35 profesionales en diferentes \u00e1reas hacen parte del equipo de vigencias futuras para el convenio de la red hospitalaria de <a href=\"http:\/\/www.metrosalud.gov.co\/\" target=\"_blank\" rel=\"noopener\">Metrosalud<\/a>.<\/li>\n<li>A la fecha, se han hecho 16 socializaciones del proyecto en 9 comunas y 2 corregimientos para l\u00edderes, presidentes y miembros de las Juntas de Acci\u00f3n Comunal y Juntas Administradoras Locales.<\/li>\n<li>$75.000 millones en vigencias futuras ser\u00e1n invertidos en 10 unidades hospitalarias, 43 centros de salud y 2 sedes administrativas de las 16 comunas y los 5 corregimientos del Distrito.<\/li>\n<\/ul>\n<!--[if lt IE 9]><script>document.createElement('audio');<\/script><![endif]-->\n\t<div class=\"wp-playlist wp-audio-playlist wp-playlist-light\">\n\t\t\t<div class=\"wp-playlist-current-item\"><\/div>\n\t\t<audio controls=\"controls\" preload=\"none\" width=\"640\"\n\t\t\t><\/audio>\n\t<div class=\"wp-playlist-next\"><\/div>\n\t<div class=\"wp-playlist-prev\"><\/div>\n\t<noscript>\n\t<ol>\n\t\t<li><a href='https:\/\/www.medellin.gov.co\/es\/wp-content\/uploads\/2023\/04\/Audio-Valentina-Sosa-Carvajal-Gerente-de-la-ESE-Metrosalud.mp3'>Audio-Valentina Sosa Carvajal, Gerente de la ESE Metrosalud<\/a><\/li><li><a href='https:\/\/www.medellin.gov.co\/es\/wp-content\/uploads\/2023\/04\/Audio-subgerente-EDU-Margarita-Contreras.mp3'>Audio subgerente EDU, Margarita Contreras<\/a><\/li><li><a href='https:\/\/www.medellin.gov.co\/es\/wp-content\/uploads\/2023\/04\/Audio-Estefany-Maya-habitante-Guayabal.mp3'>Audio Estefany Maya, habitante Guayabal<\/a><\/li>\t<\/ol>\n\t<\/noscript>\n\t<script type=\"application\/json\" class=\"wp-playlist-script\">{\"type\":\"audio\",\"tracklist\":true,\"tracknumbers\":true,\"images\":true,\"artists\":true,\"tracks\":[{\"src\":\"https:\\\/\\\/www.medellin.gov.co\\\/es\\\/wp-content\\\/uploads\\\/2023\\\/04\\\/Audio-Valentina-Sosa-Carvajal-Gerente-de-la-ESE-Metrosalud.mp3\",\"type\":\"audio\\\/mpeg\",\"title\":\"Audio-Valentina Sosa Carvajal, Gerente de la ESE Metrosalud\",\"caption\":\"Palabras de la gerente de la E.S.E. Metrosalud, Valentina Sosa Carvajal.\",\"description\":\"\\u00abGerente de la E.S.E. Metrosalud, Valentina Sosa Carvajal\\u00bb. \",\"meta\":{\"year\":\"2023\",\"length_formatted\":\"0:37\"},\"image\":{\"src\":\"https:\\\/\\\/www.medellin.gov.co\\\/es\\\/wp-includes\\\/images\\\/media\\\/audio.png\",\"width\":48,\"height\":64},\"thumb\":{\"src\":\"https:\\\/\\\/www.medellin.gov.co\\\/es\\\/wp-includes\\\/images\\\/media\\\/audio.png\",\"width\":48,\"height\":64}},{\"src\":\"https:\\\/\\\/www.medellin.gov.co\\\/es\\\/wp-content\\\/uploads\\\/2023\\\/04\\\/Audio-subgerente-EDU-Margarita-Contreras.mp3\",\"type\":\"audio\\\/mpeg\",\"title\":\"Audio subgerente EDU, Margarita Contreras\",\"caption\":\"Palabras de la subgerente de Ejecuci\\u00f3n de Proyectos de la EDU, Margarita Contreras\",\"description\":\"\\u00abSubgerente de Ejecuci\\u00f3n de Proyectos de la EDU, Margarita Contreras\\u00bb.\",\"meta\":{\"length_formatted\":\"0:40\"},\"image\":{\"src\":\"https:\\\/\\\/www.medellin.gov.co\\\/es\\\/wp-includes\\\/images\\\/media\\\/audio.png\",\"width\":48,\"height\":64},\"thumb\":{\"src\":\"https:\\\/\\\/www.medellin.gov.co\\\/es\\\/wp-includes\\\/images\\\/media\\\/audio.png\",\"width\":48,\"height\":64}},{\"src\":\"https:\\\/\\\/www.medellin.gov.co\\\/es\\\/wp-content\\\/uploads\\\/2023\\\/04\\\/Audio-Estefany-Maya-habitante-Guayabal.mp3\",\"type\":\"audio\\\/mpeg\",\"title\":\"Audio Estefany Maya, habitante Guayabal\",\"caption\":\"Palabras de Estefany Maya, habitante de Guayabal\",\"description\":\"\\u00abEstefany Maya, habitante de Guayabal\\u00bb.\",\"meta\":{\"length_formatted\":\"1:22\"},\"image\":{\"src\":\"https:\\\/\\\/www.medellin.gov.co\\\/es\\\/wp-includes\\\/images\\\/media\\\/audio.png\",\"width\":48,\"height\":64},\"thumb\":{\"src\":\"https:\\\/\\\/www.medellin.gov.co\\\/es\\\/wp-includes\\\/images\\\/media\\\/audio.png\",\"width\":48,\"height\":64}}]}<\/script>\n<\/div>\n\t\n<p>Previo al inicio de las obras del plan de mejoramiento de la red hospitalaria de <a href=\"http:\/\/www.metrosalud.gov.co\/\" target=\"_blank\" rel=\"noopener\">Metrosalud<\/a>, la <a href=\"https:\/\/www.medellin.gov.co\/es\/secretaria-de-salud\/\" target=\"_blank\" rel=\"noopener\">Secretar\u00eda de Salud<\/a> y la <a href=\"https:\/\/www.edu.gov.co\/\" target=\"_blank\" rel=\"noopener\">Empresa de Desarrollo Urbano (EDU)<\/a> avanzan con socializaciones en las comunas y corregimientos del Distrito. A la fecha, se han adelantado 16 jornadas en las zonas de influencia de la red en las que se informa a la comunidad sobre las intervenciones que se har\u00e1n en los 55 puntos de atenci\u00f3n, distribuidos en 10 unidades hospitalarias, 43 centros de salud y 2 sedes administrativas.<\/p>\n<p>L\u00edderes comunitarios, presidentes y miembros de las Juntas de Acci\u00f3n Comunal y Juntas Administradoras Locales de las comunas 5-Castilla, 6-Doce de Octubre, 7-Robledo, 8-Villa Hermosa, 9-Buenos Aires, 10-La Candelaria, 11-Laureles\/Estadio, 13-San Javier y 15-Guayabal, y los corregimientos Palmitas y San Crist\u00f3bal, ya conocieron el cronograma.<\/p>\n<p>\u201cMe parecen muy importantes estos espacios de socializaci\u00f3n para que la comunidad conozca el impacto que van a tener estos proyectos. Las mejoras que se le van a hacer al centro de salud de Guayabal son adecuaciones que la comunidad ha venido pidiendo hace much\u00edsimos a\u00f1os, sobre todo en esta zona en donde hay una poblaci\u00f3n tan grande\u201d, destac\u00f3 Estefany Maya, habitante de Guayabal.<\/p>\n<div id=\"attachment_174251\" style=\"width: 1034px\" class=\"wp-caption alignnone\"><a href=\"https:\/\/www.medellin.gov.co\/es\/wp-content\/uploads\/2023\/04\/infraestructura_salud_2.jpg\" target=\"_blank\" rel=\"noopener\"><img aria-describedby=\"caption-attachment-174251\" loading=\"lazy\" class=\"wp-image-174251 size-large\" src=\"https:\/\/www.medellin.gov.co\/es\/wp-content\/uploads\/2023\/04\/infraestructura_salud_2-1024x576.jpg\" alt=\"\" width=\"1024\" height=\"576\" srcset=\"https:\/\/www.medellin.gov.co\/es\/wp-content\/uploads\/2023\/04\/infraestructura_salud_2-1024x576.jpg 1024w, https:\/\/www.medellin.gov.co\/es\/wp-content\/uploads\/2023\/04\/infraestructura_salud_2-300x169.jpg 300w, https:\/\/www.medellin.gov.co\/es\/wp-content\/uploads\/2023\/04\/infraestructura_salud_2-150x84.jpg 150w, https:\/\/www.medellin.gov.co\/es\/wp-content\/uploads\/2023\/04\/infraestructura_salud_2-768x432.jpg 768w, https:\/\/www.medellin.gov.co\/es\/wp-content\/uploads\/2023\/04\/infraestructura_salud_2.jpg 1280w\" sizes=\"(max-width: 1024px) 100vw, 1024px\" \/><\/a><p id=\"caption-attachment-174251\" class=\"wp-caption-text\">Socializaci\u00f3n plan de mejoramiento de la infraestructura de la red de Metrosalud<\/p><\/div>\n<p>La subgerente de Ejecuci\u00f3n de Proyectos de la <a href=\"https:\/\/www.edu.gov.co\/\">EDU<\/a>, Margarita Contreras, se\u00f1al\u00f3 que son varios frentes de trabajo activos, que contemplaron visitas a las 55 sedes a intervenir, actualizaci\u00f3n y elaboraci\u00f3n de diagn\u00f3sticos, y socializaciones en los territorios; actividades previas a los inicios de obra.<\/p>\n<p>\u201cTenemos un gran equipo conformado por 35 profesionales de diferentes perfiles para el trabajo social y la supervisi\u00f3n de todas las ejecuciones. Ya tenemos un primer paquete de obras adjudicado y, en los pr\u00f3ximos d\u00edas, iniciaremos las intervenciones en siete sedes\u201d, asegur\u00f3 la subgerente.<\/p>\n<p>Adem\u00e1s del convenio con la EDU, la Secretar\u00eda de Salud tiene otro contrato con <a href=\"http:\/\/www.metrosalud.gov.co\/\" target=\"_blank\" rel=\"noopener\">Metrosalud<\/a> de vigencias futuras por $8.300 millones. Con estos recursos, ya se han hecho intervenciones en 35 ascensores de 20 sedes, fumigaciones en 54, mantenimiento de aires acondicionados en 24 y mantenimiento de zonas verdes en 38 lugares que lo requer\u00edan.<\/p>\n<p>\u201cEstas obras iniciales benefician a unas 600.000 personas, para garantizar una atenci\u00f3n oportuna y de calidad\u201d, expres\u00f3 la gerente de la <a href=\"http:\/\/www.metrosalud.gov.co\/\" target=\"_blank\" rel=\"noopener\">E.S.E. Metrosalud<\/a>, Valentina Sosa Carvajal.<\/p>\n<p>Para este plan de mejoramiento de la infraestructura de la red hospitalaria p\u00fablica, el Distrito gestion\u00f3 recursos por $83.800 millones.<\/p>\n","protected":false},"excerpt":{"rendered":"<p>35 profesionales en diferentes \u00e1reas hacen parte del equipo de vigencias futuras para el convenio de la red hospitalaria de Metrosalud. A la fecha, se han hecho 16 socializaciones del proyecto en 9 comunas y &#8230;<\/p>\n","protected":false},"author":17,"featured_media":174252,"comment_status":"open","ping_status":"open","sticky":false,"template":"","format":"standard","meta":[],"categories":[18,17],"tags":[451,435,442],"formato_nota":[],"programas_tax":[],"acf":[],"_links":{"self":[{"href":"https:\/\/www.medellin.gov.co\/es\/wp-json\/wp\/v2\/posts\/174250"}],"collection":[{"href":"https:\/\/www.medellin.gov.co\/es\/wp-json\/wp\/v2\/posts"}],"about":[{"href":"https:\/\/www.medellin.gov.co\/es\/wp-json\/wp\/v2\/types\/post"}],"author":[{"embeddable":true,"href":"https:\/\/www.medellin.gov.co\/es\/wp-json\/wp\/v2\/users\/17"}],"replies":[{"embeddable":true,"href":"https:\/\/www.medellin.gov.co\/es\/wp-json\/wp\/v2\/comments?post=174250"}],"version-history":[{"count":2,"href":"https:\/\/www.medellin.gov.co\/es\/wp-json\/wp\/v2\/posts\/174250\/revisions"}],"predecessor-version":[{"id":174272,"href":"https:\/\/www.medellin.gov.co\/es\/wp-json\/wp\/v2\/posts\/174250\/revisions\/174272"}],"wp:featuredmedia":[{"embeddable":true,"href":"https:\/\/www.medellin.gov.co\/es\/wp-json\/wp\/v2\/media\/174252"}],"wp:attachment":[{"href":"https:\/\/www.medellin.gov.co\/es\/wp-json\/wp\/v2\/media?parent=174250"}],"wp:term":[{"taxonomy":"category","embeddable":true,"href":"https:\/\/www.medellin.gov.co\/es\/wp-json\/wp\/v2\/categories?post=174250"},{"taxonomy":"post_tag","embeddable":true,"href":"https:\/\/www.medellin.gov.co\/es\/wp-json\/wp\/v2\/tags?post=174250"},{"taxonomy":"formato_nota","embeddable":true,"href":"https:\/\/www.medellin.gov.co\/es\/wp-json\/wp\/v2\/formato_nota?post=174250"},{"taxonomy":"programas_tax","embeddable":true,"href":"https:\/\/www.medellin.gov.co\/es\/wp-json\/wp\/v2\/programas_tax?post=174250"}],"curies":[{"name":"wp","href":"https:\/\/api.w.org\/{rel}","templated":true}]}}