{"id":179101,"date":"2023-04-19T21:26:51","date_gmt":"2023-04-20T02:26:51","guid":{"rendered":"https:\/\/www.medellin.gov.co\/es\/?p=179101"},"modified":"2023-04-19T21:26:51","modified_gmt":"2023-04-20T02:26:51","slug":"con-reconocimientos-por-su-gestion-la-alcaldia-de-medellin-conmemoro-el-dia-clasico-a-los-agentes-de-transito","status":"publish","type":"post","link":"https:\/\/www.medellin.gov.co\/es\/sala-de-prensa\/noticias\/con-reconocimientos-por-su-gestion-la-alcaldia-de-medellin-conmemoro-el-dia-clasico-a-los-agentes-de-transito\/","title":{"rendered":"Con reconocimientos por su gesti\u00f3n, la Alcald\u00eda de Medell\u00edn conmemor\u00f3 el d\u00eda cl\u00e1sico a los agentes de tr\u00e1nsito"},"content":{"rendered":"<ul>\n<li>564 hombres y mujeres componen el Cuerpo de Agentes de Tr\u00e1nsito de la ciudad.<\/li>\n<li>Durante la fecha se entregaron doce condecoraciones.<\/li>\n<\/ul>\n<!--[if lt IE 9]><script>document.createElement('audio');<\/script><![endif]-->\n\t<div class=\"wp-playlist wp-audio-playlist wp-playlist-light\">\n\t\t\t<div class=\"wp-playlist-current-item\"><\/div>\n\t\t<audio controls=\"controls\" preload=\"none\" width=\"640\"\n\t\t\t><\/audio>\n\t<div class=\"wp-playlist-next\"><\/div>\n\t<div class=\"wp-playlist-prev\"><\/div>\n\t<noscript>\n\t<ol>\n\t\t<li><a href='https:\/\/www.medellin.gov.co\/es\/wp-content\/uploads\/2023\/04\/dia-del-agente.mp3'>Palabras de Juan Pablo Ram\u00edrez, secretario de Gobierno y Gesti\u00f3n del Gabinete.<\/a><\/li>\t<\/ol>\n\t<\/noscript>\n\t<script type=\"application\/json\" class=\"wp-playlist-script\">{\"type\":\"audio\",\"tracklist\":true,\"tracknumbers\":true,\"images\":true,\"artists\":true,\"tracks\":[{\"src\":\"https:\\\/\\\/www.medellin.gov.co\\\/es\\\/wp-content\\\/uploads\\\/2023\\\/04\\\/dia-del-agente.mp3\",\"type\":\"audio\\\/mpeg\",\"title\":\"Palabras de Juan Pablo Ram\\u00edrez, secretario de Gobierno y Gesti\\u00f3n del Gabinete.\",\"caption\":\"\",\"description\":\"Palabras de Juan Pablo Ram\\u00edrez, secretario de Gobierno y Gesti\\u00f3n del Gabinete.\",\"meta\":{\"year\":\"2023\",\"length_formatted\":\"0:51\"},\"image\":{\"src\":\"https:\\\/\\\/www.medellin.gov.co\\\/es\\\/wp-includes\\\/images\\\/media\\\/audio.png\",\"width\":48,\"height\":64},\"thumb\":{\"src\":\"https:\\\/\\\/www.medellin.gov.co\\\/es\\\/wp-includes\\\/images\\\/media\\\/audio.png\",\"width\":48,\"height\":64}}]}<\/script>\n<\/div>\n\t\n<p><span style=\"font-weight: 400;\">La Administraci\u00f3n Distrital celebr\u00f3 los 51 a\u00f1os de labores de los agentes de tr\u00e1nsito, con una ceremonia en la que los servidores p\u00fablicos fueron galardonados por sus actos notables de valor, su rol con la comunidad y su desempe\u00f1o en el cargo.<\/span><\/p>\n<p><span style=\"font-weight: 400;\">Actualmente, el Cuerpo de Agentes de Tr\u00e1nsito de Medell\u00edn est\u00e1 conformado por 564 hombres y mujeres que contribuyen al mejoramiento de la movilidad para todos los actores viales, a trav\u00e9s del control del tr\u00e1nsito y el transporte, adem\u00e1s de la promoci\u00f3n de los derechos y deberes en la v\u00eda. Gracias a su labor, la Secretar\u00eda de Movilidad ha realizado este a\u00f1o 1.823 operativos de control a estacionamiento irregular, embriaguez, velocidad, transporte informal, piques y pico y placa. <\/span><span style=\"font-weight: 400;\"><br \/>\n<\/span><span style=\"font-weight: 400;\"><br \/>\n<\/span><i><span style=\"font-weight: 400;\">\u201c<\/span><\/i><i><span style=\"font-weight: 400;\">Hemos reconocido a 12 agentes que con sus valores, trabajo y entrega todos los d\u00edas ayudan a que millones de ciudadanos, que se mueven en nuestro territorio, lleguen sanos y salvos y se protejan las vidas de quienes est\u00e1n en las v\u00edas. El llamado es a que los respetemos, entendiendo el valor y la importancia de su funci\u00f3n, porque con ellos construimos la Medell\u00edn Futuro\u201d<\/span><\/i><span style=\"font-weight: 400;\">, manifest\u00f3 el secretario de Gobierno, Juan Pablo Ram\u00edrez \u00c1lvarez.<\/span><\/p>\n<p><span style=\"font-weight: 400;\">Durante la celebraci\u00f3n fueron condecorados 12 servidores por sus meritorias acciones. En la categor\u00eda Mejor Agente de Tr\u00e1nsito fue exaltado Luis Alfonso Gonz\u00e1lez Mira y como Mejor Supervisor se destac\u00f3 a Jhon Jairo V\u00e9lez Cossio.<\/span><span style=\"font-weight: 400;\"><br \/>\n<\/span><\/p>\n<div id=\"attachment_179108\" style=\"width: 1210px\" class=\"wp-caption alignnone\"><a href=\"https:\/\/www.medellin.gov.co\/es\/wp-content\/uploads\/2023\/04\/dia-del-agente-2.jpg\" target=\"_blank\" rel=\"noopener\"><img aria-describedby=\"caption-attachment-179108\" loading=\"lazy\" class=\"wp-image-179108 size-full\" title=\"D\u00eda del agente\" src=\"https:\/\/www.medellin.gov.co\/es\/wp-content\/uploads\/2023\/04\/dia-del-agente-2.jpg\" alt=\"D\u00eda del agente\" width=\"1200\" height=\"675\" srcset=\"https:\/\/www.medellin.gov.co\/es\/wp-content\/uploads\/2023\/04\/dia-del-agente-2.jpg 1200w, https:\/\/www.medellin.gov.co\/es\/wp-content\/uploads\/2023\/04\/dia-del-agente-2-300x169.jpg 300w, https:\/\/www.medellin.gov.co\/es\/wp-content\/uploads\/2023\/04\/dia-del-agente-2-1024x576.jpg 1024w, https:\/\/www.medellin.gov.co\/es\/wp-content\/uploads\/2023\/04\/dia-del-agente-2-150x84.jpg 150w, https:\/\/www.medellin.gov.co\/es\/wp-content\/uploads\/2023\/04\/dia-del-agente-2-768x432.jpg 768w\" sizes=\"(max-width: 1200px) 100vw, 1200px\" \/><\/a><p id=\"caption-attachment-179108\" class=\"wp-caption-text\">D\u00eda del agente &#8211; Foto: Alcald\u00eda de Medell\u00edn<\/p><\/div>\n<p><span style=\"font-weight: 400;\">Por otra parte, los Mejores Agentes Por Actos Notables de Valor fueron Rub\u00e9n Dar\u00edo Montes Osorio, Franklin Alexander Villalobos Piedrah\u00edta, Jos\u00e9 Fernando Zuluaga Escobar, Astrid Lorena Vel\u00e1squez Rodr\u00edguez y Carlos Arturo Restrepo Ospina.<\/span><\/p>\n<p><span style=\"font-weight: 400;\">Finalmente, los Mejores Agentes de la Comunidad fueron Diomar V\u00e1squez Atehort\u00faa, Ever Alonso Pe\u00f1a Mart\u00ednez, Camilo Andr\u00e9s D\u00e1vila P\u00e9rez, Catalina Andrea Mej\u00eda Zapata y Juan Carlos Valencia D\u00edaz. <\/span><span style=\"font-weight: 400;\"><br \/>\n<\/span><span style=\"font-weight: 400;\"><br \/>\n<\/span><i><span style=\"font-weight: 400;\">\u201cPara m\u00ed es placentero el reconocimiento como Mejor Supervisor de los agentes de tr\u00e1nsito. 37 a\u00f1os dedicado a esta labor que llevo en mi coraz\u00f3n, con todo el empe\u00f1o, con toda la dedicaci\u00f3n, con toda la honestidad, con todo el sentido de pertenencia. Igualmente, es el reconocimiento a 51 a\u00f1os en los que hemos ofrecido lo mejor de nosotros\u201d<\/span><\/i><span style=\"font-weight: 400;\">, expres\u00f3 el subcomandante (e) de los agentes de tr\u00e1nsito,<\/span><span style=\"font-weight: 400;\"> Jhon Jairo V\u00e9lez Cossio.\u00a0<\/span><\/p>\n<p><span style=\"font-weight: 400;\">Con un promedio de 21:06 minutos, en 2023 se ha reducido el tiempo de respuesta de los agentes de tr\u00e1nsito a los incidentes viales. Los tiempos registrados mensualmente est\u00e1n por debajo del promedio al finalizar 2022, que fue de 27:48 minutos.<\/span><span style=\"font-weight: 400;\"><br \/>\n<\/span><\/p>\n<p><span style=\"font-weight: 400;\">Con el mismo objetivo del d\u00eda 1, los agentes promueven una movilidad segura para todos los actores viales desde la estrategia de Visi\u00f3n Cero, que articula a todos los profesionales y t\u00e9cnicos que trabajan por el cuidado de la vida en las v\u00edas.<\/span><\/p>\n<p><span style=\"font-weight: 400;\">Esta efem\u00e9ride se conmemora para exaltar las labores de los primeros 17 guardas municipales de Medell\u00edn, que entraron en funciones mediante el Acuerdo 12 del 6 de septiembre de 1971. Para entonces, estas personas hac\u00edan un curso de 30 d\u00edas y se dedicaban a educar y no a sancionar. <\/span><\/p>\n","protected":false},"excerpt":{"rendered":"<p>564 hombres y mujeres componen el Cuerpo de Agentes de Tr\u00e1nsito de la ciudad. Durante la fecha se entregaron doce condecoraciones. La Administraci\u00f3n Distrital celebr\u00f3 los 51 a\u00f1os de labores de los agentes de tr\u00e1nsito, &#8230;<\/p>\n","protected":false},"author":4,"featured_media":179107,"comment_status":"open","ping_status":"open","sticky":false,"template":"","format":"standard","meta":[],"categories":[14],"tags":[428,447],"formato_nota":[],"programas_tax":[],"acf":[],"_links":{"self":[{"href":"https:\/\/www.medellin.gov.co\/es\/wp-json\/wp\/v2\/posts\/179101"}],"collection":[{"href":"https:\/\/www.medellin.gov.co\/es\/wp-json\/wp\/v2\/posts"}],"about":[{"href":"https:\/\/www.medellin.gov.co\/es\/wp-json\/wp\/v2\/types\/post"}],"author":[{"embeddable":true,"href":"https:\/\/www.medellin.gov.co\/es\/wp-json\/wp\/v2\/users\/4"}],"replies":[{"embeddable":true,"href":"https:\/\/www.medellin.gov.co\/es\/wp-json\/wp\/v2\/comments?post=179101"}],"version-history":[{"count":1,"href":"https:\/\/www.medellin.gov.co\/es\/wp-json\/wp\/v2\/posts\/179101\/revisions"}],"predecessor-version":[{"id":179110,"href":"https:\/\/www.medellin.gov.co\/es\/wp-json\/wp\/v2\/posts\/179101\/revisions\/179110"}],"wp:featuredmedia":[{"embeddable":true,"href":"https:\/\/www.medellin.gov.co\/es\/wp-json\/wp\/v2\/media\/179107"}],"wp:attachment":[{"href":"https:\/\/www.medellin.gov.co\/es\/wp-json\/wp\/v2\/media?parent=179101"}],"wp:term":[{"taxonomy":"category","embeddable":true,"href":"https:\/\/www.medellin.gov.co\/es\/wp-json\/wp\/v2\/categories?post=179101"},{"taxonomy":"post_tag","embeddable":true,"href":"https:\/\/www.medellin.gov.co\/es\/wp-json\/wp\/v2\/tags?post=179101"},{"taxonomy":"formato_nota","embeddable":true,"href":"https:\/\/www.medellin.gov.co\/es\/wp-json\/wp\/v2\/formato_nota?post=179101"},{"taxonomy":"programas_tax","embeddable":true,"href":"https:\/\/www.medellin.gov.co\/es\/wp-json\/wp\/v2\/programas_tax?post=179101"}],"curies":[{"name":"wp","href":"https:\/\/api.w.org\/{rel}","templated":true}]}}