{"id":191018,"date":"2023-04-28T15:37:33","date_gmt":"2023-04-28T20:37:33","guid":{"rendered":"https:\/\/www.medellin.gov.co\/es\/?p=191018"},"modified":"2023-04-28T15:37:33","modified_gmt":"2023-04-28T20:37:33","slug":"con-pmu-permanente-y-un-dispositivo-de-policia-y-ejercito-medellin-esta-lista-para-la-movilizacion-del-dia-del-trabajo","status":"publish","type":"post","link":"https:\/\/www.medellin.gov.co\/es\/sala-de-prensa\/noticias\/con-pmu-permanente-y-un-dispositivo-de-policia-y-ejercito-medellin-esta-lista-para-la-movilizacion-del-dia-del-trabajo\/","title":{"rendered":"Con PMU permanente y un dispositivo de Polic\u00eda y Ej\u00e9rcito, Medell\u00edn est\u00e1 lista para la movilizaci\u00f3n del D\u00eda del Trabajo"},"content":{"rendered":"<ul>\n<li>Para el acompa\u00f1amiento se contar\u00e1 tambi\u00e9n con 50 gestores de la Alcald\u00eda de Medell\u00edn.<\/li>\n<li>Se espera que las marchas programadas sean multitudinarias y se concentren en el centro de la ciudad.<\/li>\n<\/ul>\n<!--[if lt IE 9]><script>document.createElement('audio');<\/script><![endif]-->\n\t<div class=\"wp-playlist wp-audio-playlist wp-playlist-light\">\n\t\t\t<div class=\"wp-playlist-current-item\"><\/div>\n\t\t<audio controls=\"controls\" preload=\"none\" width=\"640\"\n\t\t\t><\/audio>\n\t<div class=\"wp-playlist-next\"><\/div>\n\t<div class=\"wp-playlist-prev\"><\/div>\n\t<noscript>\n\t<ol>\n\t\t<li><a href='https:\/\/www.medellin.gov.co\/es\/wp-content\/uploads\/2023\/04\/Alcalde-Movilizacion-Dia-del-Trabajo-01.mp3'>Palabras de Daniel Quintero Calle, alcalde de Medell\u00edn<\/a><\/li>\t<\/ol>\n\t<\/noscript>\n\t<script type=\"application\/json\" class=\"wp-playlist-script\">{\"type\":\"audio\",\"tracklist\":true,\"tracknumbers\":true,\"images\":true,\"artists\":true,\"tracks\":[{\"src\":\"https:\\\/\\\/www.medellin.gov.co\\\/es\\\/wp-content\\\/uploads\\\/2023\\\/04\\\/Alcalde-Movilizacion-Dia-del-Trabajo-01.mp3\",\"type\":\"audio\\\/mpeg\",\"title\":\"Palabras de Daniel Quintero Calle, alcalde de Medell\\u00edn\",\"caption\":\"\",\"description\":\"\\u00abPalabras de Daniel Quintero Calle, alcalde de Medell\\u00edn\\u00bb.\",\"meta\":{\"length_formatted\":\"0:56\"},\"image\":{\"src\":\"https:\\\/\\\/www.medellin.gov.co\\\/es\\\/wp-includes\\\/images\\\/media\\\/audio.png\",\"width\":48,\"height\":64},\"thumb\":{\"src\":\"https:\\\/\\\/www.medellin.gov.co\\\/es\\\/wp-includes\\\/images\\\/media\\\/audio.png\",\"width\":48,\"height\":64}}]}<\/script>\n<\/div>\n\t\n<p>Con un dispositivo coordinado y articulado desde el Puesto de Mando Unificado (PMU), que se instalar\u00e1 a las 8:00 a.m., la Alcald\u00eda de Medell\u00edn, todas las entidades de seguridad, emergencias y organismos de vigilancia y control, acompa\u00f1ar\u00e1n la marcha programada para el 1 de mayo por la conmemoraci\u00f3n del D\u00eda del Trabajo.<\/p>\n<p>Para el normal desarrollo de esta actividad, la Polic\u00eda Metropolitana prev\u00e9 tener aproximadamente 1.000 uniformados de varias especialidades, adem\u00e1s de toda la tecnolog\u00eda del Sistema Integrado de Emergencias y Seguridad.<\/p>\n<p>\u201c<em>La Alcald\u00eda de Medell\u00edn est\u00e1 monitoreando las marchas con el apoyo de la Polic\u00eda Metropolitana, con cerca de 1.000 polic\u00edas dispuestos. Las de este 28 de abril se desarrollaron con calma\u00a0 y como siempre vamos a estar atentos para la pr\u00f3xima del primero de mayo. Esta ciudad tiene a\u00fan algo muy bonito para decir y es que en todas las marchas que hemos tenido, las m\u00e1s dif\u00edciles en 50 a\u00f1os, no hemos tenido un solo muerto<\/em>\u201d, dijo el Alcalde Distrital, Daniel Quintero Calle.<\/p>\n<div id=\"attachment_191036\" style=\"width: 1290px\" class=\"wp-caption alignnone\"><a href=\"https:\/\/www.medellin.gov.co\/es\/wp-content\/uploads\/2023\/04\/Movilizacion-Dia-del-Trabajo-2.jpg\" target=\"_blank\" rel=\"noopener\"><img aria-describedby=\"caption-attachment-191036\" loading=\"lazy\" class=\"wp-image-191036 size-full\" title=\"Con PMU permanente y un dispositivo de Polic\u00eda y Ej\u00e9rcito, Medell\u00edn est\u00e1 lista para la movilizaci\u00f3n del D\u00eda del Trabajo\" src=\"https:\/\/www.medellin.gov.co\/es\/wp-content\/uploads\/2023\/04\/Movilizacion-Dia-del-Trabajo-2.jpg\" alt=\"Con PMU permanente y un dispositivo de Polic\u00eda y Ej\u00e9rcito, Medell\u00edn est\u00e1 lista para la movilizaci\u00f3n del D\u00eda del Trabajo\" width=\"1280\" height=\"853\" srcset=\"https:\/\/www.medellin.gov.co\/es\/wp-content\/uploads\/2023\/04\/Movilizacion-Dia-del-Trabajo-2.jpg 1280w, https:\/\/www.medellin.gov.co\/es\/wp-content\/uploads\/2023\/04\/Movilizacion-Dia-del-Trabajo-2-300x200.jpg 300w, https:\/\/www.medellin.gov.co\/es\/wp-content\/uploads\/2023\/04\/Movilizacion-Dia-del-Trabajo-2-1024x682.jpg 1024w, https:\/\/www.medellin.gov.co\/es\/wp-content\/uploads\/2023\/04\/Movilizacion-Dia-del-Trabajo-2-150x100.jpg 150w, https:\/\/www.medellin.gov.co\/es\/wp-content\/uploads\/2023\/04\/Movilizacion-Dia-del-Trabajo-2-768x512.jpg 768w\" sizes=\"(max-width: 1280px) 100vw, 1280px\" \/><\/a><p id=\"caption-attachment-191036\" class=\"wp-caption-text\">Con PMU permanente y un dispositivo de Polic\u00eda y Ej\u00e9rcito, Medell\u00edn est\u00e1 lista para la movilizaci\u00f3n del D\u00eda del Trabajo &#8211; Foto Alcald\u00eda de Medell\u00edn<\/p><\/div>\n<p>Las autoridades tienen como premisa garantizar el derecho a marchar, pero igualmente proteger los bienes p\u00fablicos y garantizar el derecho a la movilidad de los ciudadanos. El ej\u00e9rcito Nacional tendr\u00e1 disponibles 270 efectivos que har\u00e1n presencia, principalmente en las comunas de la zona Nororiental y Noroccidental de la ciudad.<\/p>\n<p>La movilizaci\u00f3n, que se espera sea masiva, inicia a las 9:00 a.m. desde la instituci\u00f3n educativa CASD, en Castilla, pasando por el Puente del Mico hasta llegar al Parque de los Deseos.<\/p>\n<p>El recorrido adem\u00e1s, contar\u00e1 con la presencia de 50 gestores de la Administraci\u00f3n Distrital, y funcionarios de la Personer\u00eda de Medell\u00edn, quienes velar\u00e1n por el buen comportamiento de los asistentes y la prevenci\u00f3n ante posibles hechos de vandalismo.<\/p>\n<p>La recomendaci\u00f3n para los ciudadanos es evitar el desplazamiento por estos sectores en veh\u00edculos particulares durante el desarrollo de la jornada. La mejor opci\u00f3n es el transporte p\u00fablico.<\/p>\n","protected":false},"excerpt":{"rendered":"<p>Para el acompa\u00f1amiento se contar\u00e1 tambi\u00e9n con 50 gestores de la Alcald\u00eda de Medell\u00edn. Se espera que las marchas programadas sean multitudinarias y se concentren en el centro de la ciudad. Con un dispositivo coordinado &#8230;<\/p>\n","protected":false},"author":21,"featured_media":191039,"comment_status":"open","ping_status":"open","sticky":false,"template":"","format":"standard","meta":[],"categories":[1,21],"tags":[619],"formato_nota":[],"programas_tax":[],"acf":[],"_links":{"self":[{"href":"https:\/\/www.medellin.gov.co\/es\/wp-json\/wp\/v2\/posts\/191018"}],"collection":[{"href":"https:\/\/www.medellin.gov.co\/es\/wp-json\/wp\/v2\/posts"}],"about":[{"href":"https:\/\/www.medellin.gov.co\/es\/wp-json\/wp\/v2\/types\/post"}],"author":[{"embeddable":true,"href":"https:\/\/www.medellin.gov.co\/es\/wp-json\/wp\/v2\/users\/21"}],"replies":[{"embeddable":true,"href":"https:\/\/www.medellin.gov.co\/es\/wp-json\/wp\/v2\/comments?post=191018"}],"version-history":[{"count":2,"href":"https:\/\/www.medellin.gov.co\/es\/wp-json\/wp\/v2\/posts\/191018\/revisions"}],"predecessor-version":[{"id":191040,"href":"https:\/\/www.medellin.gov.co\/es\/wp-json\/wp\/v2\/posts\/191018\/revisions\/191040"}],"wp:featuredmedia":[{"embeddable":true,"href":"https:\/\/www.medellin.gov.co\/es\/wp-json\/wp\/v2\/media\/191039"}],"wp:attachment":[{"href":"https:\/\/www.medellin.gov.co\/es\/wp-json\/wp\/v2\/media?parent=191018"}],"wp:term":[{"taxonomy":"category","embeddable":true,"href":"https:\/\/www.medellin.gov.co\/es\/wp-json\/wp\/v2\/categories?post=191018"},{"taxonomy":"post_tag","embeddable":true,"href":"https:\/\/www.medellin.gov.co\/es\/wp-json\/wp\/v2\/tags?post=191018"},{"taxonomy":"formato_nota","embeddable":true,"href":"https:\/\/www.medellin.gov.co\/es\/wp-json\/wp\/v2\/formato_nota?post=191018"},{"taxonomy":"programas_tax","embeddable":true,"href":"https:\/\/www.medellin.gov.co\/es\/wp-json\/wp\/v2\/programas_tax?post=191018"}],"curies":[{"name":"wp","href":"https:\/\/api.w.org\/{rel}","templated":true}]}}