{"id":191042,"date":"2023-04-28T15:43:47","date_gmt":"2023-04-28T20:43:47","guid":{"rendered":"https:\/\/www.medellin.gov.co\/es\/?p=191042"},"modified":"2023-04-28T15:43:47","modified_gmt":"2023-04-28T20:43:47","slug":"que-son-los-decalogos-de-la-no-violencia","status":"publish","type":"post","link":"https:\/\/www.medellin.gov.co\/es\/sala-de-prensa\/noticias\/que-son-los-decalogos-de-la-no-violencia\/","title":{"rendered":"\u00bfQu\u00e9 son los Dec\u00e1logos de la No-Violencia?"},"content":{"rendered":"<p><span style=\"font-weight: 400;\">La filosof\u00eda de la <\/span><a href=\"https:\/\/www.medellin.gov.co\/es\/secretaria-de-la-no-violencia\/\"><span style=\"font-weight: 400;\">Secretar\u00eda de la No-Violencia<\/span><\/a><span style=\"font-weight: 400;\"> se recogi\u00f3 en diez claves que son fundamentales en el trabajo que realiza la dependencia en torno a la tramitaci\u00f3n pac\u00edfica de los conflictos, la reconciliaci\u00f3n y las nuevas oportunidades.\u00a0<\/span><\/p>\n<p><span style=\"font-weight: 400;\">Estas diez claves van encaminadas a reconocer la dignidad de todas las personas y los seres vivos, a poner el di\u00e1logo por encima de la agresi\u00f3n, a restaurar el da\u00f1o causado y a dar nuevas oportunidades con miras al fortalecimiento de la justicia restaurativa y la construcci\u00f3n de paz en Medell\u00edn.<\/span><\/p>\n<h2><span style=\"font-weight: 400;\">Dec\u00e1logo de la No-Violencia<\/span><\/h2>\n<ol>\n<li><span style=\"font-weight: 400;\">Reconocer\u00e1s la dignidad de la otra persona y todo ser vivo.<\/span><\/li>\n<li><span style=\"font-weight: 400;\"> \u00a0 Pondr\u00e1s el di\u00e1logo por encima de la agresi\u00f3n.<\/span><\/li>\n<li><span style=\"font-weight: 400;\"> \u00a0 Te transformar\u00e1s para transformar el mundo.<\/span><\/li>\n<li><span style=\"font-weight: 400;\"> \u00a0 Ver\u00e1s en la verdad la luz de un futuro en paz.<\/span><\/li>\n<li><span style=\"font-weight: 400;\"> \u00a0 Encontrar\u00e1s en el conflicto y la diferencia el camino para la paz.<\/span><\/li>\n<li><span style=\"font-weight: 400;\"> \u00a0 Restaurar\u00e1s el da\u00f1o causado por tus acciones.<\/span><\/li>\n<li><span style=\"font-weight: 400;\"> \u00a0 No estigmatizar\u00e1s.<\/span><\/li>\n<li><span style=\"font-weight: 400;\"> \u00a0 El arte y la cultura ser\u00e1n las bases para la construcci\u00f3n de paz.<\/span><\/li>\n<li><span style=\"font-weight: 400;\"> \u00a0 La resistencia no violenta seguir\u00e1 siendo la base del poder comunitario.<\/span><\/li>\n<li><span style=\"font-weight: 400;\"> Te abrir\u00e1s a dar segundas oportunidades.<\/span><\/li>\n<\/ol>\n<p><span style=\"font-weight: 400;\">Estos Dec\u00e1logos ser\u00e1n socializados e instalados en instituciones educativas de la ciudad, los <\/span><a href=\"https:\/\/cav.fiscalia.gov.co\/medellin\/\" target=\"_blank\" rel=\"noopener\"><span style=\"font-weight: 400;\">Centros de Atenci\u00f3n a V\u00edctimas (CAV)<\/span><\/a><span style=\"font-weight: 400;\">, centros penitenciarios, centros de internamiento preventivo para adolescentes y j\u00f3venes, y organizaciones sociales y comunitarias de la ciudad como un ejercicio de pedagog\u00eda y reconocimiento de acciones que contribuyen a la paz.<\/span><\/p>\n<div id=\"attachment_191045\" style=\"width: 1290px\" class=\"wp-caption alignnone\"><a href=\"https:\/\/www.medellin.gov.co\/es\/wp-content\/uploads\/2023\/04\/No-Violencia-2.jpg\" target=\"_blank\" rel=\"noopener\"><img aria-describedby=\"caption-attachment-191045\" loading=\"lazy\" class=\"wp-image-191045 size-full\" title=\"\u00bfQu\u00e9 son los Dec\u00e1logos de la No-Violencia? \" src=\"https:\/\/www.medellin.gov.co\/es\/wp-content\/uploads\/2023\/04\/No-Violencia-2.jpg\" alt=\"\u00bfQu\u00e9 son los Dec\u00e1logos de la No-Violencia? \" width=\"1280\" height=\"855\" srcset=\"https:\/\/www.medellin.gov.co\/es\/wp-content\/uploads\/2023\/04\/No-Violencia-2.jpg 1280w, https:\/\/www.medellin.gov.co\/es\/wp-content\/uploads\/2023\/04\/No-Violencia-2-300x200.jpg 300w, https:\/\/www.medellin.gov.co\/es\/wp-content\/uploads\/2023\/04\/No-Violencia-2-1024x684.jpg 1024w, https:\/\/www.medellin.gov.co\/es\/wp-content\/uploads\/2023\/04\/No-Violencia-2-150x100.jpg 150w, https:\/\/www.medellin.gov.co\/es\/wp-content\/uploads\/2023\/04\/No-Violencia-2-768x513.jpg 768w\" sizes=\"(max-width: 1280px) 100vw, 1280px\" \/><\/a><p id=\"caption-attachment-191045\" class=\"wp-caption-text\">\u00bfQu\u00e9 son los Dec\u00e1logos de la No-Violencia? &#8211; Foto Alcald\u00eda de Medell\u00edn<\/p><\/div>\n","protected":false},"excerpt":{"rendered":"<p>La filosof\u00eda de la Secretar\u00eda de la No-Violencia se recogi\u00f3 en diez claves que son fundamentales en el trabajo que realiza la dependencia en torno a la tramitaci\u00f3n pac\u00edfica de los conflictos, la reconciliaci\u00f3n y &#8230;<\/p>\n","protected":false},"author":21,"featured_media":191043,"comment_status":"open","ping_status":"open","sticky":false,"template":"","format":"standard","meta":[],"categories":[20],"tags":[455,619],"formato_nota":[],"programas_tax":[],"acf":[],"_links":{"self":[{"href":"https:\/\/www.medellin.gov.co\/es\/wp-json\/wp\/v2\/posts\/191042"}],"collection":[{"href":"https:\/\/www.medellin.gov.co\/es\/wp-json\/wp\/v2\/posts"}],"about":[{"href":"https:\/\/www.medellin.gov.co\/es\/wp-json\/wp\/v2\/types\/post"}],"author":[{"embeddable":true,"href":"https:\/\/www.medellin.gov.co\/es\/wp-json\/wp\/v2\/users\/21"}],"replies":[{"embeddable":true,"href":"https:\/\/www.medellin.gov.co\/es\/wp-json\/wp\/v2\/comments?post=191042"}],"version-history":[{"count":1,"href":"https:\/\/www.medellin.gov.co\/es\/wp-json\/wp\/v2\/posts\/191042\/revisions"}],"predecessor-version":[{"id":191048,"href":"https:\/\/www.medellin.gov.co\/es\/wp-json\/wp\/v2\/posts\/191042\/revisions\/191048"}],"wp:featuredmedia":[{"embeddable":true,"href":"https:\/\/www.medellin.gov.co\/es\/wp-json\/wp\/v2\/media\/191043"}],"wp:attachment":[{"href":"https:\/\/www.medellin.gov.co\/es\/wp-json\/wp\/v2\/media?parent=191042"}],"wp:term":[{"taxonomy":"category","embeddable":true,"href":"https:\/\/www.medellin.gov.co\/es\/wp-json\/wp\/v2\/categories?post=191042"},{"taxonomy":"post_tag","embeddable":true,"href":"https:\/\/www.medellin.gov.co\/es\/wp-json\/wp\/v2\/tags?post=191042"},{"taxonomy":"formato_nota","embeddable":true,"href":"https:\/\/www.medellin.gov.co\/es\/wp-json\/wp\/v2\/formato_nota?post=191042"},{"taxonomy":"programas_tax","embeddable":true,"href":"https:\/\/www.medellin.gov.co\/es\/wp-json\/wp\/v2\/programas_tax?post=191042"}],"curies":[{"name":"wp","href":"https:\/\/api.w.org\/{rel}","templated":true}]}}