{"id":191238,"date":"2023-04-29T10:58:36","date_gmt":"2023-04-29T15:58:36","guid":{"rendered":"https:\/\/www.medellin.gov.co\/es\/?p=191238"},"modified":"2023-04-29T10:58:36","modified_gmt":"2023-04-29T15:58:36","slug":"medellin-esta-presente-en-la-cumbre-de-ciudades-de-las-americas-sus-retos-y-desafios-en-el-siglo-xxi","status":"publish","type":"post","link":"https:\/\/www.medellin.gov.co\/es\/sala-de-prensa\/noticias\/medellin-esta-presente-en-la-cumbre-de-ciudades-de-las-americas-sus-retos-y-desafios-en-el-siglo-xxi\/","title":{"rendered":"Medell\u00edn est\u00e1 presente en la Cumbre de Ciudades de las Am\u00e9ricas, sus retos y desaf\u00edos en el siglo XXI"},"content":{"rendered":"<ul>\n<li>En Denver, Colorado (Estados Unidos), se realiza la Cumbre de Ciudades de las Am\u00e9ricas.<\/li>\n<li>M\u00e1s de 250 alcaldes de ciudades, municipios, provincias, Estados y comunidades ind\u00edgenas participan en este encuentro.<\/li>\n<li>Medell\u00edn hace parte de la mesa de trabajo \u201cCiudades vibrantes despu\u00e9s de la covid-19\u201d, en la que se exponen retos y desaf\u00edos en seguridad, salud, vivienda y reactivaci\u00f3n econ\u00f3mica.<\/li>\n<\/ul>\n<!--[if lt IE 9]><script>document.createElement('audio');<\/script><![endif]-->\n\t<div class=\"wp-playlist wp-audio-playlist wp-playlist-light\">\n\t\t\t<div class=\"wp-playlist-current-item\"><\/div>\n\t\t<audio controls=\"controls\" preload=\"none\" width=\"640\"\n\t\t\t><\/audio>\n\t<div class=\"wp-playlist-next\"><\/div>\n\t<div class=\"wp-playlist-prev\"><\/div>\n\t<noscript>\n\t<ol>\n\t\t<li><a href='https:\/\/www.medellin.gov.co\/es\/wp-content\/uploads\/2023\/04\/cumbre-de-las-ciudades.mp3'>Palabras de Jasblleidy Piraz\u00e1n, directora del Departamento Administrativo de Planeaci\u00f3n de Medell\u00edn.<\/a><\/li>\t<\/ol>\n\t<\/noscript>\n\t<script type=\"application\/json\" class=\"wp-playlist-script\">{\"type\":\"audio\",\"tracklist\":true,\"tracknumbers\":true,\"images\":true,\"artists\":true,\"tracks\":[{\"src\":\"https:\\\/\\\/www.medellin.gov.co\\\/es\\\/wp-content\\\/uploads\\\/2023\\\/04\\\/cumbre-de-las-ciudades.mp3\",\"type\":\"audio\\\/mpeg\",\"title\":\"Palabras de Jasblleidy Piraz\\u00e1n, directora del Departamento Administrativo de Planeaci\\u00f3n de Medell\\u00edn.\",\"caption\":\"\",\"description\":\"\\u00abcumbre-de-las-ciudades\\u00bb.\",\"meta\":{\"length_formatted\":\"0:48\"},\"image\":{\"src\":\"https:\\\/\\\/www.medellin.gov.co\\\/es\\\/wp-includes\\\/images\\\/media\\\/audio.png\",\"width\":48,\"height\":64},\"thumb\":{\"src\":\"https:\\\/\\\/www.medellin.gov.co\\\/es\\\/wp-includes\\\/images\\\/media\\\/audio.png\",\"width\":48,\"height\":64}}]}<\/script>\n<\/div>\n\t\n<p><span style=\"font-weight: 400;\">Medell\u00edn est\u00e1 presente\u00a0 en la Cumbre de las Am\u00e9ricas que se realiza en Denver, Colorado (Estados Unidos), del 26 al 28 de abril, en la que participa en la mesa de trabajo \u201cCiudades vibrantes despu\u00e9s de la covid-19\u201d, en la que expone los retos y desaf\u00edos del Distrito en cuanto a seguridad, salud, vivienda y reactivaci\u00f3n econ\u00f3mica.<\/span><\/p>\n<p><span style=\"font-weight: 400;\">La Cumbre de las Am\u00e9ricas tiene como prop\u00f3sito promover la cooperaci\u00f3n internacional y reunir a l\u00edderes de ciudades influyentes. All\u00ed, participan m\u00e1s de 250 alcaldes y representantes de municipios, provincias y Estados, que se dan cita para liderar la agenda tem\u00e1tica y buscar la transformaci\u00f3n y la resoluci\u00f3n de problemas en cada una de sus regiones.<\/span><\/p>\n<p><span style=\"font-weight: 400;\">Asisten, adem\u00e1s, l\u00edderes de la sociedad civil, sector acad\u00e9mico, juventudes, representantes del arte y la cultura, y grupos ind\u00edgenas de toda Am\u00e9rica.\u00a0<\/span><\/p>\n<p><i><span style=\"font-weight: 400;\">\u201cLa Cumbre de Ciudades de las Am\u00e9ricas es el evento m\u00e1s importante que re\u00fane a gobiernos de ciudades, para conversar sobre los retos que enfrentan los asentamientos urbanos en el siglo XXI. Estamos hablando de justicia clim\u00e1tica, de ciencia, tecnolog\u00eda e innovaci\u00f3n; de resiliencia urbana; y del empoderamiento que debemos tener las mujeres para asumir los retos globales que enfrentan las ciudades\u201d,<\/span><\/i><span style=\"font-weight: 400;\"> asegur\u00f3 la directora del Departamento Administrativo de Planeaci\u00f3n de Medell\u00edn, Jasblleidy Piraz\u00e1n, quien representa a la ciudad en esta cumbre.<\/span><\/p>\n<div id=\"attachment_191243\" style=\"width: 1210px\" class=\"wp-caption alignnone\"><a href=\"https:\/\/www.medellin.gov.co\/es\/wp-content\/uploads\/2023\/04\/cumbre-de-ciudades-2.jpg\" target=\"_blank\" rel=\"noopener\"><img aria-describedby=\"caption-attachment-191243\" loading=\"lazy\" class=\"wp-image-191243 size-full\" title=\"Cumbre de Ciudades de las Am\u00e9ricas\" src=\"https:\/\/www.medellin.gov.co\/es\/wp-content\/uploads\/2023\/04\/cumbre-de-ciudades-2.jpg\" alt=\"Cumbre de Ciudades de las Am\u00e9ricas\" width=\"1200\" height=\"675\" srcset=\"https:\/\/www.medellin.gov.co\/es\/wp-content\/uploads\/2023\/04\/cumbre-de-ciudades-2.jpg 1200w, https:\/\/www.medellin.gov.co\/es\/wp-content\/uploads\/2023\/04\/cumbre-de-ciudades-2-300x169.jpg 300w, https:\/\/www.medellin.gov.co\/es\/wp-content\/uploads\/2023\/04\/cumbre-de-ciudades-2-1024x576.jpg 1024w, https:\/\/www.medellin.gov.co\/es\/wp-content\/uploads\/2023\/04\/cumbre-de-ciudades-2-150x84.jpg 150w, https:\/\/www.medellin.gov.co\/es\/wp-content\/uploads\/2023\/04\/cumbre-de-ciudades-2-768x432.jpg 768w\" sizes=\"(max-width: 1200px) 100vw, 1200px\" \/><\/a><p id=\"caption-attachment-191243\" class=\"wp-caption-text\">Cumbre de Ciudades de las Am\u00e9ricas &#8211; Foto: Alcald\u00eda de Medell\u00edn<\/p><\/div>\n<p><span style=\"font-weight: 400;\">Entre las acciones de este encuentro, se destaca la b\u00fasqueda en el fortalecimiento de las ciudades en torno al desarrollo urbano, como el motor de recuperaci\u00f3n econ\u00f3mica, sustentable e inclusiva en Am\u00e9rica Latina.\u00a0<\/span><\/p>\n<p><span style=\"font-weight: 400;\">Desde el desarrollo tem\u00e1tico, se abordan aspectos de la agenda social como biodiversidad, inclusi\u00f3n, infraestructura, transporte sostenible, g\u00e9nero e innovaci\u00f3n.<\/span><\/p>\n<p><span style=\"font-weight: 400;\">Para la ACI Medell\u00edn, este ejercicio de diplomacia y cooperaci\u00f3n internacional se da gracias a la participaci\u00f3n hist\u00f3rica que la ciudad ha tenido en redes como ICLEI, en las que nos ven como un modelo de desarrollo urbano, social y clim\u00e1tico para mostrar al mundo entero. El protagonismo que tenemos ahora en espacios como la Cumbre de las Am\u00e9ricas y recientemente en el Foro de Alcaldes de C40, en Buenos Aires, evidencian una voz com\u00fan con el mundo entero para frenar el cambio clim\u00e1tico y hacer de todas las naciones unos territorios de paz, igualdad y justicia para todos.\u00a0<\/span><\/p>\n<p><span style=\"font-weight: 400;\">En esta edici\u00f3n de la cumbre, las ciudades se comprometen a abordar y a darle prioridad a temas de vivienda, migraci\u00f3n, financiaci\u00f3n e inversi\u00f3n en acciones clim\u00e1ticas, de tecnolog\u00eda y gobernabilidad transparente.\u00a0<\/span><\/p>\n<p><span style=\"font-weight: 400;\">Para Medell\u00edn, como Distrito, participar en este evento, representa la importancia del papel de la ciencia, la tecnolog\u00eda y la innovaci\u00f3n en \u00e1mbitos como el desarrollo sostenible, la resiliencia clim\u00e1tica, la renovaci\u00f3n democr\u00e1tica, la inversi\u00f3n extranjera directa, el empoderamiento de las mujeres y la seguridad. <\/span><\/p>\n","protected":false},"excerpt":{"rendered":"<p>En Denver, Colorado (Estados Unidos), se realiza la Cumbre de Ciudades de las Am\u00e9ricas. M\u00e1s de 250 alcaldes de ciudades, municipios, provincias, Estados y comunidades ind\u00edgenas participan en este encuentro. Medell\u00edn hace parte de la &#8230;<\/p>\n","protected":false},"author":4,"featured_media":191241,"comment_status":"open","ping_status":"open","sticky":false,"template":"","format":"standard","meta":[],"categories":[3,18],"tags":[433,428,452],"formato_nota":[],"programas_tax":[],"acf":[],"_links":{"self":[{"href":"https:\/\/www.medellin.gov.co\/es\/wp-json\/wp\/v2\/posts\/191238"}],"collection":[{"href":"https:\/\/www.medellin.gov.co\/es\/wp-json\/wp\/v2\/posts"}],"about":[{"href":"https:\/\/www.medellin.gov.co\/es\/wp-json\/wp\/v2\/types\/post"}],"author":[{"embeddable":true,"href":"https:\/\/www.medellin.gov.co\/es\/wp-json\/wp\/v2\/users\/4"}],"replies":[{"embeddable":true,"href":"https:\/\/www.medellin.gov.co\/es\/wp-json\/wp\/v2\/comments?post=191238"}],"version-history":[{"count":1,"href":"https:\/\/www.medellin.gov.co\/es\/wp-json\/wp\/v2\/posts\/191238\/revisions"}],"predecessor-version":[{"id":191248,"href":"https:\/\/www.medellin.gov.co\/es\/wp-json\/wp\/v2\/posts\/191238\/revisions\/191248"}],"wp:featuredmedia":[{"embeddable":true,"href":"https:\/\/www.medellin.gov.co\/es\/wp-json\/wp\/v2\/media\/191241"}],"wp:attachment":[{"href":"https:\/\/www.medellin.gov.co\/es\/wp-json\/wp\/v2\/media?parent=191238"}],"wp:term":[{"taxonomy":"category","embeddable":true,"href":"https:\/\/www.medellin.gov.co\/es\/wp-json\/wp\/v2\/categories?post=191238"},{"taxonomy":"post_tag","embeddable":true,"href":"https:\/\/www.medellin.gov.co\/es\/wp-json\/wp\/v2\/tags?post=191238"},{"taxonomy":"formato_nota","embeddable":true,"href":"https:\/\/www.medellin.gov.co\/es\/wp-json\/wp\/v2\/formato_nota?post=191238"},{"taxonomy":"programas_tax","embeddable":true,"href":"https:\/\/www.medellin.gov.co\/es\/wp-json\/wp\/v2\/programas_tax?post=191238"}],"curies":[{"name":"wp","href":"https:\/\/api.w.org\/{rel}","templated":true}]}}