{"id":191249,"date":"2023-04-29T11:03:03","date_gmt":"2023-04-29T16:03:03","guid":{"rendered":"https:\/\/www.medellin.gov.co\/es\/?p=191249"},"modified":"2023-04-29T11:03:03","modified_gmt":"2023-04-29T16:03:03","slug":"60-sitios-de-medellin-han-sido-intervenidos-con-obras-de-infraestructura-asociadas-a-la-mitigacion-del-riesgo","status":"publish","type":"post","link":"https:\/\/www.medellin.gov.co\/es\/sala-de-prensa\/noticias\/60-sitios-de-medellin-han-sido-intervenidos-con-obras-de-infraestructura-asociadas-a-la-mitigacion-del-riesgo\/","title":{"rendered":"60 sitios de Medell\u00edn han sido intervenidos con obras de infraestructura asociadas a la mitigaci\u00f3n del riesgo"},"content":{"rendered":"<ul>\n<li>Los trabajos est\u00e1n orientados a atender necesidades puntuales como deslizamientos o inestabilidades en los terrenos.<\/li>\n<li>Se han construido 2.834 metros lineales de muros de contenci\u00f3n con pilas de cimentaci\u00f3n, para prevenir emergencias por desprendimientos de tierra.<\/li>\n<li>Estas obras incluyen mejoramientos en v\u00edas y andenes, facilitando la movilidad de conductores y personas.<\/li>\n<\/ul>\n<!--[if lt IE 9]><script>document.createElement('audio');<\/script><![endif]-->\n\t<div class=\"wp-playlist wp-audio-playlist wp-playlist-light\">\n\t\t\t<div class=\"wp-playlist-current-item\"><\/div>\n\t\t<audio controls=\"controls\" preload=\"none\" width=\"640\"\n\t\t\t><\/audio>\n\t<div class=\"wp-playlist-next\"><\/div>\n\t<div class=\"wp-playlist-prev\"><\/div>\n\t<noscript>\n\t<ol>\n\t\t<li><a href='https:\/\/www.medellin.gov.co\/es\/wp-content\/uploads\/2023\/04\/obras-de-infraestructura-.mp3'>Palabras de Adri\u00e1n Alexis Correa, subsecretario de Construcci\u00f3n y Mantenimiento.<\/a><\/li>\t<\/ol>\n\t<\/noscript>\n\t<script type=\"application\/json\" class=\"wp-playlist-script\">{\"type\":\"audio\",\"tracklist\":true,\"tracknumbers\":true,\"images\":true,\"artists\":true,\"tracks\":[{\"src\":\"https:\\\/\\\/www.medellin.gov.co\\\/es\\\/wp-content\\\/uploads\\\/2023\\\/04\\\/obras-de-infraestructura-.mp3\",\"type\":\"audio\\\/mpeg\",\"title\":\"Palabras de Adri\\u00e1n Alexis Correa, subsecretario de Construcci\\u00f3n y Mantenimiento.\",\"caption\":\"\",\"description\":\"Palabras de Adri\\u00e1n Alexis Correa, subsecretario de Construcci\\u00f3n y Mantenimiento. \",\"meta\":{\"year\":\"2023\",\"length_formatted\":\"0:57\"},\"image\":{\"src\":\"https:\\\/\\\/www.medellin.gov.co\\\/es\\\/wp-includes\\\/images\\\/media\\\/audio.png\",\"width\":48,\"height\":64},\"thumb\":{\"src\":\"https:\\\/\\\/www.medellin.gov.co\\\/es\\\/wp-includes\\\/images\\\/media\\\/audio.png\",\"width\":48,\"height\":64}}]}<\/script>\n<\/div>\n\t\n<p><span style=\"font-weight: 400;\">60 puntos de la ciudad, que hab\u00edan sido catalogados como cr\u00edticos, han sido recuperados con obras de mitigaci\u00f3n del riesgo adelantadas por la Alcald\u00eda de Medell\u00edn. Se trata de sectores que sufrieron da\u00f1os en el espacio p\u00fablico como consecuencia de las fuertes lluvias y que requer\u00edan una atenci\u00f3n prioritaria para garantizar la movilidad y la seguridad de las personas.<\/span><\/p>\n<p><span style=\"font-weight: 400;\">A la fecha, y durante lo corrido del cuatrienio, se han construido 2.834 metros lineales de este tipo de elementos.\u00a0<\/span><\/p>\n<p><span style=\"font-weight: 400;\">Las obras de mitigaci\u00f3n tambi\u00e9n han permitido la reconstrucci\u00f3n de v\u00edas, andenes y sistemas de drenaje para el manejo de aguas lluvias. Dichas intervenciones restablecen las condiciones de movilidad y habitabilidad segura en los territorios.<\/span><\/p>\n<p><i><span style=\"font-weight: 400;\">\u201cDesde la Secretar\u00eda de Infraestructura F\u00edsica estamos encargados del seguimiento de los proyectos estrat\u00e9gicos de ciudad, as\u00ed como tambi\u00e9n de la atenci\u00f3n de los puntos cr\u00edticos por emergencias clim\u00e1ticas como deslizamientos. En el cuatrienio hemos intervenido alrededor de 60 puntos y est\u00e1s intervenciones consisten en la construcci\u00f3n de muros de estabilizaci\u00f3n y pilas con los cuales se garantiza la estabilidad del terreno\u201d, <\/span><\/i><span style=\"font-weight: 400;\">explic\u00f3 el subsecretario de Construcci\u00f3n y Mantenimiento, Adri\u00e1n Alexis Correa.\u00a0<\/span><\/p>\n<p><span style=\"font-weight: 400;\">La Alcald\u00eda de Medell\u00edn ha llegado con estas obras a las 16 comunas y a los cinco corregimientos, recuperando espacios en San Javier, Santo Domingo, Bombon\u00e1, Bel\u00e9n, Loreto, Popular, El Salvador, Villa Hermosa, Manrique, San Antonio de Prado, Altavista, Santa Elena, Palmitas y San Crist\u00f3bal.<\/span><\/p>\n<p><i><span style=\"font-weight: 400;\">\u201cEl invierno se hab\u00eda llevado toda esta v\u00eda, la carretera y el pavimento. Todo se hab\u00eda ido abajo. Gracias a la Alcald\u00eda de Medell\u00edn que ya est\u00e1 terminando la obra, un muro de contenci\u00f3n muy bien hecho para sostener todo este terreno y que no se nos vuelva a da\u00f1ar\u201d, <\/span><\/i><span style=\"font-weight: 400;\">manifest\u00f3 Gildardo Grajales, habitante de la vereda La Palma en San Crist\u00f3bal.<\/span><\/p>\n<p><span style=\"font-weight: 400;\">La inversi\u00f3n hecha por la Alcald\u00eda de Medell\u00edn para la construcci\u00f3n de obras de estabilizaci\u00f3n y mitigaci\u00f3n del riesgo en estos 60 puntos ha sido de $54.609 millones. El desarrollo de los trabajos ha permitido la generaci\u00f3n de <\/span><span style=\"font-weight: 400;\">340<\/span><span style=\"font-weight: 400;\"> empleos, la mayor\u00eda de ellos aprovechados por habitantes de las mismas \u00e1reas de intervenci\u00f3n para llevar oportunidades laborales a toda la ciudad. <\/span><\/p>\n","protected":false},"excerpt":{"rendered":"<p>Los trabajos est\u00e1n orientados a atender necesidades puntuales como deslizamientos o inestabilidades en los terrenos. Se han construido 2.834 metros lineales de muros de contenci\u00f3n con pilas de cimentaci\u00f3n, para prevenir emergencias por desprendimientos de &#8230;<\/p>\n","protected":false},"author":4,"featured_media":191253,"comment_status":"open","ping_status":"open","sticky":false,"template":"","format":"standard","meta":[],"categories":[11],"tags":[442,443],"formato_nota":[],"programas_tax":[],"acf":[],"_links":{"self":[{"href":"https:\/\/www.medellin.gov.co\/es\/wp-json\/wp\/v2\/posts\/191249"}],"collection":[{"href":"https:\/\/www.medellin.gov.co\/es\/wp-json\/wp\/v2\/posts"}],"about":[{"href":"https:\/\/www.medellin.gov.co\/es\/wp-json\/wp\/v2\/types\/post"}],"author":[{"embeddable":true,"href":"https:\/\/www.medellin.gov.co\/es\/wp-json\/wp\/v2\/users\/4"}],"replies":[{"embeddable":true,"href":"https:\/\/www.medellin.gov.co\/es\/wp-json\/wp\/v2\/comments?post=191249"}],"version-history":[{"count":1,"href":"https:\/\/www.medellin.gov.co\/es\/wp-json\/wp\/v2\/posts\/191249\/revisions"}],"predecessor-version":[{"id":191255,"href":"https:\/\/www.medellin.gov.co\/es\/wp-json\/wp\/v2\/posts\/191249\/revisions\/191255"}],"wp:featuredmedia":[{"embeddable":true,"href":"https:\/\/www.medellin.gov.co\/es\/wp-json\/wp\/v2\/media\/191253"}],"wp:attachment":[{"href":"https:\/\/www.medellin.gov.co\/es\/wp-json\/wp\/v2\/media?parent=191249"}],"wp:term":[{"taxonomy":"category","embeddable":true,"href":"https:\/\/www.medellin.gov.co\/es\/wp-json\/wp\/v2\/categories?post=191249"},{"taxonomy":"post_tag","embeddable":true,"href":"https:\/\/www.medellin.gov.co\/es\/wp-json\/wp\/v2\/tags?post=191249"},{"taxonomy":"formato_nota","embeddable":true,"href":"https:\/\/www.medellin.gov.co\/es\/wp-json\/wp\/v2\/formato_nota?post=191249"},{"taxonomy":"programas_tax","embeddable":true,"href":"https:\/\/www.medellin.gov.co\/es\/wp-json\/wp\/v2\/programas_tax?post=191249"}],"curies":[{"name":"wp","href":"https:\/\/api.w.org\/{rel}","templated":true}]}}