{"id":191258,"date":"2023-04-29T11:11:25","date_gmt":"2023-04-29T16:11:25","guid":{"rendered":"https:\/\/www.medellin.gov.co\/es\/?p=191258"},"modified":"2023-04-29T11:11:25","modified_gmt":"2023-04-29T16:11:25","slug":"medellin-realizara-preicfes-a-poblacion-lgbti-para-acercarla-a-nuevas-oportunidades-educativas","status":"publish","type":"post","link":"https:\/\/www.medellin.gov.co\/es\/sala-de-prensa\/noticias\/medellin-realizara-preicfes-a-poblacion-lgbti-para-acercarla-a-nuevas-oportunidades-educativas\/","title":{"rendered":"Medell\u00edn realizar\u00e1 preicfes a poblaci\u00f3n LGBTI para acercarla a nuevas oportunidades educativas"},"content":{"rendered":"<ul>\n<li>Esto ayuda a reducir la brecha de acceso a educaci\u00f3n superior y empleos de quienes tienen orientaciones sexuales e identidades de g\u00e9nero diversas.<\/li>\n<li>El 30,1 % de las personas LGBTI no tienen empleo y el 24,7 % tiene trabajos poco estables, seg\u00fan la muestra encuestada para el diagn\u00f3stico de condiciones laborales LGBTI, aplicado en 2020 por la Alcald\u00eda de Medell\u00edn.<\/li>\n<\/ul>\n<!--[if lt IE 9]><script>document.createElement('audio');<\/script><![endif]-->\n\t<div class=\"wp-playlist wp-audio-playlist wp-playlist-light\">\n\t\t\t<div class=\"wp-playlist-current-item\"><\/div>\n\t\t<audio controls=\"controls\" preload=\"none\" width=\"640\"\n\t\t\t><\/audio>\n\t<div class=\"wp-playlist-next\"><\/div>\n\t<div class=\"wp-playlist-prev\"><\/div>\n\t<noscript>\n\t<ol>\n\t\t<li><a href='https:\/\/www.medellin.gov.co\/es\/wp-content\/uploads\/2023\/04\/preicfes-oportunidades-educativas.mp3'>Palabras de Patricia Llano Obando, gerenta de Diversidades Sexuales e Identidades de G\u00e9nero.<\/a><\/li>\t<\/ol>\n\t<\/noscript>\n\t<script type=\"application\/json\" class=\"wp-playlist-script\">{\"type\":\"audio\",\"tracklist\":true,\"tracknumbers\":true,\"images\":true,\"artists\":true,\"tracks\":[{\"src\":\"https:\\\/\\\/www.medellin.gov.co\\\/es\\\/wp-content\\\/uploads\\\/2023\\\/04\\\/preicfes-oportunidades-educativas.mp3\",\"type\":\"audio\\\/mpeg\",\"title\":\"Palabras de Patricia Llano Obando, gerenta de Diversidades Sexuales e Identidades de G\\u00e9nero.\",\"caption\":\"\",\"description\":\"Palabras de Patricia Llano Obando, gerenta de Diversidades Sexuales e Identidades de G\\u00e9nero.\",\"meta\":{\"year\":\"2023\",\"length_formatted\":\"1:54\"},\"image\":{\"src\":\"https:\\\/\\\/www.medellin.gov.co\\\/es\\\/wp-includes\\\/images\\\/media\\\/audio.png\",\"width\":48,\"height\":64},\"thumb\":{\"src\":\"https:\\\/\\\/www.medellin.gov.co\\\/es\\\/wp-includes\\\/images\\\/media\\\/audio.png\",\"width\":48,\"height\":64}}]}<\/script>\n<\/div>\n\t\n<p><span style=\"font-weight: 400;\">La Administraci\u00f3n Distrital adelantar\u00e1 un preicfes dirigido a personas LGBTI, que sean mayores de edad y deseen validar su bachillerato a trav\u00e9s del examen ICFES. Para esto, la ciudadan\u00eda puede acceder al acompa\u00f1amiento de aprendizaje con herramientas virtuales y tutores, previo a la prueba.\u00a0<\/span><\/p>\n<p><span style=\"font-weight: 400;\">Esta acci\u00f3n inici\u00f3 con una experiencia piloto entre noviembre de 2022 y marzo de 2023 con 12 participantes, de los cuales cinco presentaron el ICFES el pasado 26 de marzo y los dem\u00e1s se preparan para el examen, que ser\u00e1 el pr\u00f3ximo 14 de agosto. Esta fecha tambi\u00e9n aplica para quienes se inscriban en la convocatoria que estar\u00e1 abierta hasta el 5 de mayo.<\/span><\/p>\n<p><span style=\"font-weight: 400;\">As\u00ed, el Distrito busca reducir los \u00edndices de desescolaridad y desempleo de la poblaci\u00f3n LGBT, en especial de las personas trans, ya que solo 7,8 % tiene estudios de educaci\u00f3n superior, seg\u00fan la Encuesta de Caracterizaci\u00f3n Trans realizada a 296 personas en 2021. Por tanto, tienen menos probabilidades de acceder a labores formales y bien remuneradas, que garanticen su bienestar socioecon\u00f3mico.\u00a0<\/span><\/p>\n<p><span style=\"font-weight: 400;\">Este preicfes cuenta con dos fases. La primera se realizar\u00e1 de manera virtual, se enviar\u00e1 material de estudio a quienes se inscriban, con posibilidad de recibir asesor\u00eda por parte de la Gerencia de Diversidades Sexuales e Identidades de G\u00e9nero.\u00a0<\/span><\/p>\n<p><span style=\"font-weight: 400;\">La segunda etapa se llevar\u00e1 a cabo en la sede de la gerencia y comprender\u00e1 una jornada de cuatro horas semanales, con acompa\u00f1amiento de tutores de ingl\u00e9s, espa\u00f1ol, ciencias sociales, ciencias naturales y matem\u00e1ticas. La alcald\u00eda cubrir\u00e1 los costos del derecho de inscripci\u00f3n de los solicitantes que finalicen el proceso.\u00a0<\/span><\/p>\n<div id=\"attachment_191267\" style=\"width: 1210px\" class=\"wp-caption alignnone\"><a href=\"https:\/\/www.medellin.gov.co\/es\/wp-content\/uploads\/2023\/04\/preicfes-lgbti-2.jpg\" target=\"_blank\" rel=\"noopener\"><img aria-describedby=\"caption-attachment-191267\" loading=\"lazy\" class=\"wp-image-191267 size-full\" title=\"Preicfes LGBTI\" src=\"https:\/\/www.medellin.gov.co\/es\/wp-content\/uploads\/2023\/04\/preicfes-lgbti-2.jpg\" alt=\"Preicfes LGBTI\" width=\"1200\" height=\"900\" srcset=\"https:\/\/www.medellin.gov.co\/es\/wp-content\/uploads\/2023\/04\/preicfes-lgbti-2.jpg 1200w, https:\/\/www.medellin.gov.co\/es\/wp-content\/uploads\/2023\/04\/preicfes-lgbti-2-300x225.jpg 300w, https:\/\/www.medellin.gov.co\/es\/wp-content\/uploads\/2023\/04\/preicfes-lgbti-2-1024x768.jpg 1024w, https:\/\/www.medellin.gov.co\/es\/wp-content\/uploads\/2023\/04\/preicfes-lgbti-2-150x113.jpg 150w, https:\/\/www.medellin.gov.co\/es\/wp-content\/uploads\/2023\/04\/preicfes-lgbti-2-768x576.jpg 768w\" sizes=\"(max-width: 1200px) 100vw, 1200px\" \/><\/a><p id=\"caption-attachment-191267\" class=\"wp-caption-text\">Preicfes LGBTI &#8211; Foto: Alcald\u00eda de Medell\u00edn<\/p><\/div>\n<p><i><span style=\"font-weight: 400;\">\u201cEs una acci\u00f3n afirmativa que propende por disminuir la brecha que ha imposibilitado que las personas trans accedan a la educaci\u00f3n superior. Muchas de estas, por ejemplo, son excluidas de sus casas a muy temprana edad, lo que genera que vayan a la calle, que no puedan finalizar su bachillerato y, por ende, no obtengan trabajos que mejoren sus condiciones de vida. Por eso, esta estrategia se convierte en un hito, porque garantiza que accedan a una formaci\u00f3n preliminar para comprender conceptos y saberes. Despu\u00e9s de que obtienen la homologaci\u00f3n del bachillerato cuentan con ese requisito para presentarse a la universidad y obtener sus estudios de educaci\u00f3n superior\u201d, <\/span><\/i><span style=\"font-weight: 400;\">se\u00f1al\u00f3 la gerenta de Diversidades Sexuales e Identidades de G\u00e9nero, Patricia Llano Obando.\u00a0<\/span><\/p>\n<p><span style=\"font-weight: 400;\">Las personas interesadas pueden inscribirse hasta el 5 de mayo en <\/span><a href=\"https:\/\/bit.ly\/3BxH4Bu\" target=\"_blank\" rel=\"noopener\"><span style=\"font-weight: 400;\">https:\/\/bit.ly\/3BxH4Bu<\/span><\/a><span style=\"font-weight: 400;\">.\u00a0 Tambi\u00e9n recibir\u00e1n m\u00e1s informaci\u00f3n en la Gerencia de Diversidades Sexuales e Identidades de G\u00e9nero (carrera 48 # 57-21, cerca al Centro Comercial Villanueva) o v\u00eda telef\u00f3nica en el 6043855555, extensi\u00f3n 8479.\u00a0<\/span><\/p>\n<p><i><span style=\"font-weight: 400;\">\u201cEsta es una\u00a0 oportunidad para contar con una opci\u00f3n laboral m\u00e1s adelante y estudiar. Soy una mujer que est\u00e1 d\u00e1ndola toda en el preicfes, porque quiero obtener un buen puntaje y llegar m\u00e1s all\u00e1, para llegar a ser una educadora especial, para trabajar con personas con discapacidades. Invito a toda la poblaci\u00f3n trans a que terminemos el bachillerato<\/span><\/i><span style=\"font-weight: 400;\">\u201d, expres\u00f3 Susana Mar\u00eda \u00c1lvarez, una de las beneficiarias.\u00a0<\/span><\/p>\n<p><span style=\"font-weight: 400;\">Esta administraci\u00f3n ha tenido otras estrategias para que los espacios educativos sean lugares seguros para los ni\u00f1os, ni\u00f1as, adolescentes y j\u00f3venes en etapa escolar. Una de las iniciativas es la conformaci\u00f3n de la Red de Docentes Protectores de las Diversidades, que abarca capacitaciones en derechos humanos y en conceptos b\u00e1sicos sobre orientaciones sexuales, identidades de g\u00e9nero y expresiones de g\u00e9nero no hegem\u00f3nicas. Igualmente, est\u00e1 el programa Entorno Escolar Protector, que ofrece acompa\u00f1amiento a estudiantes con experiencia de vida trans y a sus familias.\u00a0<\/span><\/p>\n<p><span style=\"font-weight: 400;\">En 2022 se realizaron procesos formativos con comunidad educativa de 16 instituciones, con presencia de unas 240 personas. Con estas acciones, en Medell\u00edn se cumple el Plan de Desarrollo <\/span><i><span style=\"font-weight: 400;\">Medell\u00edn Futuro<\/span><\/i><span style=\"font-weight: 400;\">, espec\u00edficamente el programa <\/span><i><span style=\"font-weight: 400;\">Medell\u00edn cuida y reconoce a sus grupos poblacionales.<\/span><\/i><\/p>\n","protected":false},"excerpt":{"rendered":"<p>Esto ayuda a reducir la brecha de acceso a educaci\u00f3n superior y empleos de quienes tienen orientaciones sexuales e identidades de g\u00e9nero diversas. El 30,1 % de las personas LGBTI no tienen empleo y el &#8230;<\/p>\n","protected":false},"author":4,"featured_media":191264,"comment_status":"open","ping_status":"open","sticky":false,"template":"","format":"standard","meta":[],"categories":[534],"tags":[431,455],"formato_nota":[],"programas_tax":[],"acf":[],"_links":{"self":[{"href":"https:\/\/www.medellin.gov.co\/es\/wp-json\/wp\/v2\/posts\/191258"}],"collection":[{"href":"https:\/\/www.medellin.gov.co\/es\/wp-json\/wp\/v2\/posts"}],"about":[{"href":"https:\/\/www.medellin.gov.co\/es\/wp-json\/wp\/v2\/types\/post"}],"author":[{"embeddable":true,"href":"https:\/\/www.medellin.gov.co\/es\/wp-json\/wp\/v2\/users\/4"}],"replies":[{"embeddable":true,"href":"https:\/\/www.medellin.gov.co\/es\/wp-json\/wp\/v2\/comments?post=191258"}],"version-history":[{"count":1,"href":"https:\/\/www.medellin.gov.co\/es\/wp-json\/wp\/v2\/posts\/191258\/revisions"}],"predecessor-version":[{"id":191270,"href":"https:\/\/www.medellin.gov.co\/es\/wp-json\/wp\/v2\/posts\/191258\/revisions\/191270"}],"wp:featuredmedia":[{"embeddable":true,"href":"https:\/\/www.medellin.gov.co\/es\/wp-json\/wp\/v2\/media\/191264"}],"wp:attachment":[{"href":"https:\/\/www.medellin.gov.co\/es\/wp-json\/wp\/v2\/media?parent=191258"}],"wp:term":[{"taxonomy":"category","embeddable":true,"href":"https:\/\/www.medellin.gov.co\/es\/wp-json\/wp\/v2\/categories?post=191258"},{"taxonomy":"post_tag","embeddable":true,"href":"https:\/\/www.medellin.gov.co\/es\/wp-json\/wp\/v2\/tags?post=191258"},{"taxonomy":"formato_nota","embeddable":true,"href":"https:\/\/www.medellin.gov.co\/es\/wp-json\/wp\/v2\/formato_nota?post=191258"},{"taxonomy":"programas_tax","embeddable":true,"href":"https:\/\/www.medellin.gov.co\/es\/wp-json\/wp\/v2\/programas_tax?post=191258"}],"curies":[{"name":"wp","href":"https:\/\/api.w.org\/{rel}","templated":true}]}}