{"id":191272,"date":"2023-04-29T11:17:39","date_gmt":"2023-04-29T16:17:39","guid":{"rendered":"https:\/\/www.medellin.gov.co\/es\/?p=191272"},"modified":"2023-04-29T11:17:39","modified_gmt":"2023-04-29T16:17:39","slug":"esta-abierta-la-convocatoria-de-formacion-de-publicos-dinamicos-para-los-museos-y-teatros-de-medellin","status":"publish","type":"post","link":"https:\/\/www.medellin.gov.co\/es\/sala-de-prensa\/noticias\/esta-abierta-la-convocatoria-de-formacion-de-publicos-dinamicos-para-los-museos-y-teatros-de-medellin\/","title":{"rendered":"Est\u00e1 abierta la convocatoria de Formaci\u00f3n de P\u00fablicos Din\u00e1micos para los museos y teatros de Medell\u00edn"},"content":{"rendered":"<ul>\n<li>Una iniciativa para estratos 1, 2 y 3, grupos A, B y C del Sisb\u00e9n, primera infancia y otros p\u00fablicos de especial atenci\u00f3n.<\/li>\n<li>Las propuestas para museos se recibir\u00e1n hasta el 5 de mayo, a las 10:00 a. m., en <a href=\"https:\/\/bit.ly\/3VdA19p\" target=\"_blank\" rel=\"noopener\">https:\/\/bit.ly\/3VdA19p<\/a>, y para teatros hasta el 8 de mayo, a la misma hora, en <a href=\"https:\/\/bit.ly\/3HlIkud\" target=\"_blank\" rel=\"noopener\">https:\/\/bit.ly\/3HlIkud<\/a>.<\/li>\n<\/ul>\n<!--[if lt IE 9]><script>document.createElement('audio');<\/script><![endif]-->\n\t<div class=\"wp-playlist wp-audio-playlist wp-playlist-light\">\n\t\t\t<div class=\"wp-playlist-current-item\"><\/div>\n\t\t<audio controls=\"controls\" preload=\"none\" width=\"640\"\n\t\t\t><\/audio>\n\t<div class=\"wp-playlist-next\"><\/div>\n\t<div class=\"wp-playlist-prev\"><\/div>\n\t<noscript>\n\t<ol>\n\t\t<li><a href='https:\/\/www.medellin.gov.co\/es\/wp-content\/uploads\/2023\/04\/convocatoria-publicos-dinamicos-.mp3'>Palabras de \u00c1lvaro Narv\u00e1ez, secretario de Cultura Ciudadana.<\/a><\/li>\t<\/ol>\n\t<\/noscript>\n\t<script type=\"application\/json\" class=\"wp-playlist-script\">{\"type\":\"audio\",\"tracklist\":true,\"tracknumbers\":true,\"images\":true,\"artists\":true,\"tracks\":[{\"src\":\"https:\\\/\\\/www.medellin.gov.co\\\/es\\\/wp-content\\\/uploads\\\/2023\\\/04\\\/convocatoria-publicos-dinamicos-.mp3\",\"type\":\"audio\\\/mpeg\",\"title\":\"Palabras de \\u00c1lvaro Narv\\u00e1ez, secretario de Cultura Ciudadana.\",\"caption\":\"\",\"description\":\"Palabras de \\u00c1lvaro Narv\\u00e1ez, secretario de Cultura Ciudadana.\",\"meta\":{\"length_formatted\":\"1:18\"},\"image\":{\"src\":\"https:\\\/\\\/www.medellin.gov.co\\\/es\\\/wp-includes\\\/images\\\/media\\\/audio.png\",\"width\":48,\"height\":64},\"thumb\":{\"src\":\"https:\\\/\\\/www.medellin.gov.co\\\/es\\\/wp-includes\\\/images\\\/media\\\/audio.png\",\"width\":48,\"height\":64}}]}<\/script>\n<\/div>\n\t\n<p><span style=\"font-weight: 400;\">Hasta el 5 y el 8 de mayo, respectivamente, museos y teatros de Medell\u00edn pueden presentar su propuesta para la nueva convocatoria de Formaci\u00f3n de P\u00fablicos Din\u00e1micos, que permite que los estratos 1, 2 y 3, los grupos A, B y C del Sisb\u00e9n y otras poblaciones especiales disfruten y se apropien de la oferta cultural del Distrito.\u00a0<\/span><\/p>\n<p><span style=\"font-weight: 400;\">De esta manera se favorece el acceso libre a los escenarios y la participaci\u00f3n de la comunidad en experiencias de apreciaci\u00f3n art\u00edstica y cultural, de formaci\u00f3n, en experiencias guiadas, entre otras actividades. Adem\u00e1s, fortalece la descentralizaci\u00f3n de la cultura a trav\u00e9s de un ejercicio de democratizaci\u00f3n.\u00a0<\/span><\/p>\n<p><i><span style=\"font-weight: 400;\">\u201cEsta ser\u00e1 la oportunidad de conectar los museos y los teatros con los territorios. Tambi\u00e9n que los territorios conozcan un poco m\u00e1s de la experiencia muse\u00edstica: qu\u00e9 pasa en un concierto, c\u00f3mo se genera, c\u00f3mo es la parte t\u00e9cnica. Tambi\u00e9n, la posibilidad de desmitificar, muchas veces, el valor de la cultura\u201d<\/span><\/i><span style=\"font-weight: 400;\">, afirm\u00f3 el secretario de Cultura Ciudadana, \u00c1lvaro Narv\u00e1ez D\u00edaz.\u00a0\u00a0<\/span><\/p>\n<p><span style=\"font-weight: 400;\">Con este nuevo llamado, teatros y museos pueden amplificar sus alcances y promover una pedagog\u00eda basada en la apropiaci\u00f3n del territorio a trav\u00e9s del arte.<\/span><\/p>\n<div id=\"attachment_191277\" style=\"width: 1210px\" class=\"wp-caption alignnone\"><a href=\"https:\/\/www.medellin.gov.co\/es\/wp-content\/uploads\/2023\/04\/convocatoria-publicos-dinamicos-2.jpg\" target=\"_blank\" rel=\"noopener\"><img aria-describedby=\"caption-attachment-191277\" loading=\"lazy\" class=\"wp-image-191277 size-full\" title=\"Convocatoria de Formaci\u00f3n de P\u00fablicos Din\u00e1micos\" src=\"https:\/\/www.medellin.gov.co\/es\/wp-content\/uploads\/2023\/04\/convocatoria-publicos-dinamicos-2.jpg\" alt=\"Convocatoria de Formaci\u00f3n de P\u00fablicos Din\u00e1micos\" width=\"1200\" height=\"800\" srcset=\"https:\/\/www.medellin.gov.co\/es\/wp-content\/uploads\/2023\/04\/convocatoria-publicos-dinamicos-2.jpg 1200w, https:\/\/www.medellin.gov.co\/es\/wp-content\/uploads\/2023\/04\/convocatoria-publicos-dinamicos-2-300x200.jpg 300w, https:\/\/www.medellin.gov.co\/es\/wp-content\/uploads\/2023\/04\/convocatoria-publicos-dinamicos-2-1024x683.jpg 1024w, https:\/\/www.medellin.gov.co\/es\/wp-content\/uploads\/2023\/04\/convocatoria-publicos-dinamicos-2-150x100.jpg 150w, https:\/\/www.medellin.gov.co\/es\/wp-content\/uploads\/2023\/04\/convocatoria-publicos-dinamicos-2-768x512.jpg 768w\" sizes=\"(max-width: 1200px) 100vw, 1200px\" \/><\/a><p id=\"caption-attachment-191277\" class=\"wp-caption-text\">Convocatoria de Formaci\u00f3n de P\u00fablicos Din\u00e1micos &#8211; Foto: Alcald\u00eda de Medell\u00edn<\/p><\/div>\n<p><span style=\"font-weight: 400;\">La estrategia busca, principalmente, fortalecer el tejido social y generar un valor emocional, colectivo y econ\u00f3mico, a partir del cultivo del inter\u00e9s y del mejor conocimiento de las expresiones art\u00edsticas y las pr\u00e1cticas culturales del Distrito.<\/span><\/p>\n<p><i><span style=\"font-weight: 400;\">\u201cYo conoc\u00ed el Teatro Metropolitano por medio de un taller que hicieron de Bel\u00e9n, de una espa\u00f1ola, \u2018La br\u00fajula\u2019, de lo que es el teatro, las artes esc\u00e9nicas y c\u00f3mo lo mezclan con la m\u00fasica y estas otras artes. Ella me encant\u00f3, la admiro much\u00edsimo\u201d<\/span><\/i><span style=\"font-weight: 400;\">, cont\u00f3 Celeste R\u00edos, beneficiaria.<\/span><\/p>\n<p><span style=\"font-weight: 400;\">Los teatros que deseen sumarse pueden hacerlo a trav\u00e9s del enlace: <\/span><a href=\"https:\/\/bit.ly\/3HlIkud\" target=\"_blank\" rel=\"noopener\"><span style=\"font-weight: 400;\">https:\/\/bit.ly\/3HlIkud<\/span><\/a><span style=\"font-weight: 400;\">, mientras que los museos por medio de: <\/span><a href=\"https:\/\/bit.ly\/3VdA19p\" target=\"_blank\" rel=\"noopener\"><span style=\"font-weight: 400;\">https:\/\/bit.ly\/3VdA19p<\/span><\/a><span style=\"font-weight: 400;\">.\u00a0<\/span><\/p>\n<p><span style=\"font-weight: 400;\">En 2023, la inversi\u00f3n en estrategias de democratizaci\u00f3n y formaci\u00f3n en arte y cultura supera los $22.000 millones. Se incluye el programa de Salas Abiertas, las estrategias de la Red de Pr\u00e1cticas Art\u00edsticas, la Red E-CREA (casas de cultura, teatros, UVAs, CEDAs) y, por supuesto, la convocatoria de Formaci\u00f3n de P\u00fablicos Din\u00e1micos. <\/span><\/p>\n","protected":false},"excerpt":{"rendered":"<p>Una iniciativa para estratos 1, 2 y 3, grupos A, B y C del Sisb\u00e9n, primera infancia y otros p\u00fablicos de especial atenci\u00f3n. Las propuestas para museos se recibir\u00e1n hasta el 5 de mayo, a &#8230;<\/p>\n","protected":false},"author":4,"featured_media":191275,"comment_status":"open","ping_status":"open","sticky":false,"template":"","format":"standard","meta":[],"categories":[31],"tags":[444,428],"formato_nota":[],"programas_tax":[],"acf":[],"_links":{"self":[{"href":"https:\/\/www.medellin.gov.co\/es\/wp-json\/wp\/v2\/posts\/191272"}],"collection":[{"href":"https:\/\/www.medellin.gov.co\/es\/wp-json\/wp\/v2\/posts"}],"about":[{"href":"https:\/\/www.medellin.gov.co\/es\/wp-json\/wp\/v2\/types\/post"}],"author":[{"embeddable":true,"href":"https:\/\/www.medellin.gov.co\/es\/wp-json\/wp\/v2\/users\/4"}],"replies":[{"embeddable":true,"href":"https:\/\/www.medellin.gov.co\/es\/wp-json\/wp\/v2\/comments?post=191272"}],"version-history":[{"count":1,"href":"https:\/\/www.medellin.gov.co\/es\/wp-json\/wp\/v2\/posts\/191272\/revisions"}],"predecessor-version":[{"id":191278,"href":"https:\/\/www.medellin.gov.co\/es\/wp-json\/wp\/v2\/posts\/191272\/revisions\/191278"}],"wp:featuredmedia":[{"embeddable":true,"href":"https:\/\/www.medellin.gov.co\/es\/wp-json\/wp\/v2\/media\/191275"}],"wp:attachment":[{"href":"https:\/\/www.medellin.gov.co\/es\/wp-json\/wp\/v2\/media?parent=191272"}],"wp:term":[{"taxonomy":"category","embeddable":true,"href":"https:\/\/www.medellin.gov.co\/es\/wp-json\/wp\/v2\/categories?post=191272"},{"taxonomy":"post_tag","embeddable":true,"href":"https:\/\/www.medellin.gov.co\/es\/wp-json\/wp\/v2\/tags?post=191272"},{"taxonomy":"formato_nota","embeddable":true,"href":"https:\/\/www.medellin.gov.co\/es\/wp-json\/wp\/v2\/formato_nota?post=191272"},{"taxonomy":"programas_tax","embeddable":true,"href":"https:\/\/www.medellin.gov.co\/es\/wp-json\/wp\/v2\/programas_tax?post=191272"}],"curies":[{"name":"wp","href":"https:\/\/api.w.org\/{rel}","templated":true}]}}