{"id":192037,"date":"2023-05-02T16:41:06","date_gmt":"2023-05-02T21:41:06","guid":{"rendered":"https:\/\/www.medellin.gov.co\/es\/?p=192037"},"modified":"2023-05-03T12:24:12","modified_gmt":"2023-05-03T17:24:12","slug":"rutas-de-atencion-del-centro-de-bienestar-animal-la-perla","status":"publish","type":"post","link":"https:\/\/www.medellin.gov.co\/es\/sala-de-prensa\/noticias\/rutas-de-atencion-del-centro-de-bienestar-animal-la-perla\/","title":{"rendered":"Rutas de atenci\u00f3n del Centro de Bienestar Animal &#8211; La Perla"},"content":{"rendered":"<p><span style=\"font-weight: 400;\">El Centro de Bienestar Animal &#8211; La Perla es un programa p\u00fablico del Distrito de Medell\u00edn, de atenci\u00f3n integral a la fauna dom\u00e9stica en situaci\u00f3n de alta vulnerabilidad y en muchos casos sin un cuidador responsable que les garanticen sus derechos y bienestar.\u00a0<\/span><\/p>\n<p><a href=\"https:\/\/www.medellin.gov.co\/es\/secretaria-medio-ambiente\/proteccion-y-bienestar-animal\/animales-de-compania\/\"><span style=\"font-weight: 400;\">En La Perla se realiza atenci\u00f3n integral a los animales de compa\u00f1\u00eda<\/span><\/a><span style=\"font-weight: 400;\"> mediante acciones de rescate, atenci\u00f3n cl\u00ednica completa, hospitalizaci\u00f3n, cirug\u00eda, esterilizaci\u00f3n, alojamiento y promoci\u00f3n de la adopci\u00f3n.<\/span><\/p>\n<p><a href=\"https:\/\/www.medellin.gov.co\/es\/wp-content\/uploads\/2023\/05\/Canales_de_atencion-01.jpg\" target=\"_blank\" rel=\"noopener\"><img loading=\"lazy\" class=\"alignnone wp-image-192060 size-full\" src=\"https:\/\/www.medellin.gov.co\/es\/wp-content\/uploads\/2023\/05\/Canales_de_atencion-01.jpg\" alt=\"\" width=\"1280\" height=\"1280\" srcset=\"https:\/\/www.medellin.gov.co\/es\/wp-content\/uploads\/2023\/05\/Canales_de_atencion-01.jpg 1280w, https:\/\/www.medellin.gov.co\/es\/wp-content\/uploads\/2023\/05\/Canales_de_atencion-01-300x300.jpg 300w, https:\/\/www.medellin.gov.co\/es\/wp-content\/uploads\/2023\/05\/Canales_de_atencion-01-1024x1024.jpg 1024w, https:\/\/www.medellin.gov.co\/es\/wp-content\/uploads\/2023\/05\/Canales_de_atencion-01-150x150.jpg 150w, https:\/\/www.medellin.gov.co\/es\/wp-content\/uploads\/2023\/05\/Canales_de_atencion-01-768x768.jpg 768w\" sizes=\"(max-width: 1280px) 100vw, 1280px\" \/><\/a><\/p>\n<p><span style=\"font-weight: 400;\">Dentro sus rutas de atenci\u00f3n, el Centro de Bienestar Animal &#8211; La Perla, cuenta con varias l\u00edneas dependiendo de la necesidad que requiera el ciudadano.<\/span><\/p>\n<ul>\n<li style=\"font-weight: 400;\" aria-level=\"1\"><span style=\"font-weight: 400;\">En caso de denuncias por maltrato animal se deber\u00e1 comunicar a la L\u00ednea \u00danica de emergencia 123.<\/span><\/li>\n<li style=\"font-weight: 400;\" aria-level=\"1\"><span style=\"font-weight: 400;\">Para procesos de adopciones est\u00e1 habilitada las l\u00edneas de WhatsApp 311 796 3457 y 311 7987303 (en este \u00faltimo tambi\u00e9n es posible realizar llamadas v\u00eda celular)<\/span><\/li>\n<li style=\"font-weight: 400;\" aria-level=\"1\"><span style=\"font-weight: 400;\">Para informaci\u00f3n general: 604 385 5560.<\/span><\/li>\n<\/ul>\n<p><b>\u00bfD\u00f3nde encuentro las sedes y puntos de atenci\u00f3n de La Perla?<\/b><\/p>\n<p><a href=\"https:\/\/www.medellin.gov.co\/es\/tramites-y-servicios\/adoptar-animales-de-compania\/\"><span style=\"font-weight: 400;\">La Perla cuenta con una sede principal en el corregimiento de Altavista,<\/span><\/a><span style=\"font-weight: 400;\"> donde se podr\u00e1n acercar las personas interesadas para solicitar informaci\u00f3n o iniciar un proceso de adopci\u00f3n de los perros y gatos disponibles. Adem\u00e1s, cuenta con otro punto de atenci\u00f3n y adopci\u00f3n en el Parque Ambiental La Frontera.<\/span><\/p>\n<p><b>\u00bfC\u00f3mo puedo adoptar en La Perla?<\/b><\/p>\n<div id=\"attachment_192069\" style=\"width: 1290px\" class=\"wp-caption alignnone\"><a href=\"https:\/\/www.medellin.gov.co\/es\/wp-content\/uploads\/2023\/05\/La-Perla-1.jpg\" target=\"_blank\" rel=\"noopener\"><img aria-describedby=\"caption-attachment-192069\" loading=\"lazy\" class=\"wp-image-192069 size-full\" title=\"Rutas de atenci\u00f3n del Centro de Bienestar Animal - La Perla\" src=\"https:\/\/www.medellin.gov.co\/es\/wp-content\/uploads\/2023\/05\/La-Perla-1.jpg\" alt=\"Rutas de atenci\u00f3n del Centro de Bienestar Animal - La Perla\" width=\"1280\" height=\"853\" srcset=\"https:\/\/www.medellin.gov.co\/es\/wp-content\/uploads\/2023\/05\/La-Perla-1.jpg 1280w, https:\/\/www.medellin.gov.co\/es\/wp-content\/uploads\/2023\/05\/La-Perla-1-300x200.jpg 300w, https:\/\/www.medellin.gov.co\/es\/wp-content\/uploads\/2023\/05\/La-Perla-1-1024x682.jpg 1024w, https:\/\/www.medellin.gov.co\/es\/wp-content\/uploads\/2023\/05\/La-Perla-1-150x100.jpg 150w, https:\/\/www.medellin.gov.co\/es\/wp-content\/uploads\/2023\/05\/La-Perla-1-768x512.jpg 768w\" sizes=\"(max-width: 1280px) 100vw, 1280px\" \/><\/a><p id=\"caption-attachment-192069\" class=\"wp-caption-text\">Rutas de atenci\u00f3n del Centro de Bienestar Animal &#8211; La Perla &#8211; Foto Alcald\u00eda de Medell\u00edn<\/p><\/div>\n<p><span style=\"font-weight: 400;\">Para realizar un proceso de adopci\u00f3n, existen los siguientes canales:<\/span><\/p>\n<ul>\n<li style=\"font-weight: 400;\" aria-level=\"1\"><span style=\"font-weight: 400;\">Por medio de visita presencial al CBA La Perla \u2013 Carrera 8\u00aa # 112 \u2013 82, Corregimiento Altavista.\u00a0<\/span><\/li>\n<\/ul>\n<p><span style=\"font-weight: 400;\">A las personas que hacen la solicitud de adopci\u00f3n se les realiza una entrevista y reciben un formulario para diligenciar. La entrevista est\u00e1 a cargo de un profesional social del Centro de Bienestar Animal sobre el entorno donde estar\u00e1 el animal de compa\u00f1\u00eda, el adoptante deber\u00e1 proporcionar la mayor cantidad de informaci\u00f3n del lugar y de la din\u00e1mica familiar.<\/span><\/p>\n<p><span style=\"font-weight: 400;\">Seg\u00fan las caracter\u00edsticas solicitadas por el adoptante para su animal de compa\u00f1\u00eda, se realizar\u00e1 un recorrido junto al m\u00e9dico veterinario donde se le presentar\u00e1n varios animales que cumplan con las caracter\u00edsticas.\u00a0<\/span><\/p>\n<p><span style=\"font-weight: 400;\">Se realizar\u00e1 la entrega del animal en el CBA La Perla siempre y cuando el adoptante disponga de un transporte que garantice la integridad del animal de compa\u00f1\u00eda, en caso contrario se programa una visita para realizar la entrega en la vivienda.<\/span><\/p>\n<ul>\n<li style=\"font-weight: 400;\" aria-level=\"1\"><span style=\"font-weight: 400;\">Por medio de visita presencial en punto de adopci\u00f3n La Frontera \u2013 Calle 18 sur, Avenida 43\u00aa, Parque Ambiental La Frontera.<\/span><\/li>\n<\/ul>\n<p><span style=\"font-weight: 400;\">Al igual que en La Perla en el punto de adopciones de La Frontera las personas interesadas en un proceso de adopci\u00f3n de animales de compa\u00f1\u00eda son entrevistadas por un profesional social y diligenciar\u00e1n un formulario para conocer las condiciones y el entorno del nuevo hogar del animal de compa\u00f1\u00eda.<\/span><\/p>\n<ul>\n<li style=\"font-weight: 400;\" aria-level=\"1\"><span style=\"font-weight: 400;\">Por medio de eventos externos:<\/span><\/li>\n<\/ul>\n<p><span style=\"font-weight: 400;\">Estas adopciones se dan cuando el ciudadano asiste a los eventos que se realizan en diferentes lugares estrat\u00e9gicos del Distrito de Medell\u00edn. El adoptante luego de observar los diferentes animales de compa\u00f1\u00eda que se encuentran all\u00ed y de indagar por sus caracter\u00edsticas (edad, temperamento y sexo), elegir\u00e1 el animal de compa\u00f1\u00eda que desea adoptar.<\/span><\/p>\n<p><span style=\"font-weight: 400;\">De igual manera, se realizar\u00e1 entrevista y diligenciamiento del formato. Para la entrega en el evento se debe cumplir con los mismos requisitos aplicados en las adopciones que se hacen en el CBA La Perla.<\/span><\/p>\n<div id=\"attachment_192075\" style=\"width: 1290px\" class=\"wp-caption alignnone\"><a href=\"https:\/\/www.medellin.gov.co\/es\/wp-content\/uploads\/2023\/05\/La-Perla-2.jpg\" target=\"_blank\" rel=\"noopener\"><img aria-describedby=\"caption-attachment-192075\" loading=\"lazy\" class=\"wp-image-192075 size-full\" title=\"Rutas de atenci\u00f3n del Centro de Bienestar Animal - La Perla\" src=\"https:\/\/www.medellin.gov.co\/es\/wp-content\/uploads\/2023\/05\/La-Perla-2.jpg\" alt=\"Rutas de atenci\u00f3n del Centro de Bienestar Animal - La Perla\" width=\"1280\" height=\"853\" srcset=\"https:\/\/www.medellin.gov.co\/es\/wp-content\/uploads\/2023\/05\/La-Perla-2.jpg 1280w, https:\/\/www.medellin.gov.co\/es\/wp-content\/uploads\/2023\/05\/La-Perla-2-300x200.jpg 300w, https:\/\/www.medellin.gov.co\/es\/wp-content\/uploads\/2023\/05\/La-Perla-2-1024x682.jpg 1024w, https:\/\/www.medellin.gov.co\/es\/wp-content\/uploads\/2023\/05\/La-Perla-2-150x100.jpg 150w, https:\/\/www.medellin.gov.co\/es\/wp-content\/uploads\/2023\/05\/La-Perla-2-768x512.jpg 768w\" sizes=\"(max-width: 1280px) 100vw, 1280px\" \/><\/a><p id=\"caption-attachment-192075\" class=\"wp-caption-text\">Rutas de atenci\u00f3n del Centro de Bienestar Animal &#8211; La Perla &#8211; Foto Alcald\u00eda de Medell\u00edn<\/p><\/div>\n<p><span style=\"font-weight: 400;\">Transversal a todo el proceso de adopci\u00f3n y en los diferentes canales de atenci\u00f3n, el profesional del CBA La Perla, realiza un trabajo de sensibilizaci\u00f3n sobre la responsabilidad y el compromiso de la adopci\u00f3n.<\/span><\/p>\n<p><span style=\"font-weight: 400;\">Es importante mencionar que, dentro del primer mes de adopci\u00f3n, los profesionales de La Perla brindar\u00e1n acompa\u00f1amiento m\u00e9dico y comportamental a los nuevos cuidadores del animal de compa\u00f1\u00eda, pero no tendr\u00e1 cobertura para urgencias m\u00e9dicas, ni atenci\u00f3n inmediata.<\/span><\/p>\n<p><span style=\"font-weight: 400;\">Los seguimientos se podr\u00e1n realizar de manera telef\u00f3nica o por medio de una visita cuya finalidad ser\u00e1 indagar sobre el proceso de adaptaci\u00f3n del animal de compa\u00f1\u00eda y los cambios m\u00e1s relevantes en la din\u00e1mica familiar del hogar, para de este modo, brindar la asesor\u00eda correspondiente.<\/span><\/p>\n<div id=\"attachment_192077\" style=\"width: 1290px\" class=\"wp-caption alignnone\"><a href=\"https:\/\/www.medellin.gov.co\/es\/wp-content\/uploads\/2023\/05\/La-Perla-3.jpg\" target=\"_blank\" rel=\"noopener\"><img aria-describedby=\"caption-attachment-192077\" loading=\"lazy\" class=\"wp-image-192077 size-full\" title=\"Rutas de atenci\u00f3n del Centro de Bienestar Animal - La Perla\" src=\"https:\/\/www.medellin.gov.co\/es\/wp-content\/uploads\/2023\/05\/La-Perla-3.jpg\" alt=\"Rutas de atenci\u00f3n del Centro de Bienestar Animal - La Perla\" width=\"1280\" height=\"853\" srcset=\"https:\/\/www.medellin.gov.co\/es\/wp-content\/uploads\/2023\/05\/La-Perla-3.jpg 1280w, https:\/\/www.medellin.gov.co\/es\/wp-content\/uploads\/2023\/05\/La-Perla-3-300x200.jpg 300w, https:\/\/www.medellin.gov.co\/es\/wp-content\/uploads\/2023\/05\/La-Perla-3-1024x682.jpg 1024w, https:\/\/www.medellin.gov.co\/es\/wp-content\/uploads\/2023\/05\/La-Perla-3-150x100.jpg 150w, https:\/\/www.medellin.gov.co\/es\/wp-content\/uploads\/2023\/05\/La-Perla-3-768x512.jpg 768w\" sizes=\"(max-width: 1280px) 100vw, 1280px\" \/><\/a><p id=\"caption-attachment-192077\" class=\"wp-caption-text\">Rutas de atenci\u00f3n del Centro de Bienestar Animal &#8211; La Perla &#8211; Foto Alcald\u00eda de Medell\u00edn<\/p><\/div>\n","protected":false},"excerpt":{"rendered":"<p>El Centro de Bienestar Animal &#8211; La Perla es un programa p\u00fablico del Distrito de Medell\u00edn, de atenci\u00f3n integral a la fauna dom\u00e9stica en situaci\u00f3n de alta vulnerabilidad y en muchos casos sin un cuidador &#8230;<\/p>\n","protected":false},"author":21,"featured_media":192073,"comment_status":"open","ping_status":"open","sticky":false,"template":"","format":"standard","meta":[],"categories":[13],"tags":[446,436],"formato_nota":[],"programas_tax":[],"acf":[],"_links":{"self":[{"href":"https:\/\/www.medellin.gov.co\/es\/wp-json\/wp\/v2\/posts\/192037"}],"collection":[{"href":"https:\/\/www.medellin.gov.co\/es\/wp-json\/wp\/v2\/posts"}],"about":[{"href":"https:\/\/www.medellin.gov.co\/es\/wp-json\/wp\/v2\/types\/post"}],"author":[{"embeddable":true,"href":"https:\/\/www.medellin.gov.co\/es\/wp-json\/wp\/v2\/users\/21"}],"replies":[{"embeddable":true,"href":"https:\/\/www.medellin.gov.co\/es\/wp-json\/wp\/v2\/comments?post=192037"}],"version-history":[{"count":2,"href":"https:\/\/www.medellin.gov.co\/es\/wp-json\/wp\/v2\/posts\/192037\/revisions"}],"predecessor-version":[{"id":192502,"href":"https:\/\/www.medellin.gov.co\/es\/wp-json\/wp\/v2\/posts\/192037\/revisions\/192502"}],"wp:featuredmedia":[{"embeddable":true,"href":"https:\/\/www.medellin.gov.co\/es\/wp-json\/wp\/v2\/media\/192073"}],"wp:attachment":[{"href":"https:\/\/www.medellin.gov.co\/es\/wp-json\/wp\/v2\/media?parent=192037"}],"wp:term":[{"taxonomy":"category","embeddable":true,"href":"https:\/\/www.medellin.gov.co\/es\/wp-json\/wp\/v2\/categories?post=192037"},{"taxonomy":"post_tag","embeddable":true,"href":"https:\/\/www.medellin.gov.co\/es\/wp-json\/wp\/v2\/tags?post=192037"},{"taxonomy":"formato_nota","embeddable":true,"href":"https:\/\/www.medellin.gov.co\/es\/wp-json\/wp\/v2\/formato_nota?post=192037"},{"taxonomy":"programas_tax","embeddable":true,"href":"https:\/\/www.medellin.gov.co\/es\/wp-json\/wp\/v2\/programas_tax?post=192037"}],"curies":[{"name":"wp","href":"https:\/\/api.w.org\/{rel}","templated":true}]}}