{"id":192431,"date":"2023-05-03T09:41:11","date_gmt":"2023-05-03T14:41:11","guid":{"rendered":"https:\/\/www.medellin.gov.co\/es\/?p=192431"},"modified":"2023-05-03T09:41:11","modified_gmt":"2023-05-03T14:41:11","slug":"en-el-mes-de-la-familia-medellin-presenta-el-observatorio-de-familia-para-analizar-las-realidades-de-los-hogares-del-distrito","status":"publish","type":"post","link":"https:\/\/www.medellin.gov.co\/es\/sala-de-prensa\/noticias\/en-el-mes-de-la-familia-medellin-presenta-el-observatorio-de-familia-para-analizar-las-realidades-de-los-hogares-del-distrito\/","title":{"rendered":"En el mes de la familia, Medell\u00edn presenta el Observatorio de Familia para analizar las realidades de los hogares del Distrito"},"content":{"rendered":"<ul>\n<li>Permitir\u00e1 identificar problem\u00e1ticas y focalizar acciones que fortalezcan el acceso y garant\u00eda de los derechos, en beneficio de unos 815.493 hogares.<\/li>\n<li>En mayo, mes de la familia, Medell\u00edn realizar\u00e1 40 actividades de programaci\u00f3n acad\u00e9mica, recreativa, cultural y con amplia oferta de servicios.<\/li>\n<\/ul>\n<!--[if lt IE 9]><script>document.createElement('audio');<\/script><![endif]-->\n\t<div class=\"wp-playlist wp-audio-playlist wp-playlist-light\">\n\t\t\t<div class=\"wp-playlist-current-item\"><\/div>\n\t\t<audio controls=\"controls\" preload=\"none\" width=\"640\"\n\t\t\t><\/audio>\n\t<div class=\"wp-playlist-next\"><\/div>\n\t<div class=\"wp-playlist-prev\"><\/div>\n\t<noscript>\n\t<ol>\n\t\t<li><a href='https:\/\/www.medellin.gov.co\/es\/wp-content\/uploads\/2023\/05\/mes-de-la-familia.mp3'>Palabras de Isabel Cristina Cadavid \u00c1lvarez, secretaria de Inclusi\u00f3n Social, Familia y Derechos Humanos.<\/a><\/li>\t<\/ol>\n\t<\/noscript>\n\t<script type=\"application\/json\" class=\"wp-playlist-script\">{\"type\":\"audio\",\"tracklist\":true,\"tracknumbers\":true,\"images\":true,\"artists\":true,\"tracks\":[{\"src\":\"https:\\\/\\\/www.medellin.gov.co\\\/es\\\/wp-content\\\/uploads\\\/2023\\\/05\\\/mes-de-la-familia.mp3\",\"type\":\"audio\\\/mpeg\",\"title\":\"Palabras de Isabel Cristina Cadavid \\u00c1lvarez, secretaria de Inclusi\\u00f3n Social, Familia y Derechos Humanos.\",\"caption\":\"\",\"description\":\"Palabras de Isabel Cristina Cadavid \\u00c1lvarez, secretaria de Inclusi\\u00f3n Social, Familia y Derechos Humanos.\",\"meta\":{\"year\":\"2023\",\"length_formatted\":\"1:01\"},\"image\":{\"src\":\"https:\\\/\\\/www.medellin.gov.co\\\/es\\\/wp-includes\\\/images\\\/media\\\/audio.png\",\"width\":48,\"height\":64},\"thumb\":{\"src\":\"https:\\\/\\\/www.medellin.gov.co\\\/es\\\/wp-includes\\\/images\\\/media\\\/audio.png\",\"width\":48,\"height\":64}}]}<\/script>\n<\/div>\n\t\n<p><span style=\"font-weight: 400;\">En el mes de la familia, la Alcald\u00eda de Medell\u00edn puso en marcha el Observatorio de Familia, que investigar\u00e1 las condiciones de vida de las familias de la ciudad, reunidas en 815.493 hogares, seg\u00fan el \u00faltimo censo del DANE (2018).\u00a0<\/span><\/p>\n<p><span style=\"font-weight: 400;\">El observatorio est\u00e1 integrado por nueve profesionales, quienes asumen la investigaci\u00f3n, seguimiento, monitoreo y gesti\u00f3n del conocimiento, para tomar mejores decisiones con miras a la promoci\u00f3n, protecci\u00f3n, garant\u00eda y restablecimiento de los derechos.<\/span><\/p>\n<p><span style=\"font-weight: 400;\">Se investigar\u00e1, adem\u00e1s, acerca de la calidad de vida, con \u00e9nfasis en el goce y disfrute efectivo de derechos como colectivo. Se determinar\u00e1n elementos relacionados con las condiciones socioecon\u00f3micas, de salud mental, formaci\u00f3n alrededor de la ciudadan\u00eda y la democracia, as\u00ed como alertas para disminuir la violencia.<\/span><\/p>\n<p><i><span style=\"font-weight: 400;\">\u201cEsta es una herramienta que cuenta con un grupo interdisciplinario que va a estar en el territorio caracterizando y recolectando la informaci\u00f3n de las din\u00e1micas y problem\u00e1ticas que desde all\u00ed se viven. La Alcald\u00eda de Medell\u00edn sigue comprometida con las familias del Distrito\u201d,<\/span><\/i><span style=\"font-weight: 400;\"> expres\u00f3 la secretaria de Inclusi\u00f3n Social, Familia y Derechos Humanos, Isabel Cristina Cadavid \u00c1lvarez.<\/span><\/p>\n<p><span style=\"font-weight: 400;\">El observatorio se fortalecer\u00e1, tambi\u00e9n, con el trabajo diario de m\u00e1s de 500 profesionales en \u00e1reas de trabajo social y psicolog\u00eda, quienes ofrecen atenci\u00f3n en los Centros Integrales de Familia y mediante visitas en los hogares y en las instituciones educativas, donde recopilan informaci\u00f3n y adelantan estudios para evidenciar derechos a los que no se accede.<\/span><\/p>\n<p><span style=\"font-weight: 400;\">Adicionalmente, el observatorio aportar\u00e1 a la actualizaci\u00f3n de la Pol\u00edtica P\u00fablica para la Familia, lo que contribuye a que Medell\u00edn florezca cada vez m\u00e1s.<\/span><\/p>\n<p><i><span style=\"font-weight: 400;\">\u201cMuy agradecida con el acompa\u00f1amiento familiar. Ha sido un apoyo excelente en cuanto a lo emocional, como en el emprendimiento que tengo del almac\u00e9n\u201d,<\/span><\/i><span style=\"font-weight: 400;\"> expres\u00f3 Gilma Hoyos Mira, habitante de Aranjuez y beneficiaria de los Centros Integrales de Familia (CIF) y de los emprendimientos del Centro del Valle del Software (CVS).<\/span><\/p>\n<p><span style=\"font-weight: 400;\">En 2022, 2.215 familias recibieron acompa\u00f1amiento con la estrategia <\/span><i><span style=\"font-weight: 400;\">Volver a Casa<\/span><\/i><span style=\"font-weight: 400;\">, 11.332 se beneficiaron con los 21 Centros Integrales de Familia, 598 se formaron y certificaron en la Escuela para la Inclusi\u00f3n y 22.414 familias fueron apoyadas para la superaci\u00f3n de la pobreza monetaria y multidimensional.<\/span><\/p>\n<p><span style=\"font-weight: 400;\">En el marco del mes de la familia, se realizar\u00e1n 40 actividades con amplia oferta de servicios y una variada programaci\u00f3n acad\u00e9mica, recreativa y cultural, disponible en:\u00a0 <\/span><a href=\"https:\/\/www.medellin.gov.co\/es\/centro-documental\/agenda-mayo-mes-de-la-familia\/\" target=\"_blank\" rel=\"noopener\"><span style=\"font-weight: 400;\">https:\/\/www.medellin.gov.co\/es\/centro-documental\/agenda-mayo-mes-de-la-familia\/<\/span><\/a><span style=\"font-weight: 400;\">.<\/span><\/p>\n","protected":false},"excerpt":{"rendered":"<p>Permitir\u00e1 identificar problem\u00e1ticas y focalizar acciones que fortalezcan el acceso y garant\u00eda de los derechos, en beneficio de unos 815.493 hogares. En mayo, mes de la familia, Medell\u00edn realizar\u00e1 40 actividades de programaci\u00f3n acad\u00e9mica, recreativa, &#8230;<\/p>\n","protected":false},"author":4,"featured_media":192436,"comment_status":"open","ping_status":"open","sticky":false,"template":"","format":"standard","meta":[],"categories":[1],"tags":[451,444,428],"formato_nota":[],"programas_tax":[],"acf":[],"_links":{"self":[{"href":"https:\/\/www.medellin.gov.co\/es\/wp-json\/wp\/v2\/posts\/192431"}],"collection":[{"href":"https:\/\/www.medellin.gov.co\/es\/wp-json\/wp\/v2\/posts"}],"about":[{"href":"https:\/\/www.medellin.gov.co\/es\/wp-json\/wp\/v2\/types\/post"}],"author":[{"embeddable":true,"href":"https:\/\/www.medellin.gov.co\/es\/wp-json\/wp\/v2\/users\/4"}],"replies":[{"embeddable":true,"href":"https:\/\/www.medellin.gov.co\/es\/wp-json\/wp\/v2\/comments?post=192431"}],"version-history":[{"count":1,"href":"https:\/\/www.medellin.gov.co\/es\/wp-json\/wp\/v2\/posts\/192431\/revisions"}],"predecessor-version":[{"id":192438,"href":"https:\/\/www.medellin.gov.co\/es\/wp-json\/wp\/v2\/posts\/192431\/revisions\/192438"}],"wp:featuredmedia":[{"embeddable":true,"href":"https:\/\/www.medellin.gov.co\/es\/wp-json\/wp\/v2\/media\/192436"}],"wp:attachment":[{"href":"https:\/\/www.medellin.gov.co\/es\/wp-json\/wp\/v2\/media?parent=192431"}],"wp:term":[{"taxonomy":"category","embeddable":true,"href":"https:\/\/www.medellin.gov.co\/es\/wp-json\/wp\/v2\/categories?post=192431"},{"taxonomy":"post_tag","embeddable":true,"href":"https:\/\/www.medellin.gov.co\/es\/wp-json\/wp\/v2\/tags?post=192431"},{"taxonomy":"formato_nota","embeddable":true,"href":"https:\/\/www.medellin.gov.co\/es\/wp-json\/wp\/v2\/formato_nota?post=192431"},{"taxonomy":"programas_tax","embeddable":true,"href":"https:\/\/www.medellin.gov.co\/es\/wp-json\/wp\/v2\/programas_tax?post=192431"}],"curies":[{"name":"wp","href":"https:\/\/api.w.org\/{rel}","templated":true}]}}