{"id":193854,"date":"2023-05-07T18:51:01","date_gmt":"2023-05-07T23:51:01","guid":{"rendered":"https:\/\/www.medellin.gov.co\/es\/?p=193854"},"modified":"2023-05-07T18:51:01","modified_gmt":"2023-05-07T23:51:01","slug":"avanzan-los-trabajos-para-rehabilitar-la-calzada-occidental-de-la-avenida-paralela","status":"publish","type":"post","link":"https:\/\/www.medellin.gov.co\/es\/sala-de-prensa\/noticias\/avanzan-los-trabajos-para-rehabilitar-la-calzada-occidental-de-la-avenida-paralela\/","title":{"rendered":"Avanzan los trabajos para rehabilitar la calzada occidental de la Avenida Paralela"},"content":{"rendered":"<ul>\n<li>Un equipo de la Secretar\u00eda de Infraestructura F\u00edsica realiza la intervenci\u00f3n a la altura de la calle 91\u00aa, entre las estaciones Tricentenario y Caribe.<\/li>\n<li>La v\u00eda permanece cerrada en sentido Norte \u2013 Sur debido a un hundimiento de grandes proporciones.<\/li>\n<li>Tras identificar que la cobertura de la quebrada La Cantera est\u00e1 en buen estado, se est\u00e1 aplicando un lleno para la posterior pavimentaci\u00f3n.<\/li>\n<\/ul>\n<!--[if lt IE 9]><script>document.createElement('audio');<\/script><![endif]-->\n\t<div class=\"wp-playlist wp-audio-playlist wp-playlist-light\">\n\t\t\t<div class=\"wp-playlist-current-item\"><\/div>\n\t\t<audio controls=\"controls\" preload=\"none\" width=\"640\"\n\t\t\t><\/audio>\n\t<div class=\"wp-playlist-next\"><\/div>\n\t<div class=\"wp-playlist-prev\"><\/div>\n\t<noscript>\n\t<ol>\n\t\t<li><a href='https:\/\/www.medellin.gov.co\/es\/wp-content\/uploads\/2023\/05\/Obras-Calzada-Occidental-01.mp3'>Palabras de Adri\u00e1n Correa Ochoa, subsecretario de Construcci\u00f3n y Mantenimiento de la Secretar\u00eda de Infraestructura F\u00edsica<\/a><\/li>\t<\/ol>\n\t<\/noscript>\n\t<script type=\"application\/json\" class=\"wp-playlist-script\">{\"type\":\"audio\",\"tracklist\":true,\"tracknumbers\":true,\"images\":true,\"artists\":true,\"tracks\":[{\"src\":\"https:\\\/\\\/www.medellin.gov.co\\\/es\\\/wp-content\\\/uploads\\\/2023\\\/05\\\/Obras-Calzada-Occidental-01.mp3\",\"type\":\"audio\\\/mpeg\",\"title\":\"Palabras de Adri\\u00e1n Correa Ochoa, subsecretario de Construcci\\u00f3n y Mantenimiento de la Secretar\\u00eda de Infraestructura F\\u00edsica\",\"caption\":\"\",\"description\":\"\\u00abPalabras de Adri\\u00e1n Correa Ochoa, subsecretario de Construcci\\u00f3n y Mantenimiento de la Secretar\\u00eda de Infraestructura F\\u00edsica\\u00bb.\",\"meta\":{\"year\":\"2023\",\"length_formatted\":\"0:40\"},\"image\":{\"src\":\"https:\\\/\\\/www.medellin.gov.co\\\/es\\\/wp-includes\\\/images\\\/media\\\/audio.png\",\"width\":48,\"height\":64},\"thumb\":{\"src\":\"https:\\\/\\\/www.medellin.gov.co\\\/es\\\/wp-includes\\\/images\\\/media\\\/audio.png\",\"width\":48,\"height\":64}}]}<\/script>\n<\/div>\n\t\n<p>En la Avenida La Paralela avanzan los trabajos para la rehabilitaci\u00f3n de la calzada occidental de la v\u00eda, luego que \u00e9sta tuviera que ser cerrada por un hundimiento s\u00fabito se present\u00f3 a la altura de la calle 91\u00aa, afectando la movilidad en este corredor que permite el flujo vehicular en sentido Norte \u2013 Sur entre las estaciones Tricentenario y Caribe del Metro.<\/p>\n<p>Luego de inspeccionar e identificar que hay un buen estado de la cobertura de la quebrada La Cantera, que cruza por el sector, un equipo de la Secretar\u00eda de Infraestructura F\u00edsica implementa acciones para la aplicaci\u00f3n de un lleno con material en el hueco de aproximadamente 5 metros de profundidad.<\/p>\n<div id=\"attachment_193856\" style=\"width: 1290px\" class=\"wp-caption alignnone\"><a href=\"https:\/\/www.medellin.gov.co\/es\/wp-content\/uploads\/2023\/05\/Obras-Calzada-Occidental-2.jpg\" target=\"_blank\" rel=\"noopener\"><img aria-describedby=\"caption-attachment-193856\" loading=\"lazy\" class=\"wp-image-193856 size-full\" title=\"Avanzan los trabajos para rehabilitar la calzada occidental de la Avenida Paralela\" src=\"https:\/\/www.medellin.gov.co\/es\/wp-content\/uploads\/2023\/05\/Obras-Calzada-Occidental-2.jpg\" alt=\"Avanzan los trabajos para rehabilitar la calzada occidental de la Avenida Paralela\" width=\"1280\" height=\"960\" srcset=\"https:\/\/www.medellin.gov.co\/es\/wp-content\/uploads\/2023\/05\/Obras-Calzada-Occidental-2.jpg 1280w, https:\/\/www.medellin.gov.co\/es\/wp-content\/uploads\/2023\/05\/Obras-Calzada-Occidental-2-300x225.jpg 300w, https:\/\/www.medellin.gov.co\/es\/wp-content\/uploads\/2023\/05\/Obras-Calzada-Occidental-2-1024x768.jpg 1024w, https:\/\/www.medellin.gov.co\/es\/wp-content\/uploads\/2023\/05\/Obras-Calzada-Occidental-2-150x113.jpg 150w, https:\/\/www.medellin.gov.co\/es\/wp-content\/uploads\/2023\/05\/Obras-Calzada-Occidental-2-768x576.jpg 768w\" sizes=\"(max-width: 1280px) 100vw, 1280px\" \/><\/a><p id=\"caption-attachment-193856\" class=\"wp-caption-text\">Avanzan los trabajos para rehabilitar la calzada occidental de la Avenida Paralela &#8211; Foto Alcald\u00eda de Medell\u00edn<\/p><\/div>\n<p>\u201c<em>Estamos realizando el lleno estructural del hueco que se nos present\u00f3. Luego de realizar las investigaciones pertinentes, encontramos que la cobertura no ten\u00eda ning\u00fan problema de filtraci\u00f3n y por esa raz\u00f3n estamos iniciando con el lleno estructural. Luego de este lleno estructura se proceder\u00e1 a la pavimentaci\u00f3n de la v\u00eda y apertura de la misma. Esperamos este fin de semana estar haciendo toda la labor completa<\/em>\u201d, expres\u00f3 el subsecretario de Construcci\u00f3n y Mantenimiento de la Secretar\u00eda de Infraestructura F\u00edsica, Adri\u00e1n Correa Ochoa.<\/p>\n<p>El cierre de la v\u00eda se mantendr\u00e1 hasta finalizar los trabajos para evitar accidentes y garantizar la seguridad de los conductores. Por el momento, como v\u00edas alternas, est\u00e1n la calzada oriental de la misma Avenida Paralela y la Autopista Norte.<\/p>\n","protected":false},"excerpt":{"rendered":"<p>Un equipo de la Secretar\u00eda de Infraestructura F\u00edsica realiza la intervenci\u00f3n a la altura de la calle 91\u00aa, entre las estaciones Tricentenario y Caribe. La v\u00eda permanece cerrada en sentido Norte \u2013 Sur debido a &#8230;<\/p>\n","protected":false},"author":21,"featured_media":193859,"comment_status":"open","ping_status":"open","sticky":false,"template":"","format":"standard","meta":[],"categories":[11],"tags":[442],"formato_nota":[],"programas_tax":[],"acf":[],"_links":{"self":[{"href":"https:\/\/www.medellin.gov.co\/es\/wp-json\/wp\/v2\/posts\/193854"}],"collection":[{"href":"https:\/\/www.medellin.gov.co\/es\/wp-json\/wp\/v2\/posts"}],"about":[{"href":"https:\/\/www.medellin.gov.co\/es\/wp-json\/wp\/v2\/types\/post"}],"author":[{"embeddable":true,"href":"https:\/\/www.medellin.gov.co\/es\/wp-json\/wp\/v2\/users\/21"}],"replies":[{"embeddable":true,"href":"https:\/\/www.medellin.gov.co\/es\/wp-json\/wp\/v2\/comments?post=193854"}],"version-history":[{"count":1,"href":"https:\/\/www.medellin.gov.co\/es\/wp-json\/wp\/v2\/posts\/193854\/revisions"}],"predecessor-version":[{"id":193861,"href":"https:\/\/www.medellin.gov.co\/es\/wp-json\/wp\/v2\/posts\/193854\/revisions\/193861"}],"wp:featuredmedia":[{"embeddable":true,"href":"https:\/\/www.medellin.gov.co\/es\/wp-json\/wp\/v2\/media\/193859"}],"wp:attachment":[{"href":"https:\/\/www.medellin.gov.co\/es\/wp-json\/wp\/v2\/media?parent=193854"}],"wp:term":[{"taxonomy":"category","embeddable":true,"href":"https:\/\/www.medellin.gov.co\/es\/wp-json\/wp\/v2\/categories?post=193854"},{"taxonomy":"post_tag","embeddable":true,"href":"https:\/\/www.medellin.gov.co\/es\/wp-json\/wp\/v2\/tags?post=193854"},{"taxonomy":"formato_nota","embeddable":true,"href":"https:\/\/www.medellin.gov.co\/es\/wp-json\/wp\/v2\/formato_nota?post=193854"},{"taxonomy":"programas_tax","embeddable":true,"href":"https:\/\/www.medellin.gov.co\/es\/wp-json\/wp\/v2\/programas_tax?post=193854"}],"curies":[{"name":"wp","href":"https:\/\/api.w.org\/{rel}","templated":true}]}}