{"id":193876,"date":"2023-05-07T19:05:27","date_gmt":"2023-05-08T00:05:27","guid":{"rendered":"https:\/\/www.medellin.gov.co\/es\/?p=193876"},"modified":"2023-05-07T19:05:27","modified_gmt":"2023-05-08T00:05:27","slug":"el-90-de-los-programas-de-la-i-u-colegio-mayor-de-antioquia-cuentan-con-acreditacion-en-alta-calidad","status":"publish","type":"post","link":"https:\/\/www.medellin.gov.co\/es\/sala-de-prensa\/noticias\/el-90-de-los-programas-de-la-i-u-colegio-mayor-de-antioquia-cuentan-con-acreditacion-en-alta-calidad\/","title":{"rendered":"El 90 % de los programas de la I. U. Colegio Mayor de Antioquia cuentan con Acreditaci\u00f3n en Alta Calidad"},"content":{"rendered":"<ul>\n<li>Este reconocimiento es otorgado por el Ministerio de Educaci\u00f3n Nacional.<\/li>\n<li>La Tecnolog\u00eda en Gesti\u00f3n Comunitaria, que cumple una d\u00e9cada, obtuvo la acreditaci\u00f3n.<\/li>\n<li>Bacteriolog\u00eda y Laboratorio Cl\u00ednico, Administraci\u00f3n de Empresas Tur\u00edsticas,\u00a0 Planeaci\u00f3n y Desarrollo Social, entre otros, tambi\u00e9n la tienen.<\/li>\n<\/ul>\n<!--[if lt IE 9]><script>document.createElement('audio');<\/script><![endif]-->\n\t<div class=\"wp-playlist wp-audio-playlist wp-playlist-light\">\n\t\t\t<div class=\"wp-playlist-current-item\"><\/div>\n\t\t<audio controls=\"controls\" preload=\"none\" width=\"640\"\n\t\t\t><\/audio>\n\t<div class=\"wp-playlist-next\"><\/div>\n\t<div class=\"wp-playlist-prev\"><\/div>\n\t<noscript>\n\t<ol>\n\t\t<li><a href='https:\/\/www.medellin.gov.co\/es\/wp-content\/uploads\/2023\/05\/Acreditacion-Colegio-Mayor-01.mp3'>Palabras de Esteban Su\u00e1rez Yepes, estudiante Colegio Mayor de Antioquia<\/a><\/li><li><a href='https:\/\/www.medellin.gov.co\/es\/wp-content\/uploads\/2023\/05\/Acreditacion-Colegio-Mayor-02.mp3'>Palabras de Carlos Mario Correa Cadavid, decano de la Facultad de Ciencias Sociales y Educaci\u00f3n<\/a><\/li><li><a href='https:\/\/www.medellin.gov.co\/es\/wp-content\/uploads\/2023\/05\/Acreditacion-Colegio-Mayor-03.mp3'>Palabras de Esteban Su\u00e1rez Yepes, estudiante Colegio Mayor de Antioquia<\/a><\/li>\t<\/ol>\n\t<\/noscript>\n\t<script type=\"application\/json\" class=\"wp-playlist-script\">{\"type\":\"audio\",\"tracklist\":true,\"tracknumbers\":true,\"images\":true,\"artists\":true,\"tracks\":[{\"src\":\"https:\\\/\\\/www.medellin.gov.co\\\/es\\\/wp-content\\\/uploads\\\/2023\\\/05\\\/Acreditacion-Colegio-Mayor-01.mp3\",\"type\":\"audio\\\/mpeg\",\"title\":\"Palabras de Esteban Su\\u00e1rez Yepes, estudiante Colegio Mayor de Antioquia\",\"caption\":\"\",\"description\":\"\\u00abPalabras de Esteban Su\\u00e1rez Yepes, estudiante Colegio Mayor de Antioquia\\u00bb.\",\"meta\":{\"year\":\"2023\",\"length_formatted\":\"1:56\"},\"image\":{\"src\":\"https:\\\/\\\/www.medellin.gov.co\\\/es\\\/wp-includes\\\/images\\\/media\\\/audio.png\",\"width\":48,\"height\":64},\"thumb\":{\"src\":\"https:\\\/\\\/www.medellin.gov.co\\\/es\\\/wp-includes\\\/images\\\/media\\\/audio.png\",\"width\":48,\"height\":64}},{\"src\":\"https:\\\/\\\/www.medellin.gov.co\\\/es\\\/wp-content\\\/uploads\\\/2023\\\/05\\\/Acreditacion-Colegio-Mayor-02.mp3\",\"type\":\"audio\\\/mpeg\",\"title\":\"Palabras de Carlos Mario Correa Cadavid, decano de la Facultad de Ciencias Sociales y Educaci\\u00f3n\",\"caption\":\"\",\"description\":\"\\u00abPalabras de Carlos Mario Correa Cadavid, decano de la Facultad de Ciencias Sociales y Educaci\\u00f3n \\u00bb.\",\"meta\":{\"year\":\"2023\",\"length_formatted\":\"1:07\"},\"image\":{\"src\":\"https:\\\/\\\/www.medellin.gov.co\\\/es\\\/wp-includes\\\/images\\\/media\\\/audio.png\",\"width\":48,\"height\":64},\"thumb\":{\"src\":\"https:\\\/\\\/www.medellin.gov.co\\\/es\\\/wp-includes\\\/images\\\/media\\\/audio.png\",\"width\":48,\"height\":64}},{\"src\":\"https:\\\/\\\/www.medellin.gov.co\\\/es\\\/wp-content\\\/uploads\\\/2023\\\/05\\\/Acreditacion-Colegio-Mayor-03.mp3\",\"type\":\"audio\\\/mpeg\",\"title\":\"Palabras de Esteban Su\\u00e1rez Yepes, estudiante Colegio Mayor de Antioquia\",\"caption\":\"\",\"description\":\"\\u00abPalabras de Esteban Su\\u00e1rez Yepes, estudiante Colegio Mayor de Antioquia\\u00bb.\",\"meta\":{\"year\":\"2023\",\"length_formatted\":\"0:45\"},\"image\":{\"src\":\"https:\\\/\\\/www.medellin.gov.co\\\/es\\\/wp-includes\\\/images\\\/media\\\/audio.png\",\"width\":48,\"height\":64},\"thumb\":{\"src\":\"https:\\\/\\\/www.medellin.gov.co\\\/es\\\/wp-includes\\\/images\\\/media\\\/audio.png\",\"width\":48,\"height\":64}}]}<\/script>\n<\/div>\n\t\n<p>El 90 % de los programas acreditables de la Instituci\u00f3n Universitaria Colegio Mayor de Antioquia cuentan con la Acreditaci\u00f3n en Alta Calidad otorgada por el Ministerio de Educaci\u00f3n Nacional, lo que demuestra el compromiso con la educaci\u00f3n de alto nivel en la ciudad y el pa\u00eds.<\/p>\n<p>Luego de diez a\u00f1os de oferta, la Tecnolog\u00eda en Gesti\u00f3n Comunitaria obtuvo esa acreditaci\u00f3n, lo que le permite seguir aportando a mejorar los procesos de inclusi\u00f3n, con propuestas que favorezcan a los habitantes de los territorios.<\/p>\n<p>\u201c<em>Docentes, estudiantes y acad\u00e9micos hemos dise\u00f1ado este programa desde las bases comunitarias para atender las necesidades de la ciudad, la regi\u00f3n y el pa\u00eds. Este es un pregrado comprometido con la democratizaci\u00f3n social y pol\u00edtica de los escenarios locales, a trav\u00e9s de la formaci\u00f3n de tecn\u00f3logos socialmente cr\u00edticos, \u00e9ticos y t\u00e9cnicamente comprometidos<\/em>\u201d, afirm\u00f3 el decano de la Facultad de Ciencias Sociales y Educaci\u00f3n, Carlos Mario Correa Cadavid.<\/p>\n<p>En total son nueve programas que han recibido el reconocimiento: Bacteriolog\u00eda y Laboratorio Cl\u00ednico, Administraci\u00f3n de Empresas Tur\u00edsticas, Biotecnolog\u00eda, Tecnolog\u00eda en Gesti\u00f3n de Servicios Gastron\u00f3micos, Ingenier\u00eda Ambiental, Planeaci\u00f3n y Desarrollo Social, Tecnolog\u00eda en Delineante de Arquitectura e Ingenier\u00eda en Construcciones Civiles, y\u00a0 Tecnolog\u00eda en Gesti\u00f3n Comunitaria.<\/p>\n<div id=\"attachment_193886\" style=\"width: 1290px\" class=\"wp-caption alignnone\"><a href=\"https:\/\/www.medellin.gov.co\/es\/wp-content\/uploads\/2023\/05\/Acreditacion-Colegio-Mayor-2.jpg\" target=\"_blank\" rel=\"noopener\"><img aria-describedby=\"caption-attachment-193886\" loading=\"lazy\" class=\"wp-image-193886 size-full\" title=\"El 90 % de los programas de la I. U. Colegio Mayor de Antioquia cuentan con Acreditaci\u00f3n en Alta Calidad\" src=\"https:\/\/www.medellin.gov.co\/es\/wp-content\/uploads\/2023\/05\/Acreditacion-Colegio-Mayor-2.jpg\" alt=\"El 90 % de los programas de la I. U. Colegio Mayor de Antioquia cuentan con Acreditaci\u00f3n en Alta Calidad\" width=\"1280\" height=\"720\" srcset=\"https:\/\/www.medellin.gov.co\/es\/wp-content\/uploads\/2023\/05\/Acreditacion-Colegio-Mayor-2.jpg 1280w, https:\/\/www.medellin.gov.co\/es\/wp-content\/uploads\/2023\/05\/Acreditacion-Colegio-Mayor-2-300x169.jpg 300w, https:\/\/www.medellin.gov.co\/es\/wp-content\/uploads\/2023\/05\/Acreditacion-Colegio-Mayor-2-1024x576.jpg 1024w, https:\/\/www.medellin.gov.co\/es\/wp-content\/uploads\/2023\/05\/Acreditacion-Colegio-Mayor-2-150x84.jpg 150w, https:\/\/www.medellin.gov.co\/es\/wp-content\/uploads\/2023\/05\/Acreditacion-Colegio-Mayor-2-768x432.jpg 768w\" sizes=\"(max-width: 1280px) 100vw, 1280px\" \/><\/a><p id=\"caption-attachment-193886\" class=\"wp-caption-text\">El 90 % de los programas de la I. U. Colegio Mayor de Antioquia cuentan con Acreditaci\u00f3n en Alta Calidad &#8211; Foto Alcald\u00eda de Medell\u00edn<\/p><\/div>\n<p>\u201cE<em>ste reconocimiento es otorgado por el Ministerio de Educaci\u00f3n Nacional y es la prueba del compromiso que tenemos en la instituci\u00f3n con la alta calidad. Es el resultado del trabajo arduo de un equipo de profesionales altamente calificados en docencia, investigaci\u00f3n y extensi\u00f3n<\/em>\u201d, asegur\u00f3 el rector de la Instituci\u00f3n Universitaria Colegio Mayor de Antioquia, Juan David G\u00f3mez Fl\u00f3rez.<\/p>\n<p>La instituci\u00f3n contin\u00faa liderando el camino hacia una educaci\u00f3n superior de calidad. Los interesados pueden matricularse en los programas acad\u00e9micos ofertados hasta el 14 de junio en <a href=\"http:\/\/www.colmayor.edu.co\" target=\"_blank\" rel=\"noopener\">www.colmayor.edu.co<\/a>,\u00a0 resaltando que el 90 % de los estudiantes cuentan con apoyo econ\u00f3mico como Matr\u00edcula Cero y Presupuesto Participativo.<\/p>\n<p>\u201c<em>Estudiar un programa acreditado en alta calidad me brinda la seguridad de que estoy invirtiendo mi tiempo y dinero en una educaci\u00f3n que me dar\u00e1 las herramientas necesarias para enfrentar los retos actuales<\/em>\u201d, indic\u00f3 Esteban Su\u00e1rez Yepes, estudiante de la Instituci\u00f3n Universitaria Colegio Mayor de Antioquia.<\/p>\n<p>La instituci\u00f3n es reconocida por la pertinencia e innovaci\u00f3n de sus programas y por fomentar procesos de generaci\u00f3n, transformaci\u00f3n y difusi\u00f3n del conocimiento, como contribuci\u00f3n al desarrollo econ\u00f3mico y social de la regi\u00f3n y del pa\u00eds.<\/p>\n","protected":false},"excerpt":{"rendered":"<p>Este reconocimiento es otorgado por el Ministerio de Educaci\u00f3n Nacional. La Tecnolog\u00eda en Gesti\u00f3n Comunitaria, que cumple una d\u00e9cada, obtuvo la acreditaci\u00f3n. Bacteriolog\u00eda y Laboratorio Cl\u00ednico, Administraci\u00f3n de Empresas Tur\u00edsticas,\u00a0 Planeaci\u00f3n y Desarrollo Social, entre &#8230;<\/p>\n","protected":false},"author":21,"featured_media":193882,"comment_status":"open","ping_status":"open","sticky":false,"template":"","format":"standard","meta":[],"categories":[4],"tags":[431],"formato_nota":[],"programas_tax":[],"acf":[],"_links":{"self":[{"href":"https:\/\/www.medellin.gov.co\/es\/wp-json\/wp\/v2\/posts\/193876"}],"collection":[{"href":"https:\/\/www.medellin.gov.co\/es\/wp-json\/wp\/v2\/posts"}],"about":[{"href":"https:\/\/www.medellin.gov.co\/es\/wp-json\/wp\/v2\/types\/post"}],"author":[{"embeddable":true,"href":"https:\/\/www.medellin.gov.co\/es\/wp-json\/wp\/v2\/users\/21"}],"replies":[{"embeddable":true,"href":"https:\/\/www.medellin.gov.co\/es\/wp-json\/wp\/v2\/comments?post=193876"}],"version-history":[{"count":1,"href":"https:\/\/www.medellin.gov.co\/es\/wp-json\/wp\/v2\/posts\/193876\/revisions"}],"predecessor-version":[{"id":193888,"href":"https:\/\/www.medellin.gov.co\/es\/wp-json\/wp\/v2\/posts\/193876\/revisions\/193888"}],"wp:featuredmedia":[{"embeddable":true,"href":"https:\/\/www.medellin.gov.co\/es\/wp-json\/wp\/v2\/media\/193882"}],"wp:attachment":[{"href":"https:\/\/www.medellin.gov.co\/es\/wp-json\/wp\/v2\/media?parent=193876"}],"wp:term":[{"taxonomy":"category","embeddable":true,"href":"https:\/\/www.medellin.gov.co\/es\/wp-json\/wp\/v2\/categories?post=193876"},{"taxonomy":"post_tag","embeddable":true,"href":"https:\/\/www.medellin.gov.co\/es\/wp-json\/wp\/v2\/tags?post=193876"},{"taxonomy":"formato_nota","embeddable":true,"href":"https:\/\/www.medellin.gov.co\/es\/wp-json\/wp\/v2\/formato_nota?post=193876"},{"taxonomy":"programas_tax","embeddable":true,"href":"https:\/\/www.medellin.gov.co\/es\/wp-json\/wp\/v2\/programas_tax?post=193876"}],"curies":[{"name":"wp","href":"https:\/\/api.w.org\/{rel}","templated":true}]}}