{"id":194685,"date":"2023-05-09T12:29:51","date_gmt":"2023-05-09T17:29:51","guid":{"rendered":"https:\/\/www.medellin.gov.co\/es\/?p=194685"},"modified":"2023-05-09T12:29:51","modified_gmt":"2023-05-09T17:29:51","slug":"la-alcaldia-de-medellin-ha-realizado-11-100-pruebas-de-emisiones-de-gases-vehiculares-durante-2023","status":"publish","type":"post","link":"https:\/\/www.medellin.gov.co\/es\/sala-de-prensa\/noticias\/la-alcaldia-de-medellin-ha-realizado-11-100-pruebas-de-emisiones-de-gases-vehiculares-durante-2023\/","title":{"rendered":"La Alcald\u00eda de Medell\u00edn ha realizado 11.100 pruebas de emisiones de gases vehiculares durante 2023"},"content":{"rendered":"<ul>\n<li>En las pruebas practicadas en los cuatro primeros meses del a\u00f1o, 85 % de los veh\u00edculos analizados cumpli\u00f3 con las normas ambientales.<\/li>\n<li>Se destaca que solo 15 % de los veh\u00edculos analizados no cumplen, pues en a\u00f1os anteriores se registraba 50-50 de pruebas rechazadas y aceptadas.<\/li>\n<li>Durante el episodio de calidad del aire, la Secretar\u00eda de Movilidad adelant\u00f3 715 operativos de agilizaci\u00f3n vial, en los cuales se impusieron 13.482 comparendos.<\/li>\n<\/ul>\n<!--[if lt IE 9]><script>document.createElement('audio');<\/script><![endif]-->\n\t<div class=\"wp-playlist wp-audio-playlist wp-playlist-light\">\n\t\t\t<div class=\"wp-playlist-current-item\"><\/div>\n\t\t<audio controls=\"controls\" preload=\"none\" width=\"640\"\n\t\t\t><\/audio>\n\t<div class=\"wp-playlist-next\"><\/div>\n\t<div class=\"wp-playlist-prev\"><\/div>\n\t<noscript>\n\t<ol>\n\t\t<li><a href='https:\/\/www.medellin.gov.co\/es\/wp-content\/uploads\/2023\/05\/Controles-Gases-Vehiculares-01.mp3'>Palabras de Juan Carlos Torres, subsecretario de Seguridad Vial y Control<\/a><\/li><li><a href='https:\/\/www.medellin.gov.co\/es\/wp-content\/uploads\/2023\/05\/Controles-Gases-Vehiculares-02.mp3'>Palabras de Manuel Betancur, motociclista<\/a><\/li>\t<\/ol>\n\t<\/noscript>\n\t<script type=\"application\/json\" class=\"wp-playlist-script\">{\"type\":\"audio\",\"tracklist\":true,\"tracknumbers\":true,\"images\":true,\"artists\":true,\"tracks\":[{\"src\":\"https:\\\/\\\/www.medellin.gov.co\\\/es\\\/wp-content\\\/uploads\\\/2023\\\/05\\\/Controles-Gases-Vehiculares-01.mp3\",\"type\":\"audio\\\/mpeg\",\"title\":\"Palabras de Juan Carlos Torres, subsecretario de Seguridad Vial y Control\",\"caption\":\"\",\"description\":\"\\u00abPalabras de Juan Carlos Torres, subsecretario de Seguridad Vial y Control\\u00bb.\",\"meta\":{\"length_formatted\":\"1:02\"},\"image\":{\"src\":\"https:\\\/\\\/www.medellin.gov.co\\\/es\\\/wp-includes\\\/images\\\/media\\\/audio.png\",\"width\":48,\"height\":64},\"thumb\":{\"src\":\"https:\\\/\\\/www.medellin.gov.co\\\/es\\\/wp-includes\\\/images\\\/media\\\/audio.png\",\"width\":48,\"height\":64}},{\"src\":\"https:\\\/\\\/www.medellin.gov.co\\\/es\\\/wp-content\\\/uploads\\\/2023\\\/05\\\/Controles-Gases-Vehiculares-02.mp3\",\"type\":\"audio\\\/mpeg\",\"title\":\"Palabras de Manuel Betancur, motociclista\",\"caption\":\"\",\"description\":\"\\u00abPalabras de Manuel Betancur, motociclista\\u00bb.\",\"meta\":{\"year\":\"2023\",\"length_formatted\":\"0:34\"},\"image\":{\"src\":\"https:\\\/\\\/www.medellin.gov.co\\\/es\\\/wp-includes\\\/images\\\/media\\\/audio.png\",\"width\":48,\"height\":64},\"thumb\":{\"src\":\"https:\\\/\\\/www.medellin.gov.co\\\/es\\\/wp-includes\\\/images\\\/media\\\/audio.png\",\"width\":48,\"height\":64}}]}<\/script>\n<\/div>\n\t\n<p>La Alcald\u00eda de Medell\u00edn adelanta constantes operativos a las emisiones de gases contaminantes por fuentes m\u00f3viles, labores de agilizaci\u00f3n del tr\u00e1nsito vehicular y apoyo a la implementaci\u00f3n del plan de gesti\u00f3n social y pedag\u00f3gico para el mejoramiento de la calidad del aire (POECA).<\/p>\n<p>En lo corrido del a\u00f1o se han aplicado 11.100 pruebas de emisiones de gases vehiculares. El 85 % de los veh\u00edculos analizados (9.435) super\u00f3 la prueba y cumpli\u00f3 con las normas ambientales estipuladas en el art\u00edculo 23 de la Resoluci\u00f3n 762 de 2022, lo que les permite circular sin restricciones.<\/p>\n<p>\u201c<em>La Secretar\u00eda de Movilidad, con su cuerpo especializado de agentes de tr\u00e1nsito del grupo ambiental y en coordinaci\u00f3n con el \u00c1rea Metropolitana, ha realizado estas pruebas a fuentes m\u00f3viles contaminantes. El pasado periodo de la calidad del aire se hicieron 5.500. Seguiremos ejecutando todo tipo de coordinaciones y seremos contundentes tambi\u00e9n en la aplicaci\u00f3n de la norma, para que entre todos construyamos Ecociudad<\/em>\u201d, se\u00f1al\u00f3 el subsecretario de Seguridad Vial y Control, Juan Carlos Torres Ojeda.<\/p>\n<p>En esta labor participan 20 agentes de tr\u00e1nsito dedicados a los operativos de monitoreo ambiental a emisiones, que conforman el grupo MovilGram, que a la fecha ha llevado a cabo 331 operativos de control en diferentes sectores de la ciudad, en compa\u00f1\u00eda del \u00c1rea Metropolitana del Valle de Aburr\u00e1 (AMVA) como autoridad ambiental.<\/p>\n<div id=\"attachment_194688\" style=\"width: 1290px\" class=\"wp-caption alignnone\"><a href=\"https:\/\/www.medellin.gov.co\/es\/wp-content\/uploads\/2023\/05\/Controles-Gases-Vehiculares-2.jpg\" target=\"_blank\" rel=\"noopener\"><img aria-describedby=\"caption-attachment-194688\" loading=\"lazy\" class=\"wp-image-194688 size-full\" title=\"La Alcald\u00eda de Medell\u00edn ha realizado 11.100 pruebas de emisiones de gases vehiculares durante 2023\" src=\"https:\/\/www.medellin.gov.co\/es\/wp-content\/uploads\/2023\/05\/Controles-Gases-Vehiculares-2.jpg\" alt=\"La Alcald\u00eda de Medell\u00edn ha realizado 11.100 pruebas de emisiones de gases vehiculares durante 2023\" width=\"1280\" height=\"720\" srcset=\"https:\/\/www.medellin.gov.co\/es\/wp-content\/uploads\/2023\/05\/Controles-Gases-Vehiculares-2.jpg 1280w, https:\/\/www.medellin.gov.co\/es\/wp-content\/uploads\/2023\/05\/Controles-Gases-Vehiculares-2-300x169.jpg 300w, https:\/\/www.medellin.gov.co\/es\/wp-content\/uploads\/2023\/05\/Controles-Gases-Vehiculares-2-1024x576.jpg 1024w, https:\/\/www.medellin.gov.co\/es\/wp-content\/uploads\/2023\/05\/Controles-Gases-Vehiculares-2-150x84.jpg 150w, https:\/\/www.medellin.gov.co\/es\/wp-content\/uploads\/2023\/05\/Controles-Gases-Vehiculares-2-768x432.jpg 768w\" sizes=\"(max-width: 1280px) 100vw, 1280px\" \/><\/a><p id=\"caption-attachment-194688\" class=\"wp-caption-text\">La Alcald\u00eda de Medell\u00edn ha realizado 11.100 pruebas de emisiones de gases vehiculares durante 2023 &#8211; Foto Alcald\u00eda de Medell\u00edn<\/p><\/div>\n<p>En cumplimiento del POECA, el Distrito intensific\u00f3 sus labores entre el 20 de febrero y el 1 de abril, periodo del episodio de calidad del aire en el que se hace vigilancia especial, por lo que el equipo de Reacci\u00f3n Ambiental (M\u00f3vil Gram) hizo 5.510 pruebas a veh\u00edculos, de los cuales 839 (15 %) no aprob\u00f3 de acuerdo con la normatividad.<\/p>\n<p>Durante este episodio, el Distrito tambi\u00e9n implement\u00f3 operativos de agilizaci\u00f3n vehicular, con el fin de mejorar la calidad del aire y aportar a la disminuci\u00f3n de los problemas ambientales. Fueron, en total, 715 operativos en los cuales se impusieron 13.482 comparendos y 4.926 inmovilizaciones por diferentes infracciones al C\u00f3digo Nacional de Tr\u00e1nsito.<\/p>\n<p>\u00ab<em>Soy motociclista y durante el episodio de calidad del aire particip\u00e9 en las sensibilizaciones de la Secretar\u00eda de Movilidad. Aprend\u00ed que hay otros medios de transporte, como la bicicleta o el transporte p\u00fablico, para aportar a la calidad del aire. Por eso, durante esta temporada, opt\u00e9 por guardar la moto y movilizarme en transporte p\u00fablico<\/em>\u00ab, expres\u00f3 el ciudadano, Manuel Betancur.<\/p>\n<p>En cuanto al tipo de combustible, en todas las mediciones realizadas entre enero y abril del a\u00f1o en curso, en los veh\u00edculos que utilizan gasolina para su funcionamiento, el 83 % de las pruebas fueron aprobadas y el 17% rechazadas. Para los veh\u00edculos que utilizan di\u00e9sel para su funcionamiento, los resultados fueron de 86 % aprobados y solo el 14 % rechazados. De igual forma, para los veh\u00edculos que utilizan gas natural vehicular, el 68 % result\u00f3 aprobado y el 32 % rechazado.<\/p>\n","protected":false},"excerpt":{"rendered":"<p>En las pruebas practicadas en los cuatro primeros meses del a\u00f1o, 85 % de los veh\u00edculos analizados cumpli\u00f3 con las normas ambientales. Se destaca que solo 15 % de los veh\u00edculos analizados no cumplen, pues &#8230;<\/p>\n","protected":false},"author":21,"featured_media":194691,"comment_status":"open","ping_status":"open","sticky":false,"template":"","format":"standard","meta":[],"categories":[13,14],"tags":[441,436,447],"formato_nota":[],"programas_tax":[],"acf":[],"_links":{"self":[{"href":"https:\/\/www.medellin.gov.co\/es\/wp-json\/wp\/v2\/posts\/194685"}],"collection":[{"href":"https:\/\/www.medellin.gov.co\/es\/wp-json\/wp\/v2\/posts"}],"about":[{"href":"https:\/\/www.medellin.gov.co\/es\/wp-json\/wp\/v2\/types\/post"}],"author":[{"embeddable":true,"href":"https:\/\/www.medellin.gov.co\/es\/wp-json\/wp\/v2\/users\/21"}],"replies":[{"embeddable":true,"href":"https:\/\/www.medellin.gov.co\/es\/wp-json\/wp\/v2\/comments?post=194685"}],"version-history":[{"count":1,"href":"https:\/\/www.medellin.gov.co\/es\/wp-json\/wp\/v2\/posts\/194685\/revisions"}],"predecessor-version":[{"id":194713,"href":"https:\/\/www.medellin.gov.co\/es\/wp-json\/wp\/v2\/posts\/194685\/revisions\/194713"}],"wp:featuredmedia":[{"embeddable":true,"href":"https:\/\/www.medellin.gov.co\/es\/wp-json\/wp\/v2\/media\/194691"}],"wp:attachment":[{"href":"https:\/\/www.medellin.gov.co\/es\/wp-json\/wp\/v2\/media?parent=194685"}],"wp:term":[{"taxonomy":"category","embeddable":true,"href":"https:\/\/www.medellin.gov.co\/es\/wp-json\/wp\/v2\/categories?post=194685"},{"taxonomy":"post_tag","embeddable":true,"href":"https:\/\/www.medellin.gov.co\/es\/wp-json\/wp\/v2\/tags?post=194685"},{"taxonomy":"formato_nota","embeddable":true,"href":"https:\/\/www.medellin.gov.co\/es\/wp-json\/wp\/v2\/formato_nota?post=194685"},{"taxonomy":"programas_tax","embeddable":true,"href":"https:\/\/www.medellin.gov.co\/es\/wp-json\/wp\/v2\/programas_tax?post=194685"}],"curies":[{"name":"wp","href":"https:\/\/api.w.org\/{rel}","templated":true}]}}