{"id":196278,"date":"2023-05-15T13:39:29","date_gmt":"2023-05-15T18:39:29","guid":{"rendered":"https:\/\/www.medellin.gov.co\/es\/?p=196278"},"modified":"2023-06-30T15:13:38","modified_gmt":"2023-06-30T20:13:38","slug":"ecosol-una-estrategia-que-apoya-emprendimientos-de-economia-social-y-solidaria-en-medellin","status":"publish","type":"post","link":"https:\/\/www.medellin.gov.co\/es\/sala-de-prensa\/noticias\/ecosol-una-estrategia-que-apoya-emprendimientos-de-economia-social-y-solidaria-en-medellin\/","title":{"rendered":"Ecosol, una estrategia que apoya emprendimientos de econom\u00eda social y solidaria en Medell\u00edn"},"content":{"rendered":"<blockquote><p><em>La <a href=\"https:\/\/www.medellin.gov.co\/es\/\">Alcald\u00eda de Medell\u00edn<\/a> <\/em><em>sigue ofreciendo programas para que los peque\u00f1os empresarios de la ciudad impulsen sus negocios, los fortalezcan y beneficien a sus comunidades.<\/em><\/p><\/blockquote>\n<p><em>\u201cHoy todos estamos aqu\u00ed con el coraz\u00f3n contento y agradecido, de haber culminado un paso m\u00e1s en este camino de emprender\u201d, <\/em>as\u00ed empez\u00f3 el discurso de agradecimiento Ana Luc\u00eda G\u00f3mez, representante de la Fundaci\u00f3n Voz y Yo, que obtuvo el beneficio brindado por parte de la <a href=\"https:\/\/www.medellin.gov.co\/es\/secretaria-desarrollo-economico\/\">Secretar\u00eda de Desarrollo Econ\u00f3mico de la Alcald\u00eda de Medell\u00edn<\/a> a un grupo de 10 emprendedores que hicieron parte de la convocatoria <a href=\"https:\/\/www.medellindigital.gov.co\/index.php\/home\/temas-de-interes\/149-esocol-medellin\" target=\"_blank\" rel=\"noopener\">Ecosol<\/a>.<\/p>\n<p><strong>\u00bfQu\u00e9 es <a href=\"https:\/\/www.medellindigital.gov.co\/index.php\/home\/temas-de-interes\/149-esocol-medellin\" target=\"_blank\" rel=\"noopener\">Ecosol<\/a>?<\/strong><\/p>\n<p>Ecosol Medell\u00edn es una convocatoria de la Alcald\u00eda Distrital que tiene como objetivo seleccionar los mejores emprendimientos del sector social y solidario para acompa\u00f1arlos en el fortalecimiento y la formalizaci\u00f3n como empresas.<\/p>\n<p>Recientemente, <a href=\"https:\/\/www.medellindigital.gov.co\/index.php\/home\/temas-de-interes\/149-esocol-medellin\" target=\"_blank\" rel=\"noopener\">Ecosol<\/a> entreg\u00f3 30 millones de pesos a 10 emprendedores para el fortalecimiento de sus negocios y fue all\u00ed donde Ana Luc\u00eda en nombre de los beneficiados, tom\u00f3 la palabra para hablar sobre la importancia que tiene para ellos esta estrategia y para expresar el amor que puso cada uno de los emprendedores en este proceso que los llev\u00f3 a ser los ganadores.<\/p>\n<p>Se refiri\u00f3 a lo valioso de lo aprendido, de c\u00f3mo eso les ayudar\u00e1 a cumplir sus sue\u00f1os, a seguir creciendo y a \u201c<em>continuar<\/em><em> impactando a trav\u00e9s del arte a m\u00e1s comunidades ind\u00edgenas, prestando servicios sostenibles y amigables con el planeta, se seguir\u00e1 endulzando la vida de muchas m\u00e1s personas, ofreciendo un caf\u00e9 con sabor a esperanza y dignificando el trabajo de los caficultores, permiti\u00e9ndole a la gente tener experiencias de conexi\u00f3n con la madre tierra y llegar mucho m\u00e1s lejos\u201d. <\/em><\/p>\n<div id=\"attachment_196288\" style=\"width: 1034px\" class=\"wp-caption alignnone\"><a href=\"https:\/\/www.medellin.gov.co\/es\/wp-content\/uploads\/2023\/05\/Ecosol-3.jpg\" target=\"_blank\" rel=\"noopener\"><img aria-describedby=\"caption-attachment-196288\" loading=\"lazy\" class=\"wp-image-196288 size-full\" src=\"https:\/\/www.medellin.gov.co\/es\/wp-content\/uploads\/2023\/05\/Ecosol-3.jpg\" alt=\"Ecosol, una estrategia que apoya emprendimientos de econom\u00eda social y solidaria\" width=\"1024\" height=\"683\" srcset=\"https:\/\/www.medellin.gov.co\/es\/wp-content\/uploads\/2023\/05\/Ecosol-3.jpg 1024w, https:\/\/www.medellin.gov.co\/es\/wp-content\/uploads\/2023\/05\/Ecosol-3-300x200.jpg 300w, https:\/\/www.medellin.gov.co\/es\/wp-content\/uploads\/2023\/05\/Ecosol-3-150x100.jpg 150w, https:\/\/www.medellin.gov.co\/es\/wp-content\/uploads\/2023\/05\/Ecosol-3-768x512.jpg 768w\" sizes=\"(max-width: 1024px) 100vw, 1024px\" \/><\/a><p id=\"caption-attachment-196288\" class=\"wp-caption-text\">Ecosol, una estrategia que apoya emprendimientos de econom\u00eda social y solidaria<\/p><\/div>\n<p>Ana Luc\u00eda conf\u00eda en que <a href=\"https:\/\/www.medellindigital.gov.co\/index.php\/home\/temas-de-interes\/149-esocol-medellin\" target=\"_blank\" rel=\"noopener\">Ecosol<\/a> seguir\u00e1 consolid\u00e1ndose como una plataforma para mostrar y empoderar los emprendimientos. <em>\u201cSeguir\u00e1 andando la ciudad en bicicleta creando oportunidades para j\u00f3venes vulnerables, seguir\u00e1 ofreciendo productos naturales y saludables que beneficien a un mont\u00f3n de familias, seguir\u00e1 siendo conexi\u00f3n profunda y descanso para las personas en medio de tanto ruido, y\u00a0 seguro, seguiremos dando nuevas oportunidades y dignificando la vida de los j\u00f3venes privados de la libertad\u201d.<\/em><\/p>\n<p><strong>El beneficio dado por <a href=\"https:\/\/www.medellindigital.gov.co\/index.php\/home\/temas-de-interes\/149-esocol-medellin\" target=\"_blank\" rel=\"noopener\">Ecosol<\/a><\/strong><\/p>\n<p>Los dineros entregados est\u00e1n destinados a fortalecer sus negocios con maquinaria, insumos, equipos, asesor\u00edas y mucho m\u00e1s. En total, se invirtieron $300 millones en este programa de Econom\u00eda Social y Solidaria, en donde los empresarios se capacitaron en temas de Cuarta Revoluci\u00f3n Industrial, estructura financiera, innovaci\u00f3n, ambientales y jur\u00eddicos, entre otros.<\/p>\n<div id=\"attachment_196290\" style=\"width: 1034px\" class=\"wp-caption alignnone\"><a href=\"https:\/\/www.medellin.gov.co\/es\/wp-content\/uploads\/2023\/05\/Ecosol-1.jpg\" target=\"_blank\" rel=\"noopener\"><img aria-describedby=\"caption-attachment-196290\" loading=\"lazy\" class=\"wp-image-196290 size-full\" src=\"https:\/\/www.medellin.gov.co\/es\/wp-content\/uploads\/2023\/05\/Ecosol-1.jpg\" alt=\"Ecosol, una estrategia que apoya emprendimientos de econom\u00eda social y solidaria\" width=\"1024\" height=\"683\" srcset=\"https:\/\/www.medellin.gov.co\/es\/wp-content\/uploads\/2023\/05\/Ecosol-1.jpg 1024w, https:\/\/www.medellin.gov.co\/es\/wp-content\/uploads\/2023\/05\/Ecosol-1-300x200.jpg 300w, https:\/\/www.medellin.gov.co\/es\/wp-content\/uploads\/2023\/05\/Ecosol-1-150x100.jpg 150w, https:\/\/www.medellin.gov.co\/es\/wp-content\/uploads\/2023\/05\/Ecosol-1-768x512.jpg 768w\" sizes=\"(max-width: 1024px) 100vw, 1024px\" \/><\/a><p id=\"caption-attachment-196290\" class=\"wp-caption-text\">Ecosol, una estrategia que apoya emprendimientos de econom\u00eda social y solidaria<\/p><\/div>\n<p>Desde la <a href=\"https:\/\/www.medellin.gov.co\/es\/secretaria-desarrollo-economico\/\">Secretar\u00eda de Desarrollo Econ\u00f3mico de Medell\u00edn<\/a> se seguir\u00e1 trabajando en fortalecer los emprendimientos de base social y solidaria; por ello durante la presente administraci\u00f3n se hizo un compromiso de impactar a 40 emprendimientos, de los cuales, al d\u00eda de hoy, 30 de ellos ya han logrado formalizar su negocio.<\/p>\n<p>Si desea conocer m\u00e1s de las pr\u00f3ximas convocatorias, puede consultar en la p\u00e1gina <a href=\"https:\/\/www.medellindigital.gov.co\/\" target=\"_blank\" rel=\"noopener\"><strong>www.medellindigital.gov.co<\/strong><\/a><\/p>\n","protected":false},"excerpt":{"rendered":"<p>La Alcald\u00eda de Medell\u00edn sigue ofreciendo programas para que los peque\u00f1os empresarios de la ciudad impulsen sus negocios, los fortalezcan y beneficien a sus comunidades. \u201cHoy todos estamos aqu\u00ed con el coraz\u00f3n contento y agradecido, &#8230;<\/p>\n","protected":false},"author":17,"featured_media":196287,"comment_status":"open","ping_status":"open","sticky":false,"template":"","format":"standard","meta":[],"categories":[3],"tags":[632,434],"formato_nota":[],"programas_tax":[],"acf":[],"_links":{"self":[{"href":"https:\/\/www.medellin.gov.co\/es\/wp-json\/wp\/v2\/posts\/196278"}],"collection":[{"href":"https:\/\/www.medellin.gov.co\/es\/wp-json\/wp\/v2\/posts"}],"about":[{"href":"https:\/\/www.medellin.gov.co\/es\/wp-json\/wp\/v2\/types\/post"}],"author":[{"embeddable":true,"href":"https:\/\/www.medellin.gov.co\/es\/wp-json\/wp\/v2\/users\/17"}],"replies":[{"embeddable":true,"href":"https:\/\/www.medellin.gov.co\/es\/wp-json\/wp\/v2\/comments?post=196278"}],"version-history":[{"count":3,"href":"https:\/\/www.medellin.gov.co\/es\/wp-json\/wp\/v2\/posts\/196278\/revisions"}],"predecessor-version":[{"id":196364,"href":"https:\/\/www.medellin.gov.co\/es\/wp-json\/wp\/v2\/posts\/196278\/revisions\/196364"}],"wp:featuredmedia":[{"embeddable":true,"href":"https:\/\/www.medellin.gov.co\/es\/wp-json\/wp\/v2\/media\/196287"}],"wp:attachment":[{"href":"https:\/\/www.medellin.gov.co\/es\/wp-json\/wp\/v2\/media?parent=196278"}],"wp:term":[{"taxonomy":"category","embeddable":true,"href":"https:\/\/www.medellin.gov.co\/es\/wp-json\/wp\/v2\/categories?post=196278"},{"taxonomy":"post_tag","embeddable":true,"href":"https:\/\/www.medellin.gov.co\/es\/wp-json\/wp\/v2\/tags?post=196278"},{"taxonomy":"formato_nota","embeddable":true,"href":"https:\/\/www.medellin.gov.co\/es\/wp-json\/wp\/v2\/formato_nota?post=196278"},{"taxonomy":"programas_tax","embeddable":true,"href":"https:\/\/www.medellin.gov.co\/es\/wp-json\/wp\/v2\/programas_tax?post=196278"}],"curies":[{"name":"wp","href":"https:\/\/api.w.org\/{rel}","templated":true}]}}