{"id":196295,"date":"2023-05-15T13:30:37","date_gmt":"2023-05-15T18:30:37","guid":{"rendered":"https:\/\/www.medellin.gov.co\/es\/?p=196295"},"modified":"2023-05-15T13:31:22","modified_gmt":"2023-05-15T18:31:22","slug":"8-253-maestros-y-directivos-docentes-de-medellin-han-sido-formados-en-mova","status":"publish","type":"post","link":"https:\/\/www.medellin.gov.co\/es\/sala-de-prensa\/noticias\/8-253-maestros-y-directivos-docentes-de-medellin-han-sido-formados-en-mova\/","title":{"rendered":"8.253 maestros y directivos docentes de Medell\u00edn han sido formados en MOVA"},"content":{"rendered":"<ul>\n<li>Entre los capacitados hay 7.766 maestros y 487 directivos docentes del Distrito de Ciencia, Tecnolog\u00eda e Innovaci\u00f3n.<\/li>\n<li>Actualmente, la ciudad tiene 11.684 profesores en las instituciones educativas oficiales.<\/li>\n<li>Maestros y directivos docentes vinculados en propiedad a la administraci\u00f3n, mediante los Decretos 2277 de 1978 y 1278 de 2002, se pueden postular a becas del 100 % en <a href=\"http:\/\/www.sapiencia.gov.co\" target=\"_blank\" rel=\"noopener\">www.sapiencia.gov.co<\/a>.<\/li>\n<\/ul>\n<!--[if lt IE 9]><script>document.createElement('audio');<\/script><![endif]-->\n\t<div class=\"wp-playlist wp-audio-playlist wp-playlist-light\">\n\t\t\t<div class=\"wp-playlist-current-item\"><\/div>\n\t\t<audio controls=\"controls\" preload=\"none\" width=\"640\"\n\t\t\t><\/audio>\n\t<div class=\"wp-playlist-next\"><\/div>\n\t<div class=\"wp-playlist-prev\"><\/div>\n\t<noscript>\n\t<ol>\n\t\t<li><a href='https:\/\/www.medellin.gov.co\/es\/wp-content\/uploads\/2023\/05\/Maestros-MOVA-01.mp3'>Palabras de Juan David Agudelo Restrepo, secretario de Educaci\u00f3n<\/a><\/li><li><a href='https:\/\/www.medellin.gov.co\/es\/wp-content\/uploads\/2023\/05\/Maestros-MOVA-02.mp3'>Palabras de Natalia Palacio Vela\u0301zquez, maestra de la Instituci\u00f3n Educativa INEM Jose\u0301 Fe\u0301lix de Restrepo<\/a><\/li>\t<\/ol>\n\t<\/noscript>\n\t<script type=\"application\/json\" class=\"wp-playlist-script\">{\"type\":\"audio\",\"tracklist\":true,\"tracknumbers\":true,\"images\":true,\"artists\":true,\"tracks\":[{\"src\":\"https:\\\/\\\/www.medellin.gov.co\\\/es\\\/wp-content\\\/uploads\\\/2023\\\/05\\\/Maestros-MOVA-01.mp3\",\"type\":\"audio\\\/mpeg\",\"title\":\"Palabras de Juan David Agudelo Restrepo, secretario de Educaci\\u00f3n\",\"caption\":\"\",\"description\":\"\\u00abPalabras de Juan David Agudelo Restrepo, secretario de Educaci\\u00f3n\\u00bb.\",\"meta\":{\"length_formatted\":\"0:42\"},\"image\":{\"src\":\"https:\\\/\\\/www.medellin.gov.co\\\/es\\\/wp-includes\\\/images\\\/media\\\/audio.png\",\"width\":48,\"height\":64},\"thumb\":{\"src\":\"https:\\\/\\\/www.medellin.gov.co\\\/es\\\/wp-includes\\\/images\\\/media\\\/audio.png\",\"width\":48,\"height\":64}},{\"src\":\"https:\\\/\\\/www.medellin.gov.co\\\/es\\\/wp-content\\\/uploads\\\/2023\\\/05\\\/Maestros-MOVA-02.mp3\",\"type\":\"audio\\\/mpeg\",\"title\":\"Palabras de Natalia Palacio Vela\\u0301zquez, maestra de la Instituci\\u00f3n Educativa INEM Jose\\u0301 Fe\\u0301lix de Restrepo\",\"caption\":\"\",\"description\":\"\\u00abPalabras de Natalia Palacio Vela\\u0301zquez, maestra de la Instituci\\u00f3n Educativa INEM Jose\\u0301 Fe\\u0301lix de Restrepo\\u00bb.\",\"meta\":{\"length_formatted\":\"0:41\"},\"image\":{\"src\":\"https:\\\/\\\/www.medellin.gov.co\\\/es\\\/wp-includes\\\/images\\\/media\\\/audio.png\",\"width\":48,\"height\":64},\"thumb\":{\"src\":\"https:\\\/\\\/www.medellin.gov.co\\\/es\\\/wp-includes\\\/images\\\/media\\\/audio.png\",\"width\":48,\"height\":64}}]}<\/script>\n<\/div>\n\t\n<p>La Alcald\u00eda de Medell\u00edn, desde la pol\u00edtica p\u00fablica contenida en el Acuerdo 19 de 2015, ha formado desde el a\u00f1o 2020 y hasta la fecha a 7.766 maestros y 487 directivos docentes de los establecimientos educativos del Distrito, a trav\u00e9s del Centro de Innovaci\u00f3n del Maestro -MOVA.<\/p>\n<p>Esta sede de la Secretar\u00eda de Educaci\u00f3n busca potenciar una educaci\u00f3n de futuro, que exige incorporar los retos de la Cuarta Revoluci\u00f3n Industrial y las habilidades para el siglo XXI, con metodolog\u00edas y espacios m\u00e1s flexibles, abiertos y creativos.<\/p>\n<p>Hoy, en Colombia, se celebra el tradicional D\u00eda del Maestro, tambi\u00e9n conocido como D\u00eda del Profesor, como cada 15 de mayo, en honor a San Juan Bautista de la Salle, patrono especial de todos los educadores de la infancia y la juventud. Durante el consejo de Gobierno de este lunes, el alcalde de Medell\u00edn, Daniel Quintero Calle, extendi\u00f3 su mensaje de felicitaci\u00f3n y agradecimiento a los maestros del Distrito y de Antioquia quienes trabajan d\u00eda a d\u00eda por una mejor educaci\u00f3n de los ni\u00f1os, ni\u00f1as y j\u00f3venes.<\/p>\n<p>\u201c<em>A los m\u00e1s de 11.000 maestros, maestras y directivos docentes del Distrito de Ciencia, Tecnolog\u00eda e Innovaci\u00f3n, un saludo fraterno y una especial gratitud al celebrar hoy su d\u00eda cl\u00e1sico. Gratitud porque son la piedra angular de nuestra sociedad. En sus manos est\u00e1 la formaci\u00f3n de nuestras ni\u00f1as, ni\u00f1os y adolescentes, que son el presente y el futuro de nuestra sociedad. Desde la Secretar\u00eda de Educaci\u00f3n tenemos muchos programas de formaci\u00f3n y acompa\u00f1amiento; estamos para ustedes porque definitivamente sin maestros una sociedad no es viable<\/em>\u201d, afirm\u00f3 el secretario de Educaci\u00f3n, Juan David Agudelo Restrepo.<\/p>\n<div id=\"attachment_196296\" style=\"width: 1290px\" class=\"wp-caption alignnone\"><a href=\"https:\/\/www.medellin.gov.co\/es\/wp-content\/uploads\/2023\/05\/Maestros-MOVA-2.jpg\" target=\"_blank\" rel=\"noopener\"><img aria-describedby=\"caption-attachment-196296\" loading=\"lazy\" class=\"wp-image-196296 size-full\" title=\"8.253 maestros y directivos docentes de Medell\u00edn han sido formados en MOVA\" src=\"https:\/\/www.medellin.gov.co\/es\/wp-content\/uploads\/2023\/05\/Maestros-MOVA-2.jpg\" alt=\"8.253 maestros y directivos docentes de Medell\u00edn han sido formados en MOVA\" width=\"1280\" height=\"960\" srcset=\"https:\/\/www.medellin.gov.co\/es\/wp-content\/uploads\/2023\/05\/Maestros-MOVA-2.jpg 1280w, https:\/\/www.medellin.gov.co\/es\/wp-content\/uploads\/2023\/05\/Maestros-MOVA-2-300x225.jpg 300w, https:\/\/www.medellin.gov.co\/es\/wp-content\/uploads\/2023\/05\/Maestros-MOVA-2-1024x768.jpg 1024w, https:\/\/www.medellin.gov.co\/es\/wp-content\/uploads\/2023\/05\/Maestros-MOVA-2-150x113.jpg 150w, https:\/\/www.medellin.gov.co\/es\/wp-content\/uploads\/2023\/05\/Maestros-MOVA-2-768x576.jpg 768w\" sizes=\"(max-width: 1280px) 100vw, 1280px\" \/><\/a><p id=\"caption-attachment-196296\" class=\"wp-caption-text\">8.253 maestros y directivos docentes de Medell\u00edn han sido formados en MOVA &#8211; Foto Alcald\u00eda de Medell\u00edn<\/p><\/div>\n<p>Actualmente, en las instituciones educativas oficiales hay 11.684 maestros y directivos docentes, de los cuales 7.528 son mujeres (el 64.4 %) y 4.156 son hombres (el 35.6 %). Entre estos profesionales, 725 tienen Especializaci\u00f3n en Educaci\u00f3n y 2.787 en otras \u00e1reas; 3.154 son licenciados; 2.768 son mag\u00edster en Educaci\u00f3n y 958 en otras \u00e1reas; 52 cuentan con Doctorado en Educaci\u00f3n y 30 en otras \u00e1reas. Tambi\u00e9n hay t\u00e9cnicos, tecn\u00f3logos, normalistas superiores y con pregrado.<\/p>\n<p>La maestra de la Instituci\u00f3n Educativa INEM Jose\u0301 Fe\u0301lix de Restrepo, Natalia Palacio Vela\u0301zquez, se\u00f1al\u00f3 la importancia de aprovechar la oferta de formaci\u00f3n que tiene la alcald\u00eda \u201c<em>porque nos actualizan; nos ofrecen estar a la vanguardia de lo que sucede alrededor de la educaci\u00f3n en el pa\u00eds y en el mundo, y pod\u00e9rselo transmitir a nuestros estudiantes. Yo he participado en varios cursos. El \u00faltimo fue en pandemia, virtual, sobre elaboraci\u00f3n de proyectos para trabajar en el aula, y me parece que fue bastante enriquecedor; adem\u00e1s, porque compartimos con otros compa\u00f1eros de otras instituciones, diferentes perspectivas<\/em>\u201d.<\/p>\n<p>Actualmente, la Administraci\u00f3n Distrital tiene habilitada la convocatoria para 217 becas del 100 % para los maestros y directivos docentes de educaci\u00f3n preescolar, b\u00e1sica y media, que cursen estudios de posgrado (especializaci\u00f3n, maestr\u00eda o doctorado) y que est\u00e9n vinculados en propiedad al Distrito de Medell\u00edn mediante los Decretos 2277 de 1978 y 1278 de 2002.<\/p>\n<p>Las becas se ofrecen a trav\u00e9s de la Agencia de Educaci\u00f3n Postsecundaria -Sapiencia y los interesados se pueden postular, hasta el 6 de junio, en <a href=\"http:\/\/www.sapiencia.gov.co\" target=\"_blank\" rel=\"noopener\">www.sapiencia.gov.co<\/a>. La ciudad cuenta con 3.103 maestros vinculados por medio del Decreto 2277 y otros 5.567 con el Decreto 1278.<\/p>\n","protected":false},"excerpt":{"rendered":"<p>Entre los capacitados hay 7.766 maestros y 487 directivos docentes del Distrito de Ciencia, Tecnolog\u00eda e Innovaci\u00f3n. Actualmente, la ciudad tiene 11.684 profesores en las instituciones educativas oficiales. Maestros y directivos docentes vinculados en propiedad &#8230;<\/p>\n","protected":false},"author":21,"featured_media":196300,"comment_status":"open","ping_status":"open","sticky":false,"template":"","format":"standard","meta":[],"categories":[4],"tags":[431],"formato_nota":[],"programas_tax":[],"acf":[],"_links":{"self":[{"href":"https:\/\/www.medellin.gov.co\/es\/wp-json\/wp\/v2\/posts\/196295"}],"collection":[{"href":"https:\/\/www.medellin.gov.co\/es\/wp-json\/wp\/v2\/posts"}],"about":[{"href":"https:\/\/www.medellin.gov.co\/es\/wp-json\/wp\/v2\/types\/post"}],"author":[{"embeddable":true,"href":"https:\/\/www.medellin.gov.co\/es\/wp-json\/wp\/v2\/users\/21"}],"replies":[{"embeddable":true,"href":"https:\/\/www.medellin.gov.co\/es\/wp-json\/wp\/v2\/comments?post=196295"}],"version-history":[{"count":2,"href":"https:\/\/www.medellin.gov.co\/es\/wp-json\/wp\/v2\/posts\/196295\/revisions"}],"predecessor-version":[{"id":196312,"href":"https:\/\/www.medellin.gov.co\/es\/wp-json\/wp\/v2\/posts\/196295\/revisions\/196312"}],"wp:featuredmedia":[{"embeddable":true,"href":"https:\/\/www.medellin.gov.co\/es\/wp-json\/wp\/v2\/media\/196300"}],"wp:attachment":[{"href":"https:\/\/www.medellin.gov.co\/es\/wp-json\/wp\/v2\/media?parent=196295"}],"wp:term":[{"taxonomy":"category","embeddable":true,"href":"https:\/\/www.medellin.gov.co\/es\/wp-json\/wp\/v2\/categories?post=196295"},{"taxonomy":"post_tag","embeddable":true,"href":"https:\/\/www.medellin.gov.co\/es\/wp-json\/wp\/v2\/tags?post=196295"},{"taxonomy":"formato_nota","embeddable":true,"href":"https:\/\/www.medellin.gov.co\/es\/wp-json\/wp\/v2\/formato_nota?post=196295"},{"taxonomy":"programas_tax","embeddable":true,"href":"https:\/\/www.medellin.gov.co\/es\/wp-json\/wp\/v2\/programas_tax?post=196295"}],"curies":[{"name":"wp","href":"https:\/\/api.w.org\/{rel}","templated":true}]}}