{"id":196314,"date":"2023-05-15T13:38:11","date_gmt":"2023-05-15T18:38:11","guid":{"rendered":"https:\/\/www.medellin.gov.co\/es\/?p=196314"},"modified":"2023-05-15T13:38:59","modified_gmt":"2023-05-15T18:38:59","slug":"la-institucion-universitaria-colegio-mayor-de-antioquia-tiene-la-primera-maestria-en-biotecnologia-y-bioeconomia-en-colombia","status":"publish","type":"post","link":"https:\/\/www.medellin.gov.co\/es\/sala-de-prensa\/noticias\/la-institucion-universitaria-colegio-mayor-de-antioquia-tiene-la-primera-maestria-en-biotecnologia-y-bioeconomia-en-colombia\/","title":{"rendered":"La Instituci\u00f3n Universitaria Colegio Mayor de Antioquia tiene la primera Maestr\u00eda en Biotecnolog\u00eda y Bioeconom\u00eda en Colombia"},"content":{"rendered":"<ul>\n<li>Este programa se fundamenta en las recomendaciones de la Misi\u00f3n Internacional de Sabios de 2019 y la Misi\u00f3n Nacional de Bioeconom\u00eda de 2020.<\/li>\n<li>Los interesados pueden inscribirse, desde hoy y hasta el 24 de mayo, en <a href=\"http:\/\/www.colmayor.edu.co\" target=\"_blank\" rel=\"noopener\">www.colmayor.edu.co<\/a>.<\/li>\n<li>Esta es la primera maestr\u00eda propia de la instituci\u00f3n.<\/li>\n<\/ul>\n<!--[if lt IE 9]><script>document.createElement('audio');<\/script><![endif]-->\n\t<div class=\"wp-playlist wp-audio-playlist wp-playlist-light\">\n\t\t\t<div class=\"wp-playlist-current-item\"><\/div>\n\t\t<audio controls=\"controls\" preload=\"none\" width=\"640\"\n\t\t\t><\/audio>\n\t<div class=\"wp-playlist-next\"><\/div>\n\t<div class=\"wp-playlist-prev\"><\/div>\n\t<noscript>\n\t<ol>\n\t\t<li><a href='https:\/\/www.medellin.gov.co\/es\/wp-content\/uploads\/2023\/05\/Maestria-Colmayor-01.mp3'>Palabras de Juan David G\u00f3mez Fl\u00f3rez, rector de la Instituci\u00f3n Universitaria Colegio Mayor de Antioquia<\/a><\/li><li><a href='https:\/\/www.medellin.gov.co\/es\/wp-content\/uploads\/2023\/05\/Maestria-Colmayor-02.mp3'>Palabras de M\u00f3nica Mar\u00eda Durango Zuleta, decana de la Facultad de Ciencias de la Salud<\/a><\/li>\t<\/ol>\n\t<\/noscript>\n\t<script type=\"application\/json\" class=\"wp-playlist-script\">{\"type\":\"audio\",\"tracklist\":true,\"tracknumbers\":true,\"images\":true,\"artists\":true,\"tracks\":[{\"src\":\"https:\\\/\\\/www.medellin.gov.co\\\/es\\\/wp-content\\\/uploads\\\/2023\\\/05\\\/Maestria-Colmayor-01.mp3\",\"type\":\"audio\\\/mpeg\",\"title\":\"Palabras de Juan David G\\u00f3mez Fl\\u00f3rez, rector de la Instituci\\u00f3n Universitaria Colegio Mayor de Antioquia\",\"caption\":\"\",\"description\":\"\\u00abPalabras de Juan David G\\u00f3mez Fl\\u00f3rez, rector de la Instituci\\u00f3n Universitaria Colegio Mayor de Antioquia\\u00bb.\",\"meta\":{\"year\":\"2023\",\"length_formatted\":\"1:56\"},\"image\":{\"src\":\"https:\\\/\\\/www.medellin.gov.co\\\/es\\\/wp-includes\\\/images\\\/media\\\/audio.png\",\"width\":48,\"height\":64},\"thumb\":{\"src\":\"https:\\\/\\\/www.medellin.gov.co\\\/es\\\/wp-includes\\\/images\\\/media\\\/audio.png\",\"width\":48,\"height\":64}},{\"src\":\"https:\\\/\\\/www.medellin.gov.co\\\/es\\\/wp-content\\\/uploads\\\/2023\\\/05\\\/Maestria-Colmayor-02.mp3\",\"type\":\"audio\\\/mpeg\",\"title\":\"Palabras de M\\u00f3nica Mar\\u00eda Durango Zuleta, decana de la Facultad de Ciencias de la Salud\",\"caption\":\"\",\"description\":\"\\u00abPalabras de M\\u00f3nica Mar\\u00eda Durango Zuleta, decana de la Facultad de Ciencias de la Salud\\u00bb.\",\"meta\":{\"year\":\"2023\",\"length_formatted\":\"0:42\"},\"image\":{\"src\":\"https:\\\/\\\/www.medellin.gov.co\\\/es\\\/wp-includes\\\/images\\\/media\\\/audio.png\",\"width\":48,\"height\":64},\"thumb\":{\"src\":\"https:\\\/\\\/www.medellin.gov.co\\\/es\\\/wp-includes\\\/images\\\/media\\\/audio.png\",\"width\":48,\"height\":64}}]}<\/script>\n<\/div>\n\t\n<p>Como una apuesta de pa\u00eds para la gesti\u00f3n sostenible de recursos y el desarrollo de productos y servicios bajo el concepto de bioeconom\u00eda y econom\u00eda circular, la Instituci\u00f3n Universitaria Colegio Mayor de Antioquia recibi\u00f3 el registro calificado de su primera maestr\u00eda propia: Biotecnolog\u00eda y Bioeconom\u00eda, mediante la Resoluci\u00f3n 006776, otorgada por el Ministerio de Educaci\u00f3n Nacional.<\/p>\n<p>La creaci\u00f3n del posgrado parti\u00f3 de la experiencia, trayectoria y posicionamiento que ya ten\u00eda el pregrado de Biotecnolog\u00eda de la instituci\u00f3n.<\/p>\n<p>\u201c<em>Este logro fue el resultado del trabajo entre la Facultad de Ciencias de la Salud y la Facultad de Administraci\u00f3n, que en una alianza estrat\u00e9gica crearon este programa, \u00fanico en el pa\u00eds, para fortalecer la investigaci\u00f3n y la innovaci\u00f3n<\/em>\u201d, afirm\u00f3 el rector de la Instituci\u00f3n Universitaria Colegio Mayor de Antioquia, Juan David G\u00f3mez Fl\u00f3rez.<\/p>\n<p>La maestr\u00eda pretende formar profesionales de alto nivel a trav\u00e9s de la investigaci\u00f3n aplicada y la transferencia de tecnolog\u00eda y conocimiento, para que impulsen el desarrollo de modelos productivos sostenibles, enmarcados en la estrategia de econom\u00eda circular, e incrementen las capacidades del pa\u00eds en Ciencia, Tecnolog\u00eda e Innovaci\u00f3n.<\/p>\n<div id=\"attachment_196321\" style=\"width: 1290px\" class=\"wp-caption alignnone\"><a href=\"https:\/\/www.medellin.gov.co\/es\/wp-content\/uploads\/2023\/05\/Maestria-Colmayor-2.jpg\" target=\"_blank\" rel=\"noopener\"><img aria-describedby=\"caption-attachment-196321\" loading=\"lazy\" class=\"wp-image-196321 size-full\" title=\"La Instituci\u00f3n Universitaria Colegio Mayor de Antioquia tiene la primera Maestr\u00eda en Biotecnolog\u00eda y Bioeconom\u00eda en Colombia\" src=\"https:\/\/www.medellin.gov.co\/es\/wp-content\/uploads\/2023\/05\/Maestria-Colmayor-2.jpg\" alt=\"La Instituci\u00f3n Universitaria Colegio Mayor de Antioquia tiene la primera Maestr\u00eda en Biotecnolog\u00eda y Bioeconom\u00eda en Colombia\" width=\"1280\" height=\"720\" srcset=\"https:\/\/www.medellin.gov.co\/es\/wp-content\/uploads\/2023\/05\/Maestria-Colmayor-2.jpg 1280w, https:\/\/www.medellin.gov.co\/es\/wp-content\/uploads\/2023\/05\/Maestria-Colmayor-2-300x169.jpg 300w, https:\/\/www.medellin.gov.co\/es\/wp-content\/uploads\/2023\/05\/Maestria-Colmayor-2-1024x576.jpg 1024w, https:\/\/www.medellin.gov.co\/es\/wp-content\/uploads\/2023\/05\/Maestria-Colmayor-2-150x84.jpg 150w, https:\/\/www.medellin.gov.co\/es\/wp-content\/uploads\/2023\/05\/Maestria-Colmayor-2-768x432.jpg 768w\" sizes=\"(max-width: 1280px) 100vw, 1280px\" \/><\/a><p id=\"caption-attachment-196321\" class=\"wp-caption-text\">La Instituci\u00f3n Universitaria Colegio Mayor de Antioquia tiene la primera Maestr\u00eda en Biotecnolog\u00eda y Bioeconom\u00eda en Colombia &#8211; Foto Alcald\u00eda de Medell\u00edn<\/p><\/div>\n<p>El programa est\u00e1 dirigido a profesionales en Biotecnolog\u00eda, Bacteriolog\u00eda, Biolog\u00eda, Bioqu\u00edmica, Qu\u00edmica, Agronom\u00eda, Alimentos, Medio Ambiente, Zootecnia, Veterinaria y \u00e1reas afines relacionadas con ciencias de la vida, administrativas, econ\u00f3micas e ingenier\u00edas, y que est\u00e9n interesados en la creaci\u00f3n o desarrollo de empresas de base biotecnol\u00f3gica.<\/p>\n<p>\u201c<em>La maestr\u00eda busca ofrecer profesionales de alto nivel de calificaci\u00f3n en el tema de los bionegocios y la biodiversidad comercial, lo que permitir\u00e1 que sean protagonistas del cambio hacia una bioeconom\u00eda sostenible. Quiero reiterar mi agradecimiento a las personas que hicieron posible este proyecto<\/em>\u201d, expres\u00f3 la decana de la Facultad de Ciencias de la Salud, M\u00f3nica Mar\u00eda Durango Zuleta.<\/p>\n<p>El Posgrado en Biotecnolog\u00eda y Bioeconom\u00eda es el \u00fanico programa del pa\u00eds con esta denominaci\u00f3n y est\u00e1 encaminado hacia el desarrollo de competencias para el impulso de bionegocios y el uso sostenible de la biodiversidad con fines comerciales, y tiene una orientaci\u00f3n clara y definida hacia la ejecuci\u00f3n de proyectos de investigaci\u00f3n en esta \u00e1rea.<\/p>\n","protected":false},"excerpt":{"rendered":"<p>Este programa se fundamenta en las recomendaciones de la Misi\u00f3n Internacional de Sabios de 2019 y la Misi\u00f3n Nacional de Bioeconom\u00eda de 2020. Los interesados pueden inscribirse, desde hoy y hasta el 24 de mayo, &#8230;<\/p>\n","protected":false},"author":21,"featured_media":196317,"comment_status":"open","ping_status":"open","sticky":false,"template":"","format":"standard","meta":[],"categories":[4,17],"tags":[634,431],"formato_nota":[],"programas_tax":[],"acf":[],"_links":{"self":[{"href":"https:\/\/www.medellin.gov.co\/es\/wp-json\/wp\/v2\/posts\/196314"}],"collection":[{"href":"https:\/\/www.medellin.gov.co\/es\/wp-json\/wp\/v2\/posts"}],"about":[{"href":"https:\/\/www.medellin.gov.co\/es\/wp-json\/wp\/v2\/types\/post"}],"author":[{"embeddable":true,"href":"https:\/\/www.medellin.gov.co\/es\/wp-json\/wp\/v2\/users\/21"}],"replies":[{"embeddable":true,"href":"https:\/\/www.medellin.gov.co\/es\/wp-json\/wp\/v2\/comments?post=196314"}],"version-history":[{"count":2,"href":"https:\/\/www.medellin.gov.co\/es\/wp-json\/wp\/v2\/posts\/196314\/revisions"}],"predecessor-version":[{"id":196338,"href":"https:\/\/www.medellin.gov.co\/es\/wp-json\/wp\/v2\/posts\/196314\/revisions\/196338"}],"wp:featuredmedia":[{"embeddable":true,"href":"https:\/\/www.medellin.gov.co\/es\/wp-json\/wp\/v2\/media\/196317"}],"wp:attachment":[{"href":"https:\/\/www.medellin.gov.co\/es\/wp-json\/wp\/v2\/media?parent=196314"}],"wp:term":[{"taxonomy":"category","embeddable":true,"href":"https:\/\/www.medellin.gov.co\/es\/wp-json\/wp\/v2\/categories?post=196314"},{"taxonomy":"post_tag","embeddable":true,"href":"https:\/\/www.medellin.gov.co\/es\/wp-json\/wp\/v2\/tags?post=196314"},{"taxonomy":"formato_nota","embeddable":true,"href":"https:\/\/www.medellin.gov.co\/es\/wp-json\/wp\/v2\/formato_nota?post=196314"},{"taxonomy":"programas_tax","embeddable":true,"href":"https:\/\/www.medellin.gov.co\/es\/wp-json\/wp\/v2\/programas_tax?post=196314"}],"curies":[{"name":"wp","href":"https:\/\/api.w.org\/{rel}","templated":true}]}}