{"id":206405,"date":"2023-06-10T09:04:30","date_gmt":"2023-06-10T14:04:30","guid":{"rendered":"https:\/\/www.medellin.gov.co\/es\/?p=206405"},"modified":"2023-06-10T09:04:30","modified_gmt":"2023-06-10T14:04:30","slug":"tramites-sin-barreras-con-la-atencion-por-lengua-de-senas-de-la-alcaldia-de-medellin","status":"publish","type":"post","link":"https:\/\/www.medellin.gov.co\/es\/sala-de-prensa\/noticias\/tramites-sin-barreras-con-la-atencion-por-lengua-de-senas-de-la-alcaldia-de-medellin\/","title":{"rendered":"\u00a1Tr\u00e1mites sin barreras con la Atenci\u00f3n por Lengua de Se\u00f1as de la Alcald\u00eda de Medell\u00edn!"},"content":{"rendered":"<p><span style=\"font-weight: 400;\">En busca de promover la igualdad de oportunidades y garantizar la inclusi\u00f3n de todas las personas, la Alcald\u00eda de Medell\u00edn ha puesto en marcha el servicio de Atenci\u00f3n por Lengua de Se\u00f1as.\u00a0<\/span><\/p>\n<p><span style=\"font-weight: 400;\">Con esta herramienta en l\u00ednea, las personas con discapacidad auditiva pueden realizar tr\u00e1mites y recibir servicios sin tener que desplazarse hasta la sede administrativa.\u00a0<\/span><\/p>\n<p><span style=\"font-weight: 400;\">En este art\u00edculo te explicaremos paso a paso c\u00f3mo utilizar este servicio, que brinda una atenci\u00f3n especializada.<\/span><\/p>\n<p><a href=\"https:\/\/www.medellin.gov.co\/es\/wp-content\/uploads\/2023\/06\/tramites-sin-barreras.jpg\" target=\"_blank\" rel=\"noopener\"><img loading=\"lazy\" class=\"alignnone wp-image-206407 size-full\" title=\"Tr\u00e1mites sin barreras\" src=\"https:\/\/www.medellin.gov.co\/es\/wp-content\/uploads\/2023\/06\/tramites-sin-barreras.jpg\" alt=\"Tr\u00e1mites sin barreras\" width=\"1200\" height=\"1200\" srcset=\"https:\/\/www.medellin.gov.co\/es\/wp-content\/uploads\/2023\/06\/tramites-sin-barreras.jpg 1200w, https:\/\/www.medellin.gov.co\/es\/wp-content\/uploads\/2023\/06\/tramites-sin-barreras-300x300.jpg 300w, https:\/\/www.medellin.gov.co\/es\/wp-content\/uploads\/2023\/06\/tramites-sin-barreras-1024x1024.jpg 1024w, https:\/\/www.medellin.gov.co\/es\/wp-content\/uploads\/2023\/06\/tramites-sin-barreras-150x150.jpg 150w, https:\/\/www.medellin.gov.co\/es\/wp-content\/uploads\/2023\/06\/tramites-sin-barreras-768x768.jpg 768w\" sizes=\"(max-width: 1200px) 100vw, 1200px\" \/><\/a><\/p>\n<p><b>Paso 1: ingresa a <\/b><a href=\"http:\/\/www.medellin.gov.co\"><b>www.medellin.gov.co<\/b><\/a><\/p>\n<p><span style=\"font-weight: 400;\">Accede al portal web oficial de la Alcald\u00eda de Medell\u00edn, a trav\u00e9s de <\/span><a href=\"http:\/\/www.medellin.gov.co\"><span style=\"font-weight: 400;\">www.medellin.gov.co<\/span><\/a><span style=\"font-weight: 400;\">.<\/span><\/p>\n<p><b>Paso 2: encuentra el servicio de Atenci\u00f3n por Lengua de Se\u00f1as<\/b><\/p>\n<p><span style=\"font-weight: 400;\">Despl\u00e1zate hacia el final de la p\u00e1gina principal y busca la secci\u00f3n de \u00abServicios Destacados\u00bb. All\u00ed encontrar\u00e1s un enlace o bot\u00f3n que dice \u00abAtenci\u00f3n por Lengua de Se\u00f1as\u00bb. Haz clic en \u00e9l para acceder al servicio.<\/span><\/p>\n<p><b>Paso 3: habilita la c\u00e1mara y el micr\u00f3fono<\/b><\/p>\n<p><span style=\"font-weight: 400;\">Una vez que hayas accedido al servicio de Atenci\u00f3n por Lengua de Se\u00f1as, aparecer\u00e1 una ventana emergente en tu pantalla. En esta, se te solicitar\u00e1 que habilites el uso de la c\u00e1mara y el micr\u00f3fono de tu dispositivo. Aseg\u00farate de permitir el acceso para poder comunicarte con el int\u00e9rprete de se\u00f1as.<\/span><\/p>\n<p><b>Paso 4 comun\u00edcate con el int\u00e9rprete de se\u00f1as<\/b><\/p>\n<p><span style=\"font-weight: 400;\">Una vez habilitados los permisos, se establecer\u00e1 una conexi\u00f3n con un int\u00e9rprete de se\u00f1as en l\u00ednea. Este profesional estar\u00e1 listo para atender tus inquietudes y ayudarte en el proceso de tr\u00e1mites o servicios que necesites.\u00a0<\/span><\/p>\n<p><b>Paso 5: finaliza la conversaci\u00f3n<\/b><\/p>\n<p><span style=\"font-weight: 400;\">Una vez hayas recibido la asesor\u00eda o resuelto tus inquietudes, podr\u00e1s finalizar la conversaci\u00f3n. En la ventana de la llamada, encontrar\u00e1s un bot\u00f3n con la opci\u00f3n \u00abFinalizar llamada\u00bb. Haz clic en \u00e9l.<\/span><\/p>\n<p><span style=\"font-weight: 400;\">\u00a1Evita desplazamientos y ahorra tiempo! Ahora, la alcald\u00eda de Medell\u00edn est\u00e1, para todos, a unos cuantos clics. <\/span><\/p>\n","protected":false},"excerpt":{"rendered":"<p>En busca de promover la igualdad de oportunidades y garantizar la inclusi\u00f3n de todas las personas, la Alcald\u00eda de Medell\u00edn ha puesto en marcha el servicio de Atenci\u00f3n por Lengua de Se\u00f1as.\u00a0 Con esta herramienta &#8230;<\/p>\n","protected":false},"author":4,"featured_media":56512,"comment_status":"open","ping_status":"open","sticky":false,"template":"","format":"standard","meta":[],"categories":[19],"tags":[432,451],"formato_nota":[],"programas_tax":[],"acf":[],"_links":{"self":[{"href":"https:\/\/www.medellin.gov.co\/es\/wp-json\/wp\/v2\/posts\/206405"}],"collection":[{"href":"https:\/\/www.medellin.gov.co\/es\/wp-json\/wp\/v2\/posts"}],"about":[{"href":"https:\/\/www.medellin.gov.co\/es\/wp-json\/wp\/v2\/types\/post"}],"author":[{"embeddable":true,"href":"https:\/\/www.medellin.gov.co\/es\/wp-json\/wp\/v2\/users\/4"}],"replies":[{"embeddable":true,"href":"https:\/\/www.medellin.gov.co\/es\/wp-json\/wp\/v2\/comments?post=206405"}],"version-history":[{"count":1,"href":"https:\/\/www.medellin.gov.co\/es\/wp-json\/wp\/v2\/posts\/206405\/revisions"}],"predecessor-version":[{"id":206408,"href":"https:\/\/www.medellin.gov.co\/es\/wp-json\/wp\/v2\/posts\/206405\/revisions\/206408"}],"wp:featuredmedia":[{"embeddable":true,"href":"https:\/\/www.medellin.gov.co\/es\/wp-json\/wp\/v2\/media\/56512"}],"wp:attachment":[{"href":"https:\/\/www.medellin.gov.co\/es\/wp-json\/wp\/v2\/media?parent=206405"}],"wp:term":[{"taxonomy":"category","embeddable":true,"href":"https:\/\/www.medellin.gov.co\/es\/wp-json\/wp\/v2\/categories?post=206405"},{"taxonomy":"post_tag","embeddable":true,"href":"https:\/\/www.medellin.gov.co\/es\/wp-json\/wp\/v2\/tags?post=206405"},{"taxonomy":"formato_nota","embeddable":true,"href":"https:\/\/www.medellin.gov.co\/es\/wp-json\/wp\/v2\/formato_nota?post=206405"},{"taxonomy":"programas_tax","embeddable":true,"href":"https:\/\/www.medellin.gov.co\/es\/wp-json\/wp\/v2\/programas_tax?post=206405"}],"curies":[{"name":"wp","href":"https:\/\/api.w.org\/{rel}","templated":true}]}}