{"id":206447,"date":"2023-06-10T10:21:15","date_gmt":"2023-06-10T15:21:15","guid":{"rendered":"https:\/\/www.medellin.gov.co\/es\/?p=206447"},"modified":"2023-06-13T15:57:44","modified_gmt":"2023-06-13T20:57:44","slug":"con-oferta-cultural-y-gastronomica-de-los-corregimientos-de-medellin-el-parque-lleras-disfruto-de-una-antesala-de-la-feria-de-las-flores-2023","status":"publish","type":"post","link":"https:\/\/www.medellin.gov.co\/es\/sala-de-prensa\/noticias\/con-oferta-cultural-y-gastronomica-de-los-corregimientos-de-medellin-el-parque-lleras-disfruto-de-una-antesala-de-la-feria-de-las-flores-2023\/","title":{"rendered":"Con oferta cultural y gastron\u00f3mica de los corregimientos de Medell\u00edn, el parque Lleras disfrut\u00f3 de una antesala de la Feria de las Flores 2023"},"content":{"rendered":"<ul>\n<li>En la jornada, se dict\u00f3 un taller de elaboraci\u00f3n de silletas, hubo una muestra de comidas tradicionales y se efectu\u00f3 una experiencia de realidad virtual sobre los corregimientos.<\/li>\n<li>Se sensibiliz\u00f3 a extranjeros y ciudadanos sobre la importancia de los cinco corregimientos del Distrito, para hacer visibles las oportunidades de turismo que tiene la ruralidad en Medell\u00edn.<\/li>\n<\/ul>\n<!--[if lt IE 9]><script>document.createElement('audio');<\/script><![endif]-->\n\t<div class=\"wp-playlist wp-audio-playlist wp-playlist-light\">\n\t\t\t<div class=\"wp-playlist-current-item\"><\/div>\n\t\t<audio controls=\"controls\" preload=\"none\" width=\"640\"\n\t\t\t><\/audio>\n\t<div class=\"wp-playlist-next\"><\/div>\n\t<div class=\"wp-playlist-prev\"><\/div>\n\t<noscript>\n\t<ol>\n\t\t<li><a href='https:\/\/www.medellin.gov.co\/es\/wp-content\/uploads\/2023\/06\/antesala-feria.mp3'>Palabras de Maryori Londo\u00f1o, gerente de Corregimientos.<\/a><\/li>\t<\/ol>\n\t<\/noscript>\n\t<script type=\"application\/json\" class=\"wp-playlist-script\">{\"type\":\"audio\",\"tracklist\":true,\"tracknumbers\":true,\"images\":true,\"artists\":true,\"tracks\":[{\"src\":\"https:\\\/\\\/www.medellin.gov.co\\\/es\\\/wp-content\\\/uploads\\\/2023\\\/06\\\/antesala-feria.mp3\",\"type\":\"audio\\\/mpeg\",\"title\":\"Palabras de Maryori Londo\\u00f1o, gerente de Corregimientos.\",\"caption\":\"\",\"description\":\"Palabras de Maryori Londo\\u00f1o, gerente de Corregimientos.\",\"meta\":{\"year\":\"2023\",\"length_formatted\":\"0:40\"},\"image\":{\"src\":\"https:\\\/\\\/www.medellin.gov.co\\\/es\\\/wp-includes\\\/images\\\/media\\\/audio.png\",\"width\":48,\"height\":64},\"thumb\":{\"src\":\"https:\\\/\\\/www.medellin.gov.co\\\/es\\\/wp-includes\\\/images\\\/media\\\/audio.png\",\"width\":48,\"height\":64}}]}<\/script>\n<\/div>\n\t\n<p><span style=\"font-weight: 400;\">El parque Lleras fue escenario de una actividad cultural, como antesala de la Feria de las Flores 2023. All\u00ed, turistas y visitantes aprendieron c\u00f3mo se elaboran las silletas e interactuaron en la fabricaci\u00f3n de una de ellas.<\/span> <span style=\"font-weight: 400;\">Asimismo, a trav\u00e9s de una experiencia virtual 360, las personas viajaron a lugares representativos de la ciudad, como iglesias y parques, entre otros.<\/span><\/p>\n<p><span style=\"font-weight: 400;\">La actividad se realiz\u00f3 en el parque Lleras, como parte del Abrazo al Lleras que lidera\u00a0 la Administraci\u00f3n Distrital para recuperar este espacio, un lugar de atracci\u00f3n tur\u00edstica en Medell\u00edn que se vive en familia y que rodea a la comunidad local y extranjera, y que permite difundir la tradici\u00f3n campesina de los cinco corregimientos de la ciudad.<\/span><\/p>\n<p><i><span style=\"font-weight: 400;\">\u201cNos unimos a la reactivaci\u00f3n del parque Lleras; una apuesta del Distrito de Medell\u00edn para llevar nuestra oferta institucional, resaltando el potencial que tienen nuestros silleteros como Patrimonio Inmaterial de la Naci\u00f3n y, a su vez, destacando las bondades de los cinco corregimientos, a trav\u00e9s del patrimonio ancestral y aut\u00f3ctono\u201d, <\/span><\/i><span style=\"font-weight: 400;\">expres\u00f3 la gerente de Corregimientos, Maryori Londo\u00f1o.\u00a0<\/span><\/p>\n<p><span style=\"font-weight: 400;\">Los asistentes degustaron una muestra gastron\u00f3mica gratuita de los corregimientos, con arepa, chorizo y morcilla. Esto, como una manera de incentivar el reconocimiento de las tradiciones culinarias de productores y productoras.\u00a0<\/span><\/p>\n<p><i><span style=\"font-weight: 400;\">\u201cSoy silletera desde hace 37 a\u00f1os. Todos mis abuelos, mis ancestros, son silleteros. Estoy muy contenta de estar en este lugar, aqu\u00ed, en el parque Lleras, recordando de d\u00f3nde vienen todas nuestras tradiciones, nuestra gastronom\u00eda. Se acerca la Feria de las Flores, y bienvenidos a Santa Elena\u201d, <\/span><\/i><span style=\"font-weight: 400;\">manifest\u00f3 Gloria Estela Soto, silletera de la vereda Piedra Gorda, del corregimiento Santa Elena.\u00a0<\/span><\/p>\n<p><span style=\"font-weight: 400;\">Para finalizar la jornada, se hizo un desfile por los alrededores del parque Lleras, para exhibir las silletas que se elaboraron all\u00ed.\u00a0<\/span><\/p>\n<p><i><span style=\"font-weight: 400;\">\u201cLe quiero agradecer a la Alcald\u00eda de Medell\u00edn por dejarnos compartir estos espacios tan fenomenales, con personas tan dulces, tan c\u00e1lidas; personas que te reciben con todo un performance de teatro, en el que se ve la cultura antioque\u00f1a en su esplendor. Los invito a que compartan aqu\u00ed, en el parque Lleras\u201d, <\/span><\/i><span style=\"font-weight: 400;\">dijo Andrea Peche, visitante del parque.\u00a0<\/span><\/p>\n<p><span style=\"font-weight: 400;\">La actividad fue liderada por la Gerencia de Corregimientos y participaron cerca de 500 personas, quienes disfrutaron en familia de un espacio de cultura y acercamiento a la tradici\u00f3n rural. <\/span><\/p>\n","protected":false},"excerpt":{"rendered":"<p>En la jornada, se dict\u00f3 un taller de elaboraci\u00f3n de silletas, hubo una muestra de comidas tradicionales y se efectu\u00f3 una experiencia de realidad virtual sobre los corregimientos. Se sensibiliz\u00f3 a extranjeros y ciudadanos sobre &#8230;<\/p>\n","protected":false},"author":4,"featured_media":206451,"comment_status":"open","ping_status":"open","sticky":false,"template":"","format":"standard","meta":[],"categories":[31],"tags":[444,428,429],"formato_nota":[],"programas_tax":[],"acf":[],"_links":{"self":[{"href":"https:\/\/www.medellin.gov.co\/es\/wp-json\/wp\/v2\/posts\/206447"}],"collection":[{"href":"https:\/\/www.medellin.gov.co\/es\/wp-json\/wp\/v2\/posts"}],"about":[{"href":"https:\/\/www.medellin.gov.co\/es\/wp-json\/wp\/v2\/types\/post"}],"author":[{"embeddable":true,"href":"https:\/\/www.medellin.gov.co\/es\/wp-json\/wp\/v2\/users\/4"}],"replies":[{"embeddable":true,"href":"https:\/\/www.medellin.gov.co\/es\/wp-json\/wp\/v2\/comments?post=206447"}],"version-history":[{"count":1,"href":"https:\/\/www.medellin.gov.co\/es\/wp-json\/wp\/v2\/posts\/206447\/revisions"}],"predecessor-version":[{"id":206454,"href":"https:\/\/www.medellin.gov.co\/es\/wp-json\/wp\/v2\/posts\/206447\/revisions\/206454"}],"wp:featuredmedia":[{"embeddable":true,"href":"https:\/\/www.medellin.gov.co\/es\/wp-json\/wp\/v2\/media\/206451"}],"wp:attachment":[{"href":"https:\/\/www.medellin.gov.co\/es\/wp-json\/wp\/v2\/media?parent=206447"}],"wp:term":[{"taxonomy":"category","embeddable":true,"href":"https:\/\/www.medellin.gov.co\/es\/wp-json\/wp\/v2\/categories?post=206447"},{"taxonomy":"post_tag","embeddable":true,"href":"https:\/\/www.medellin.gov.co\/es\/wp-json\/wp\/v2\/tags?post=206447"},{"taxonomy":"formato_nota","embeddable":true,"href":"https:\/\/www.medellin.gov.co\/es\/wp-json\/wp\/v2\/formato_nota?post=206447"},{"taxonomy":"programas_tax","embeddable":true,"href":"https:\/\/www.medellin.gov.co\/es\/wp-json\/wp\/v2\/programas_tax?post=206447"}],"curies":[{"name":"wp","href":"https:\/\/api.w.org\/{rel}","templated":true}]}}