{"id":206457,"date":"2023-06-10T10:27:52","date_gmt":"2023-06-10T15:27:52","guid":{"rendered":"https:\/\/www.medellin.gov.co\/es\/?p=206457"},"modified":"2023-06-10T10:27:52","modified_gmt":"2023-06-10T15:27:52","slug":"para-avanzar-con-las-obras-de-ampliacion-de-carabobo-norte-habra-cambios-viales-en-la-zona","status":"publish","type":"post","link":"https:\/\/www.medellin.gov.co\/es\/sala-de-prensa\/noticias\/para-avanzar-con-las-obras-de-ampliacion-de-carabobo-norte-habra-cambios-viales-en-la-zona\/","title":{"rendered":"Para avanzar con las obras de ampliaci\u00f3n de Carabobo Norte habr\u00e1 cambios viales en la zona"},"content":{"rendered":"<ul>\n<li>Desde este mi\u00e9rcoles 14 de junio de 2023 estar\u00e1 habilitada la calzada occidental de la carrera 52, donde se gener\u00f3 un lazo de conexi\u00f3n con la avenida del Ferrocarril y con el Puente del Mico.<\/li>\n<li>En este pol\u00edgono, ubicado afuera del parqueadero del Jard\u00edn Bot\u00e1nico, se construye la intersecci\u00f3n vial de la calle 77.<\/li>\n<li>La ampliaci\u00f3n de Carabobo Norte contempla la renovaci\u00f3n de m\u00e1s de 50.000 metros cuadrados entre este punto y el Puente de la Madre Laura.<\/li>\n<\/ul>\n<!--[if lt IE 9]><script>document.createElement('audio');<\/script><![endif]-->\n\t<div class=\"wp-playlist wp-audio-playlist wp-playlist-light\">\n\t\t\t<div class=\"wp-playlist-current-item\"><\/div>\n\t\t<audio controls=\"controls\" preload=\"none\" width=\"640\"\n\t\t\t><\/audio>\n\t<div class=\"wp-playlist-next\"><\/div>\n\t<div class=\"wp-playlist-prev\"><\/div>\n\t<noscript>\n\t<ol>\n\t\t<li><a href='https:\/\/www.medellin.gov.co\/es\/wp-content\/uploads\/2023\/06\/cierre-vial-carabobo-norte-01.mp3'>Palabras de Margarita Contreras, subgerente de Ejecuci\u00f3n de Proyectos de la Empresa de Desarrollo Urbano.<\/a><\/li><li><a href='https:\/\/www.medellin.gov.co\/es\/wp-content\/uploads\/2023\/06\/cierre-vial-carabobo-norte-02.mp3'>Palabras de Luis Fernando Vanegas, comandante de Tr\u00e1nsito de la Secretar\u00eda de Movilidad.<\/a><\/li>\t<\/ol>\n\t<\/noscript>\n\t<script type=\"application\/json\" class=\"wp-playlist-script\">{\"type\":\"audio\",\"tracklist\":true,\"tracknumbers\":true,\"images\":true,\"artists\":true,\"tracks\":[{\"src\":\"https:\\\/\\\/www.medellin.gov.co\\\/es\\\/wp-content\\\/uploads\\\/2023\\\/06\\\/cierre-vial-carabobo-norte-01.mp3\",\"type\":\"audio\\\/mpeg\",\"title\":\"Palabras de Margarita Contreras, subgerente de Ejecuci\\u00f3n de Proyectos de la Empresa de Desarrollo Urbano.\",\"caption\":\"\",\"description\":\"Palabras de Margarita Contreras, subgerente de Ejecuci\\u00f3n de Proyectos de la Empresa de Desarrollo Urbano.\",\"meta\":{\"length_formatted\":\"0:46\"},\"image\":{\"src\":\"https:\\\/\\\/www.medellin.gov.co\\\/es\\\/wp-includes\\\/images\\\/media\\\/audio.png\",\"width\":48,\"height\":64},\"thumb\":{\"src\":\"https:\\\/\\\/www.medellin.gov.co\\\/es\\\/wp-includes\\\/images\\\/media\\\/audio.png\",\"width\":48,\"height\":64}},{\"src\":\"https:\\\/\\\/www.medellin.gov.co\\\/es\\\/wp-content\\\/uploads\\\/2023\\\/06\\\/cierre-vial-carabobo-norte-02.mp3\",\"type\":\"audio\\\/mpeg\",\"title\":\"Palabras de Luis Fernando Vanegas, comandante de Tr\\u00e1nsito de la Secretar\\u00eda de Movilidad.\",\"caption\":\"\",\"description\":\"Palabras de Luis Fernando Vanegas, comandante de Tr\\u00e1nsito de la Secretar\\u00eda de Movilidad.\",\"meta\":{\"length_formatted\":\"1:10\"},\"image\":{\"src\":\"https:\\\/\\\/www.medellin.gov.co\\\/es\\\/wp-includes\\\/images\\\/media\\\/audio.png\",\"width\":48,\"height\":64},\"thumb\":{\"src\":\"https:\\\/\\\/www.medellin.gov.co\\\/es\\\/wp-includes\\\/images\\\/media\\\/audio.png\",\"width\":48,\"height\":64}}]}<\/script>\n<\/div>\n\t\n<p><span style=\"font-weight: 400;\">Para avanzar con las obras de ampliaci\u00f3n de Carabobo Norte a la altura del parqueadero del Jard\u00edn Bot\u00e1nico, donde se construye la intersecci\u00f3n vial de la calle 77, la Alcald\u00eda de Medell\u00edn abri\u00f3 un nuevo frente de obra en la calzada oriental de la carrera 52 (Carabobo). Previo al inicio de esta nueva intervenci\u00f3n, el contratista de obra elabor\u00f3 un Plan de Manejo de Tr\u00e1nsito que implica cambios viales en la zona.\u00a0<\/span><\/p>\n<p><span style=\"font-weight: 400;\">Desde el pr\u00f3ximo mi\u00e9rcoles 14 de junio de 2023 estar\u00e1 habilitada la calzada occidental de la carrera 52, donde se generar\u00e1 un lazo de conexi\u00f3n con la avenida del Ferrocarril (carrera 53) y con el Puente del Mico (calle 77).\u00a0<\/span><\/p>\n<p><span style=\"font-weight: 400;\">Por este mismo cierre, las rutas del servicio p\u00fablico har\u00e1n un desv\u00edo que consiste en: los que se dirigen hacia el sur deber\u00e1n incorporarse a la calzada habilitada en la carrera 52, y tomar la carrera 53 (avenida del Ferrocarril), girar a la izquierda en la calle 73 (esquina Parque Explora) y voltear a la derecha para retomar la ruta en la carrera 52.<\/span><\/p>\n<p><span style=\"font-weight: 400;\">Si se dirigen al occidente deben tomar la calzada habilitada y girar a la derecha en la calle 77 para llegar al puente del Mico.<\/span><\/p>\n<p><span style=\"font-weight: 400;\">\u201c<\/span><i><span style=\"font-weight: 400;\">Recomendamos a todos los usuarios de la v\u00eda, conductores y motociclistas, transitar con precauci\u00f3n, hacer caso a toda la se\u00f1alizaci\u00f3n que hay en los sitios y a las indicaciones de los agentes de tr\u00e1nsito<\/span><\/i><span style=\"font-weight: 400;\">\u201d, dijo el comandante de Tr\u00e1nsito de la Secretar\u00eda de Movilidad, Luis Fernando Vanegas.\u00a0<\/span><\/p>\n<p><span style=\"font-weight: 400;\">Para estos cierres, se cuenta con un Plan de Manejo de Tr\u00e1nsito que ha sido divulgado con las empresas transportadoras, el sector comercial, los vecinos, peatones y usuarios del transporte p\u00fablico colectivo.<\/span><\/p>\n<div id=\"attachment_206465\" style=\"width: 1210px\" class=\"wp-caption alignnone\"><a href=\"https:\/\/www.medellin.gov.co\/es\/wp-content\/uploads\/2023\/06\/cierre-vial-carabobo-norte-2.jpg\" target=\"_blank\" rel=\"noopener\"><img aria-describedby=\"caption-attachment-206465\" loading=\"lazy\" class=\"wp-image-206465 size-full\" title=\"Cierre vial Carabobo Norte\" src=\"https:\/\/www.medellin.gov.co\/es\/wp-content\/uploads\/2023\/06\/cierre-vial-carabobo-norte-2.jpg\" alt=\"Cierre vial Carabobo Norte\" width=\"1200\" height=\"1248\" srcset=\"https:\/\/www.medellin.gov.co\/es\/wp-content\/uploads\/2023\/06\/cierre-vial-carabobo-norte-2.jpg 1200w, https:\/\/www.medellin.gov.co\/es\/wp-content\/uploads\/2023\/06\/cierre-vial-carabobo-norte-2-288x300.jpg 288w, https:\/\/www.medellin.gov.co\/es\/wp-content\/uploads\/2023\/06\/cierre-vial-carabobo-norte-2-985x1024.jpg 985w, https:\/\/www.medellin.gov.co\/es\/wp-content\/uploads\/2023\/06\/cierre-vial-carabobo-norte-2-144x150.jpg 144w, https:\/\/www.medellin.gov.co\/es\/wp-content\/uploads\/2023\/06\/cierre-vial-carabobo-norte-2-768x799.jpg 768w\" sizes=\"(max-width: 1200px) 100vw, 1200px\" \/><\/a><p id=\"caption-attachment-206465\" class=\"wp-caption-text\">Cierre vial Carabobo Norte &#8211; Foto: Alcald\u00eda de Medell\u00edn<\/p><\/div>\n<p><span style=\"font-weight: 400;\">Los cierres totales se realizan por etapas, permitiendo en todo momento la circulaci\u00f3n peatonal y el ingreso a los locales.<\/span><\/p>\n<p><span style=\"font-weight: 400;\">La subgerente de Ejecuci\u00f3n de Proyectos de la Empresa de Desarrollo Urbano, Margarita Contreras, se\u00f1al\u00f3 que en este pol\u00edgono se avanza con la construcci\u00f3n de jardineras, ciclorruta y andenes, mantenimiento del \u00e1rbol patrimonial que se conserv\u00f3, un bala de ca\u00f1\u00f3n, reposici\u00f3n de un tramo del acueducto y renovaci\u00f3n de redes el\u00e9ctricas.\u00a0<\/span><\/p>\n<p><span style=\"font-weight: 400;\">\u201c<\/span><i><span style=\"font-weight: 400;\">En este frente de obra, la ejecuci\u00f3n ya supera el 50 %, con nuevas estrategias para agilizar los trabajos en esta intersecci\u00f3n vial que va a desembotellar esta zona tan traum\u00e1tica en cuanto al tr\u00e1fico vehicular y con la que vamos a generar nuevo espacio p\u00fablico para el encuentro ciudadano<\/span><\/i><span style=\"font-weight: 400;\">\u201d, se\u00f1al\u00f3 la subgerente.\u00a0<\/span><\/p>\n<p><span style=\"font-weight: 400;\">En la ejecuci\u00f3n de la intersecci\u00f3n vial de la calle 77 se han generado 392 empleos, de los cuales se destaca la vinculaci\u00f3n de 139 personas de la comunidad, equivalente al 54 %; de 110 j\u00f3venes, que representan el 28 %; y de 38 mujeres, para un 10 %.\u00a0<\/span><\/p>\n<p><i><span style=\"font-weight: 400;\">\u201cYo vivo en Moravia y este trabajo me ha servido mucho, no solo por la ampliaci\u00f3n de la v\u00eda sino porque estoy aqu\u00ed mismo y voy en 10 minutos, almuerzo y vengo y estoy ac\u00e1 mismo en el barrio<\/span><\/i><span style=\"font-weight: 400;\">\u201d, destac\u00f3 Leucydes Cervantes, trabajador de la obra.\u00a0<\/span><\/p>\n<p><span style=\"font-weight: 400;\">La ampliaci\u00f3n de Carabobo Norte es un proyecto estrat\u00e9gico que comprende la renovaci\u00f3n de v\u00edas, andenes, ciclorruta y nuevas zonas verdes entre el Jard\u00edn Bot\u00e1nico y el Puente de la Madre Laura, en una extensi\u00f3n de 3.2 kil\u00f3metros. <\/span><\/p>\n","protected":false},"excerpt":{"rendered":"<p>Desde este mi\u00e9rcoles 14 de junio de 2023 estar\u00e1 habilitada la calzada occidental de la carrera 52, donde se gener\u00f3 un lazo de conexi\u00f3n con la avenida del Ferrocarril y con el Puente del Mico. &#8230;<\/p>\n","protected":false},"author":4,"featured_media":206463,"comment_status":"open","ping_status":"open","sticky":false,"template":"","format":"standard","meta":[],"categories":[11,14,17],"tags":[634,447,442],"formato_nota":[],"programas_tax":[],"acf":[],"_links":{"self":[{"href":"https:\/\/www.medellin.gov.co\/es\/wp-json\/wp\/v2\/posts\/206457"}],"collection":[{"href":"https:\/\/www.medellin.gov.co\/es\/wp-json\/wp\/v2\/posts"}],"about":[{"href":"https:\/\/www.medellin.gov.co\/es\/wp-json\/wp\/v2\/types\/post"}],"author":[{"embeddable":true,"href":"https:\/\/www.medellin.gov.co\/es\/wp-json\/wp\/v2\/users\/4"}],"replies":[{"embeddable":true,"href":"https:\/\/www.medellin.gov.co\/es\/wp-json\/wp\/v2\/comments?post=206457"}],"version-history":[{"count":1,"href":"https:\/\/www.medellin.gov.co\/es\/wp-json\/wp\/v2\/posts\/206457\/revisions"}],"predecessor-version":[{"id":206467,"href":"https:\/\/www.medellin.gov.co\/es\/wp-json\/wp\/v2\/posts\/206457\/revisions\/206467"}],"wp:featuredmedia":[{"embeddable":true,"href":"https:\/\/www.medellin.gov.co\/es\/wp-json\/wp\/v2\/media\/206463"}],"wp:attachment":[{"href":"https:\/\/www.medellin.gov.co\/es\/wp-json\/wp\/v2\/media?parent=206457"}],"wp:term":[{"taxonomy":"category","embeddable":true,"href":"https:\/\/www.medellin.gov.co\/es\/wp-json\/wp\/v2\/categories?post=206457"},{"taxonomy":"post_tag","embeddable":true,"href":"https:\/\/www.medellin.gov.co\/es\/wp-json\/wp\/v2\/tags?post=206457"},{"taxonomy":"formato_nota","embeddable":true,"href":"https:\/\/www.medellin.gov.co\/es\/wp-json\/wp\/v2\/formato_nota?post=206457"},{"taxonomy":"programas_tax","embeddable":true,"href":"https:\/\/www.medellin.gov.co\/es\/wp-json\/wp\/v2\/programas_tax?post=206457"}],"curies":[{"name":"wp","href":"https:\/\/api.w.org\/{rel}","templated":true}]}}