{"id":206518,"date":"2023-06-11T17:41:57","date_gmt":"2023-06-11T22:41:57","guid":{"rendered":"https:\/\/www.medellin.gov.co\/es\/?p=206518"},"modified":"2023-06-11T17:41:57","modified_gmt":"2023-06-11T22:41:57","slug":"112-deportistas-de-la-delegacion-de-medellin-clasificaron-a-los-festivales-deportivos-escolares-departamentales","status":"publish","type":"post","link":"https:\/\/www.medellin.gov.co\/es\/sala-de-prensa\/noticias\/112-deportistas-de-la-delegacion-de-medellin-clasificaron-a-los-festivales-deportivos-escolares-departamentales\/","title":{"rendered":"112 deportistas de la delegaci\u00f3n de Medell\u00edn clasificaron a los festivales deportivos escolares departamentales"},"content":{"rendered":"<ul>\n<li>En 11 disciplinas deportivas, los j\u00f3venes deportistas obtuvieron su clasificaci\u00f3n al departamental.<\/li>\n<li>Los deportistas hacen parte del proceso de acompa\u00f1amiento que realiza la Alcald\u00eda de Medell\u00edn a trav\u00e9s del INDER.<\/li>\n<li>El festival departamental se realizar\u00e1 del 11 al 17 de julio.<\/li>\n<\/ul>\n<!--[if lt IE 9]><script>document.createElement('audio');<\/script><![endif]-->\n\t<div class=\"wp-playlist wp-audio-playlist wp-playlist-light\">\n\t\t\t<div class=\"wp-playlist-current-item\"><\/div>\n\t\t<audio controls=\"controls\" preload=\"none\" width=\"640\"\n\t\t\t><\/audio>\n\t<div class=\"wp-playlist-next\"><\/div>\n\t<div class=\"wp-playlist-prev\"><\/div>\n\t<noscript>\n\t<ol>\n\t\t<li><a href='https:\/\/www.medellin.gov.co\/es\/wp-content\/uploads\/2023\/06\/deportistas-de-la-delegacion.mp3'>Palabras de  Cristian S\u00e1nchez, director del INDER.<\/a><\/li>\t<\/ol>\n\t<\/noscript>\n\t<script type=\"application\/json\" class=\"wp-playlist-script\">{\"type\":\"audio\",\"tracklist\":true,\"tracknumbers\":true,\"images\":true,\"artists\":true,\"tracks\":[{\"src\":\"https:\\\/\\\/www.medellin.gov.co\\\/es\\\/wp-content\\\/uploads\\\/2023\\\/06\\\/deportistas-de-la-delegacion.mp3\",\"type\":\"audio\\\/mpeg\",\"title\":\"Palabras de  Cristian S\\u00e1nchez, director del INDER.\",\"caption\":\"\",\"description\":\"Palabras de  Cristian S\\u00e1nchez, director del INDER.\",\"meta\":{\"length_formatted\":\"0:35\"},\"image\":{\"src\":\"https:\\\/\\\/www.medellin.gov.co\\\/es\\\/wp-includes\\\/images\\\/media\\\/audio.png\",\"width\":48,\"height\":64},\"thumb\":{\"src\":\"https:\\\/\\\/www.medellin.gov.co\\\/es\\\/wp-includes\\\/images\\\/media\\\/audio.png\",\"width\":48,\"height\":64}}]}<\/script>\n<\/div>\n\t\n<p><span style=\"font-weight: 400;\">Luego de una semana de competencias en el municipio de Sabaneta, donde se desarroll\u00f3 la Fase Zonal del Valle de Aburr\u00e1 de los Festivales Deportivos Escolares 2023, 112 deportistas de la delegaci\u00f3n de Medell\u00edn, obtuvieron su paso a los juegos departamentales, como los mejores estudiantes-deportistas. Estos juegos se realizar\u00e1n del 11 al 17 de julio en Rionegro.<\/span><\/p>\n<p><span style=\"font-weight: 400;\">Previo a esta instancia departamental, los deportistas superaron diferentes fases en las que se enfrentaron otras instituciones educativas de Medell\u00edn y otra con instituciones del Valle de Aburr\u00e1.<\/span><\/p>\n<p><i><span style=\"font-weight: 400;\">\u201cEn el INDER estamos muy contentos con la representaci\u00f3n de nuestros deportistas, en los juegos, unos j\u00f3venes dedicados a entrenar con esfuerzo y dedicaci\u00f3n para representar a Medell\u00edn. Esperamos con este paso a los departamentales podamos representar el Distrito de la mejor manera, con talento, dedicaci\u00f3n y esfuerzo\u201d<\/span><\/i><span style=\"font-weight: 400;\">, dijo Cristian S\u00e1nchez, director del INDER.<\/span><\/p>\n<p><span style=\"font-weight: 400;\">Los j\u00f3venes deportistas representaron a Medell\u00edn en 12 categor\u00edas, como ajedrez, atletismo, tenis de mesa, BMX, patinaje, nataci\u00f3n, levantamiento de pesas, baloncesto, voleibol, f\u00fatbol, f\u00fatbol sala y f\u00fatbol de sal\u00f3n, dejando en alto el nombre del Distrito y logrando clasificar a los departamentales en 11 de ellas. Cabe resaltar que este a\u00f1o, la delegaci\u00f3n de Medell\u00edn, logr\u00f3 clasificar a los departamentales escolares, con 2 deportes de conjunto m\u00e1s que el a\u00f1o pasado.<\/span><\/p>\n<div id=\"attachment_206522\" style=\"width: 1034px\" class=\"wp-caption alignnone\"><a href=\"https:\/\/www.medellin.gov.co\/es\/wp-content\/uploads\/2023\/06\/intercolegiados-1.jpg\"><img aria-describedby=\"caption-attachment-206522\" loading=\"lazy\" class=\"size-full wp-image-206522\" src=\"https:\/\/www.medellin.gov.co\/es\/wp-content\/uploads\/2023\/06\/intercolegiados-1.jpg\" alt=\"Festivales deportivos escolares\" width=\"1024\" height=\"677\" srcset=\"https:\/\/www.medellin.gov.co\/es\/wp-content\/uploads\/2023\/06\/intercolegiados-1.jpg 1024w, https:\/\/www.medellin.gov.co\/es\/wp-content\/uploads\/2023\/06\/intercolegiados-1-300x198.jpg 300w, https:\/\/www.medellin.gov.co\/es\/wp-content\/uploads\/2023\/06\/intercolegiados-1-150x99.jpg 150w, https:\/\/www.medellin.gov.co\/es\/wp-content\/uploads\/2023\/06\/intercolegiados-1-768x508.jpg 768w\" sizes=\"(max-width: 1024px) 100vw, 1024px\" \/><\/a><p id=\"caption-attachment-206522\" class=\"wp-caption-text\">Festivales deportivos escolares departamentales &#8211; Foto: Alcald\u00eda de Medell\u00edn<\/p><\/div>\n<p><span style=\"font-weight: 400;\">Adicionalmente tendremos participaci\u00f3n en los departamentales con una clasificaci\u00f3n de forma directa con las modalidades de b\u00e9isbol, karate, taekwondo, lucha, judo, b\u00e1dminton, tenis de campo y tiro con arco y\u00a0 gimnasia.<\/span><\/p>\n<p><i><span style=\"font-weight: 400;\">\u201cPara m\u00ed representar a Medell\u00edn en los intercolegiados se siente muy bien porque uno ya sabe que est\u00e1 representado algo que le gusta, un deporte que ya sabe y conoce y ser la cara de la ciudad es algo muy genial. Luego de los departamentales vienen m\u00e1s competencias, pero yo quiero ser una nadadora profesional y llegar a unos ol\u00edmpicos\u201d, <\/span><\/i><span style=\"font-weight: 400;\">dijo Laura Sof\u00eda Rengifo Balb\u00edn, deportista INDER.<\/span><\/p>\n<p><span style=\"font-weight: 400;\">Hasta la fecha los INDERescolares han atendido 1.871 ni\u00f1os que han participado en diferentes competencias que se realizan en el marco de los Juegos del Sector Educativo del INDER Medell\u00edn.<\/span><\/p>\n","protected":false},"excerpt":{"rendered":"<p>En 11 disciplinas deportivas, los j\u00f3venes deportistas obtuvieron su clasificaci\u00f3n al departamental. Los deportistas hacen parte del proceso de acompa\u00f1amiento que realiza la Alcald\u00eda de Medell\u00edn a trav\u00e9s del INDER. El festival departamental se realizar\u00e1 &#8230;<\/p>\n","protected":false},"author":4,"featured_media":206524,"comment_status":"open","ping_status":"open","sticky":false,"template":"","format":"standard","meta":[],"categories":[17],"tags":[634,428],"formato_nota":[],"programas_tax":[],"acf":[],"_links":{"self":[{"href":"https:\/\/www.medellin.gov.co\/es\/wp-json\/wp\/v2\/posts\/206518"}],"collection":[{"href":"https:\/\/www.medellin.gov.co\/es\/wp-json\/wp\/v2\/posts"}],"about":[{"href":"https:\/\/www.medellin.gov.co\/es\/wp-json\/wp\/v2\/types\/post"}],"author":[{"embeddable":true,"href":"https:\/\/www.medellin.gov.co\/es\/wp-json\/wp\/v2\/users\/4"}],"replies":[{"embeddable":true,"href":"https:\/\/www.medellin.gov.co\/es\/wp-json\/wp\/v2\/comments?post=206518"}],"version-history":[{"count":1,"href":"https:\/\/www.medellin.gov.co\/es\/wp-json\/wp\/v2\/posts\/206518\/revisions"}],"predecessor-version":[{"id":206526,"href":"https:\/\/www.medellin.gov.co\/es\/wp-json\/wp\/v2\/posts\/206518\/revisions\/206526"}],"wp:featuredmedia":[{"embeddable":true,"href":"https:\/\/www.medellin.gov.co\/es\/wp-json\/wp\/v2\/media\/206524"}],"wp:attachment":[{"href":"https:\/\/www.medellin.gov.co\/es\/wp-json\/wp\/v2\/media?parent=206518"}],"wp:term":[{"taxonomy":"category","embeddable":true,"href":"https:\/\/www.medellin.gov.co\/es\/wp-json\/wp\/v2\/categories?post=206518"},{"taxonomy":"post_tag","embeddable":true,"href":"https:\/\/www.medellin.gov.co\/es\/wp-json\/wp\/v2\/tags?post=206518"},{"taxonomy":"formato_nota","embeddable":true,"href":"https:\/\/www.medellin.gov.co\/es\/wp-json\/wp\/v2\/formato_nota?post=206518"},{"taxonomy":"programas_tax","embeddable":true,"href":"https:\/\/www.medellin.gov.co\/es\/wp-json\/wp\/v2\/programas_tax?post=206518"}],"curies":[{"name":"wp","href":"https:\/\/api.w.org\/{rel}","templated":true}]}}